{"id":46350,"date":"2023-07-20T15:57:03","date_gmt":"2023-07-20T18:57:03","guid":{"rendered":"https:\/\/cbr.org.br\/?p=46350"},"modified":"2023-07-20T15:57:04","modified_gmt":"2023-07-20T18:57:04","slug":"o-curso-cbr-esor-chega-a-10-edicao-conheca-a-historia","status":"publish","type":"post","link":"https:\/\/cbr.org.br\/es\/o-curso-cbr-esor-chega-a-10-edicao-conheca-a-historia\/","title":{"rendered":"El Curso CBR-ESOR llega a su 10\u00b0 edici\u00f3n, conoce la historia"},"content":{"rendered":"<p>El curso tradicional CBR-ESOR Asklepios llega a su d\u00e9cima edici\u00f3n. Este a\u00f1o el curso tendr\u00e1 como foco la Radiolog\u00eda Tor\u00e1cica y tendr\u00e1 lugar los d\u00edas 24 y 26 de agosto, en las ciudades de Belo Horizonte (MG) y Salvador (BA), respectivamente. Cabe mencionar que esta ser\u00e1 la reanudaci\u00f3n de clases en Brasil, luego de un par\u00f3n de tres a\u00f1os por la pandemia del Covid-19.<\/p>\n\n\n\n<p><strong>C\u00f3mo surgi\u00f3 el Curso CBR ESOR<\/strong><\/p>\n\n\n\n<p>El Curso CBR ESOR surgi\u00f3 de una reuni\u00f3n durante la reuni\u00f3n ESGAR, en Dresden-Alemania, en 2009. Los Dres. Nicol\u00e1s Gourtsoyiannis, Celso Matos y Dr. Luciana Costa (Directora Cient\u00edfica del Colegio Brasile\u00f1o de Radiolog\u00eda e Im\u00e1genes de Diagn\u00f3stico 2021-2022) y coordinadora del curso de 2011 a 2017. Seg\u00fan el Dr. Luciana Costa, miembro del comit\u00e9 organizador del curso: &quot;Fue en esta reuni\u00f3n que Brasil fue invitado a ser sede del curso ESOR&quot;.<\/p>\n\n\n\n<figure class=\"wp-block-image size-full\"><img fetchpriority=\"high\" decoding=\"async\" width=\"300\" height=\"300\" src=\"https:\/\/cbr.org.br\/wp-content\/uploads\/2023\/07\/3614.png\" alt=\"\" class=\"wp-image-46351\" srcset=\"https:\/\/cbr.org.br\/wp-content\/uploads\/2023\/07\/3614.png 300w, https:\/\/cbr.org.br\/wp-content\/uploads\/2023\/07\/3614-254x254.png 254w, https:\/\/cbr.org.br\/wp-content\/uploads\/2023\/07\/3614-12x12.png 12w\" sizes=\"(max-width: 300px) 100vw, 300px\" \/><figcaption class=\"wp-element-caption\">Subt\u00edtulo: Dra. Luciana Costa (miembro del comit\u00e9 organizador del curso 2023 y coordinadora del curso de 2011 a 2017)<br>Cr\u00e9dito: CBR<\/figcaption><\/figure>\n\n\n\n<p>La primera edici\u00f3n del curso tuvo lugar en 2011 en las ciudades de R\u00edo de Janeiro (RJ) y Belo Horizonte (MG), y tuvo como tema: &#039;Imagen Abdominal Avanzada&#039;. Dr. Luciana Costa cuenta sobre el objetivo del curso en ese momento: \u201cLa ESR (Sociedad Europea de Radiolog\u00eda) ten\u00eda como objetivo en ese momento, llevar educaci\u00f3n de calidad a diferentes pa\u00edses del mundo\u201d.<\/p>\n\n\n\n<p><strong>Ver todos los temas del curso CBR-ESOR:<\/strong><\/p>\n\n\n\n<p>\u2022 Im\u00e1genes Abdominales Avanzadas (2011);<br>\u2022 Imagen Oncol\u00f3gica Abdominal (2012);<br>\u2022 Imagen Oncol\u00f3gica Avanzada (2013 y 2016);<br>\u2022 M\u00e9todos Avanzados en Imagen Abdominal (2014);<br>\u2022 M\u00e9todos Avanzados de Neuroimagen (2015);<br>\u2022 Emergencias Radiol\u00f3gicas (2017);<br>\u2022 Oncolog\u00eda Abdominal (2018);<br>\u2022 Neurorradiolog\u00eda (2019).<\/p>\n\n\n\n<p><strong>Curiosidades&nbsp;<\/strong><\/p>\n\n\n\n<p>El curso siempre tiene dos ediciones en diferentes ciudades para llegar a m\u00e1s regiones del pa\u00eds, y siempre se realiza en el mes de agosto. Fue uno de los pioneros en implementar la discusi\u00f3n de casos entre alumnos y profesores, lo que supuso un gran diferencial en las clases.<\/p>\n\n\n\n<p><strong>Consulta las ciudades que ya han recibido el curso:<\/strong><\/p>\n\n\n\n<ul class=\"wp-block-list\">\n<li>Bras\u00edlia DF);<\/li>\n\n\n\n<li>Belo Horizonte (MG);<\/li>\n\n\n\n<li>Campi\u00f1as, sp);<\/li>\n\n\n\n<li>Curitiba (PR);<\/li>\n\n\n\n<li>Porto Alegre (RS);<\/li>\n\n\n\n<li>Recife PE);<\/li>\n\n\n\n<li>R\u00edo de Janeiro - RJ);<\/li>\n\n\n\n<li>Salvador BA);<\/li>\n\n\n\n<li>S\u00e3o Paulo-SP).<\/li>\n<\/ul>\n\n\n\n<p>El curso internacional realizado en Brasil tiene mucha tradici\u00f3n, siendo extremadamente relevante para los radi\u00f3logos brasile\u00f1os. Dr. Luciana Costa habla sobre el tema: \u201cSon clases impartidas por <em>expertos<\/em> Brasile\u00f1os y extranjeros, y proponen tener una parte pr\u00e1ctica de discusi\u00f3n de casos. La mayor relevancia es que el estudiante est\u00e9 frente a profesores experimentados y pueda discutir en grupos selectos junto a estos referentes internacionales\u201d.<\/p>\n\n\n\n<p><strong>\u201cCBR ESOR Asklepios Chest Course 2023 \u2013 Radiolog\u00eda Tor\u00e1cica\u201d<\/strong><\/p>\n\n\n\n<p>La edici\u00f3n de este a\u00f1o marca el regreso del curso despu\u00e9s de tres a\u00f1os sin actividades en nuestro pa\u00eds, adem\u00e1s de ser el 10\u00ba curso de esta alianza entre CBR y ESOR. el medico Ronaldo Baroni, director cient\u00edfico de CBR y miembro del comit\u00e9 organizador del curso, destaca la importancia de volver a las clases presenciales: &quot;Tenemos grandes expectativas para este curso CBR-ESOR 2023, ser\u00e1 el primer curso pospandemia y como es habitual en el formato presencial. Adem\u00e1s de la calidad del curso, ser\u00e1 una oportunidad de intercambio de experiencias entre profesores de Brasil y del exterior, y congresistas de ambas ciudades (Belo Horizonte-MG y Salvador-BA)\u201d.<\/p>\n\n\n\n<figure class=\"wp-block-image size-full\"><img decoding=\"async\" width=\"300\" height=\"300\" src=\"https:\/\/cbr.org.br\/wp-content\/uploads\/2023\/07\/dr-baroni-1.png\" alt=\"\" class=\"wp-image-46352\" srcset=\"https:\/\/cbr.org.br\/wp-content\/uploads\/2023\/07\/dr-baroni-1.png 300w, https:\/\/cbr.org.br\/wp-content\/uploads\/2023\/07\/dr-baroni-1-254x254.png 254w, https:\/\/cbr.org.br\/wp-content\/uploads\/2023\/07\/dr-baroni-1-12x12.png 12w\" sizes=\"(max-width: 300px) 100vw, 300px\" \/><figcaption class=\"wp-element-caption\">Subt\u00edtulo: Dra. Ronaldo Baroni (Director Cient\u00edfico de CBR)<br>Cr\u00e9dito: CBR<\/figcaption><\/figure>\n\n\n\n<p><a href=\"https:\/\/cbr.org.br\/es\/segunda-edicao-da-prova-de-titulo-de-especialista-2023-acontecera-no-rio-de-janeiro\/\" target=\"_blank\" rel=\"noreferrer noopener\"><strong>+Leer m\u00e1s: Segunda edici\u00f3n de la Prueba de T\u00edtulo de Especialista 2023 tendr\u00e1 lugar en<\/strong><\/a><a href=\"https:\/\/cbr.org.br\/es\/segunda-edicao-da-prova-de-titulo-de-especialista-2023-acontecera-no-rio-de-janeiro\/\" target=\"_blank\" rel=\"noreferrer noopener nofollow\"><strong> Rio de Janeiro<\/strong><\/a><\/p>\n\n\n\n<p>Desde sus inicios, el curso se ha centrado en contenidos de calidad, y esta edici\u00f3n no ser\u00e1 diferente, seg\u00fan explica el Dr. Baroni: \u201cLos estudiantes pueden esperar contenidos muy actualizados, en l\u00ednea con las \u00faltimas publicaciones de radiolog\u00eda de t\u00f3rax, y temas variados e importantes tanto para el p\u00fablico de especialistas en radiolog\u00eda de t\u00f3rax como para radi\u00f3logos generalistas\u201d. Y completa la explicaci\u00f3n sobre el desarrollo de la programaci\u00f3n del curso: \u201cEste contenido fue dise\u00f1ado en conjunto por el Colegio Brasile\u00f1o de Radiolog\u00eda y Diagn\u00f3stico por Imagen (CBR) y la Escuela Europea de Radiolog\u00eda (ESOR), para que sea integral y al mismo tiempo tiempo alineado a las \u00faltimas publicaciones en las \u00e1reas tem\u00e1ticas escogidas para este evento\u201d. Cabe mencionar que el curso se replicar\u00e1 de manera id\u00e9ntica en ambas ciudades.<\/p>\n\n\n\n<p>Dr. Luciana Costa tambi\u00e9n habla de la reanudaci\u00f3n y calidad de esta edici\u00f3n: \u201cLos alumnos pueden esperar esta reanudaci\u00f3n de ESOR, un curso de alto nivel, con profesores muy reconocidos en el \u00e1rea pectoral. El doctor tambi\u00e9n refuerza: \u201cNo son solo clases impartidas por especialistas, el punto principal se llama interacci\u00f3n, donde hay una parte te\u00f3rica asociada a una parte pr\u00e1ctica interactiva de discusi\u00f3n de casos cl\u00ednico-radiol\u00f3gicos\u201d.<\/p>\n\n\n\n<p><strong>Mantente al tanto de las redes sociales de CBR, s\u00edguenos en\u00a0<\/strong><a href=\"https:\/\/www.instagram.com\/cbr_radiologia\/\" target=\"_blank\" rel=\"noreferrer noopener\">Instagram\u00a0<\/a><strong>,\u00a0<\/strong><a href=\"https:\/\/www.facebook.com\/CBRadiologia\/?locale=pt_BR\" target=\"_blank\" rel=\"noreferrer noopener\">Facebook<\/a><strong>\u00a0Es\u00a0<\/strong><a href=\"https:\/\/br.linkedin.com\/company\/colegiobrasileiroderadiologiaediagn%C3%B3sticoporimagem\" target=\"_blank\" rel=\"noreferrer noopener\">LinkedIn<\/a><\/p>\n\n\n\n<p>Esta interacci\u00f3n entre congresistas y radi\u00f3logos europeos es de suma importancia, y el Dr. Baroni tambi\u00e9n habla de esto: \u201cEste es un evento que trae la experiencia de varios colegas de Europa, de diferentes pa\u00edses europeos, junto con renombrados radi\u00f3logos brasile\u00f1os. Por lo que la importancia de este curso es que el radi\u00f3logo sea capaz de obtener, en tan solo un d\u00eda de clase, contenidos te\u00f3ricos a la vez que actualizados, pero con gran \u00e9nfasis en la discusi\u00f3n de casos.&nbsp;<\/p>\n\n\n\n<p>Tenga en cuenta que los espacios son limitados, <a href=\"https:\/\/cbr.entity.itarget.com.br\/offers-unique\/144  [[[BOT\u00c3O CTA]]]\" target=\"_blank\" rel=\"noreferrer noopener\">\u00a1Suscr\u00edbase ahora!<\/a><\/p>\n\n\n\n<p><\/p>","protected":false},"excerpt":{"rendered":"<p>El curso tradicional CBR-ESOR Asklepios llega a su d\u00e9cima edici\u00f3n. Este a\u00f1o el curso tendr\u00e1 como foco la Radiolog\u00eda Tor\u00e1cica y tendr\u00e1 lugar los d\u00edas 24 y 26 de agosto, en las ciudades de Belo Horizonte (MG) y Salvador (BA), respectivamente. Cabe se\u00f1alar que as\u00ed ser\u00e1 la reanudaci\u00f3n de clases en Brasil, luego de tres a\u00f1os de par\u00f3n... <a href=\"https:\/\/cbr.org.br\/es\/o-curso-cbr-esor-chega-a-10-edicao-conheca-a-historia\/\">Sigue leyendo<\/a><\/p>","protected":false},"author":24,"featured_media":46204,"comment_status":"closed","ping_status":"closed","sticky":false,"template":"","format":"standard","meta":{"_acf_changed":false,"footnotes":""},"categories":[30],"tags":[50,43,596,67,346,138,96],"class_list":["post-46350","post","type-post","status-publish","format-standard","has-post-thumbnail","hentry","category-cursos-educa-cbr","tag-cbr","tag-colegio-brasileiro-de-radiologia-e-diagnostico-por-imagem","tag-cursoesor","tag-esor","tag-internacional","tag-parcerias-internacionais","tag-radiologia"],"acf":[],"_links":{"self":[{"href":"https:\/\/cbr.org.br\/es\/wp-json\/wp\/v2\/posts\/46350","targetHints":{"allow":["GET"]}}],"collection":[{"href":"https:\/\/cbr.org.br\/es\/wp-json\/wp\/v2\/posts"}],"about":[{"href":"https:\/\/cbr.org.br\/es\/wp-json\/wp\/v2\/types\/post"}],"author":[{"embeddable":true,"href":"https:\/\/cbr.org.br\/es\/wp-json\/wp\/v2\/users\/24"}],"replies":[{"embeddable":true,"href":"https:\/\/cbr.org.br\/es\/wp-json\/wp\/v2\/comments?post=46350"}],"version-history":[{"count":3,"href":"https:\/\/cbr.org.br\/es\/wp-json\/wp\/v2\/posts\/46350\/revisions"}],"predecessor-version":[{"id":46355,"href":"https:\/\/cbr.org.br\/es\/wp-json\/wp\/v2\/posts\/46350\/revisions\/46355"}],"wp:featuredmedia":[{"embeddable":true,"href":"https:\/\/cbr.org.br\/es\/wp-json\/wp\/v2\/media\/46204"}],"wp:attachment":[{"href":"https:\/\/cbr.org.br\/es\/wp-json\/wp\/v2\/media?parent=46350"}],"wp:term":[{"taxonomy":"category","embeddable":true,"href":"https:\/\/cbr.org.br\/es\/wp-json\/wp\/v2\/categories?post=46350"},{"taxonomy":"post_tag","embeddable":true,"href":"https:\/\/cbr.org.br\/es\/wp-json\/wp\/v2\/tags?post=46350"}],"curies":[{"name":"wp","href":"https:\/\/api.w.org\/{rel}","templated":true}]}}