{"id":46553,"date":"2023-08-08T17:33:57","date_gmt":"2023-08-08T20:33:57","guid":{"rendered":"https:\/\/cbr.org.br\/?p=46553"},"modified":"2023-08-08T17:33:57","modified_gmt":"2023-08-08T20:33:57","slug":"cbr-participa-da-xxv-jornada-pernambucana-de-radiologia","status":"publish","type":"post","link":"https:\/\/cbr.org.br\/es\/cbr-participa-da-xxv-jornada-pernambucana-de-radiologia\/","title":{"rendered":"CBR participa en el XXV Congreso de Radiolog\u00eda de Pernambucana"},"content":{"rendered":"<p>Representantes del Colegio Brasile\u00f1o de Radiolog\u00eda y Diagn\u00f3stico por Im\u00e1genes (CBR) estuvieron presentes en la XXV Conferencia de Radiolog\u00eda de Pernambucana (JPER2023), que se llev\u00f3 a cabo entre el 3 y el 5 de agosto. Dr. Cibele Carvalho (presidenta de CBR) y el Dr. Ronaldo Baroni (Director Cient\u00edfico del CBR) estuvo presente durante el evento principal de la Sociedad de Radiolog\u00eda de Pernambuco (SRPE), entidad afiliada al Colegio.<\/p>\n\n\n\n<figure class=\"wp-block-image size-large is-resized\"><img fetchpriority=\"high\" decoding=\"async\" src=\"https:\/\/cbr.org.br\/wp-content\/uploads\/2023\/08\/FT1-1-810x1080.jpeg\" alt=\"\" class=\"wp-image-46555\" width=\"359\" height=\"478\" srcset=\"https:\/\/cbr.org.br\/wp-content\/uploads\/2023\/08\/FT1-1-810x1080.jpeg 810w, https:\/\/cbr.org.br\/wp-content\/uploads\/2023\/08\/FT1-1-405x540.jpeg 405w, https:\/\/cbr.org.br\/wp-content\/uploads\/2023\/08\/FT1-1-191x254.jpeg 191w, https:\/\/cbr.org.br\/wp-content\/uploads\/2023\/08\/FT1-1-768x1024.jpeg 768w, https:\/\/cbr.org.br\/wp-content\/uploads\/2023\/08\/FT1-1-1152x1536.jpeg 1152w, https:\/\/cbr.org.br\/wp-content\/uploads\/2023\/08\/FT1-1-9x12.jpeg 9w, https:\/\/cbr.org.br\/wp-content\/uploads\/2023\/08\/FT1-1.jpeg 1200w\" sizes=\"(max-width: 359px) 100vw, 359px\" \/><figcaption class=\"wp-element-caption\">Leyenda: De izquierda a derecha \u2013 Dr. Marcos Miranda (Presidente de SRPE); Dr. Ronaldo Baroni (Director Cient\u00edfico de CBR); Dra. Cibele Carvalho (Presidenta de la CBR); y Dra. Ana Rita Carvalho (Directora Cient\u00edfica de SRPE)<br>Cr\u00e9dito: CBR<\/figcaption><\/figure>\n\n\n\n<p><a href=\"https:\/\/cbr.org.br\/es\/confira-a-programacao-cientifica-e-as-principais-atividades-do-cbr-23\/\" target=\"_blank\" rel=\"noreferrer noopener\"><strong>Leer m\u00e1s: Consulta el programa cient\u00edfico y principales actividades de CBR 23<\/strong><\/a><\/p>\n\n\n\n<p>El CBR tambi\u00e9n estuvo presente con un stand, donde el congresista pudo registrarse para el CBR23, II Simposio sobre Calidad y Gesti\u00f3n de Cl\u00ednicas \u2013 SQG23, CBR ESOR Asklepios Chest Course 2023, pagar la anualidad, inscribirse en cursos gratuitos en el Colegio, responder preguntas y brindar orientaci\u00f3n sobre temas relevantes para la radiolog\u00eda.<\/p>\n\n\n\n<p>Felicitaciones SRPE por el hermoso evento!<\/p>\n\n\n\n<p><strong>Mantente al tanto de las redes sociales de CBR, s\u00edguenos en\u00a0<a href=\"https:\/\/www.instagram.com\/cbr_radiologia\/\" target=\"_blank\" rel=\"noreferrer noopener\">Instagram\u00a0<\/a>,\u00a0<a href=\"https:\/\/www.facebook.com\/CBRadiologia\/?locale=pt_BR\" target=\"_blank\" rel=\"noreferrer noopener\">Facebook<\/a>\u00a0Es\u00a0<a href=\"https:\/\/br.linkedin.com\/company\/colegiobrasileiroderadiologiaediagn%C3%B3sticoporimagem\" target=\"_blank\" rel=\"noreferrer noopener\">LinkedIn<\/a>\u00a0<\/strong><\/p>","protected":false},"excerpt":{"rendered":"<p>Representantes del Colegio Brasile\u00f1o de Radiolog\u00eda y Diagn\u00f3stico por Im\u00e1genes (CBR) estuvieron presentes en la XXV Conferencia de Radiolog\u00eda de Pernambucana (JPER2023), que se llev\u00f3 a cabo entre el 3 y el 5 de agosto. La Dra. Cibele Carvalho (Presidenta de CBR) y el Dr. Ronaldo Baroni (Director Cient\u00edfico de CBR) estuvieron presentes durante el evento principal de la Sociedad de \u2026 <a href=\"https:\/\/cbr.org.br\/es\/cbr-participa-da-xxv-jornada-pernambucana-de-radiologia\/\">Sigue leyendo<\/a><\/p>","protected":false},"author":24,"featured_media":46554,"comment_status":"closed","ping_status":"closed","sticky":false,"template":"","format":"standard","meta":{"_acf_changed":false,"footnotes":""},"categories":[10],"tags":[50,410,201,96,66],"class_list":["post-46553","post","type-post","status-publish","format-standard","has-post-thumbnail","hentry","category-institucional","tag-cbr","tag-jornada-pernambucana","tag-presidente","tag-radiologia","tag-radiologista"],"acf":[],"_links":{"self":[{"href":"https:\/\/cbr.org.br\/es\/wp-json\/wp\/v2\/posts\/46553","targetHints":{"allow":["GET"]}}],"collection":[{"href":"https:\/\/cbr.org.br\/es\/wp-json\/wp\/v2\/posts"}],"about":[{"href":"https:\/\/cbr.org.br\/es\/wp-json\/wp\/v2\/types\/post"}],"author":[{"embeddable":true,"href":"https:\/\/cbr.org.br\/es\/wp-json\/wp\/v2\/users\/24"}],"replies":[{"embeddable":true,"href":"https:\/\/cbr.org.br\/es\/wp-json\/wp\/v2\/comments?post=46553"}],"version-history":[{"count":1,"href":"https:\/\/cbr.org.br\/es\/wp-json\/wp\/v2\/posts\/46553\/revisions"}],"predecessor-version":[{"id":46556,"href":"https:\/\/cbr.org.br\/es\/wp-json\/wp\/v2\/posts\/46553\/revisions\/46556"}],"wp:featuredmedia":[{"embeddable":true,"href":"https:\/\/cbr.org.br\/es\/wp-json\/wp\/v2\/media\/46554"}],"wp:attachment":[{"href":"https:\/\/cbr.org.br\/es\/wp-json\/wp\/v2\/media?parent=46553"}],"wp:term":[{"taxonomy":"category","embeddable":true,"href":"https:\/\/cbr.org.br\/es\/wp-json\/wp\/v2\/categories?post=46553"},{"taxonomy":"post_tag","embeddable":true,"href":"https:\/\/cbr.org.br\/es\/wp-json\/wp\/v2\/tags?post=46553"}],"curies":[{"name":"wp","href":"https:\/\/api.w.org\/{rel}","templated":true}]}}