{"id":46837,"date":"2023-08-24T17:41:37","date_gmt":"2023-08-24T20:41:37","guid":{"rendered":"https:\/\/cbr.org.br\/?p=46837"},"modified":"2023-08-24T17:41:38","modified_gmt":"2023-08-24T20:41:38","slug":"confira-os-temas-e-as-palestras-das-arenas-do-cbr23","status":"publish","type":"post","link":"https:\/\/cbr.org.br\/es\/confira-os-temas-e-as-palestras-das-arenas-do-cbr23\/","title":{"rendered":"Consulta los temas y conferencias de las CBR23 Arenas"},"content":{"rendered":"<p>El 52\u00ba Congreso Brasile\u00f1o de Radiolog\u00eda y Diagn\u00f3stico por Im\u00e1genes (CBR23) contar\u00e1 con un rico programa cient\u00edfico y la presencia de varios especialistas internacionales en diversas subespecialidades. CBR 23 tendr\u00e1 lugar del 12 al 14 de octubre, en el Windsor Oce\u00e2nico, ubicado en Barra da Tijuca (RJ).&nbsp;<\/p>\n\n\n\n<p>En total, nuestro Congreso contar\u00e1 con cuatro modernas Arenas, consulta las tem\u00e1ticas, conferencias y cronograma de cada una de ellas:&nbsp;<\/p>\n\n\n\n<p><strong>Cultura y Humanidad<\/strong><\/p>\n\n\n\n<p>El Arena de Cultura y Humanidades ser\u00e1 un espacio abierto para el intercambio de experiencias sobre temas amplios y de creciente inter\u00e9s para la comunidad radiol\u00f3gica, que trascienden los aspectos t\u00e9cnicos y cient\u00edficos de la especialidad y pretenden complementar la formaci\u00f3n y el desempe\u00f1o profesional. El primer d\u00eda (12 de octubre), las actividades comenzar\u00e1n a las 10h y finalizar\u00e1n a las 16h30 (hora de Brasilia). A lo largo de la jornada tendremos dos conferencias, la primera con el tema \u201cMujeres l\u00edderes: desaf\u00edos y caminos\u201d, a las 12:30 horas y la segunda a las 15:30 horas, sobre \u201c<em>Equilibrio vida-trabajo<\/em>: cultivar el equilibrio emocional\u201d.\u00a0<\/p>\n\n\n\n<p>El 13 de agosto, la arena estar\u00e1 disponible para los congresistas de 10 am a 8 pm. Por la ma\u00f1ana, a las 10 horas, tendremos una conferencia sobre &#039;Marca Personal: \u00bfqu\u00e9 es y c\u00f3mo construir la tuya?&#039;. Ya por la tarde tendremos como tema&#039;<em>consciencia<\/em>: el aporte de la meditaci\u00f3n en la regulaci\u00f3n emocional&#039;, a partir de las 12:30 horas. Tras las exposiciones, se realizar\u00e1 una &#039;presentaci\u00f3n de trabajos sobre Salud y Calidad de Vida en Radiolog\u00eda&#039;. Est\u00e1 prevista otra conferencia sobre &#039;H\u00e1bitos sostenibles que ayudan al planeta y a la econom\u00eda de tu cl\u00ednica&#039;, que tendr\u00e1 lugar a las 15.30 horas.<\/p>\n\n\n\n<p>El \u00faltimo d\u00eda (14 de octubre), la arena estar\u00e1 disponible de 10 a 16:30 horas, y &#039;Historias y c\u00edrculos de samba&#039; est\u00e1 previsto para las 16:30 horas. Sin embargo, la arena estar\u00e1 disponible durante todo el d\u00eda.\u00a0<\/p>\n\n\n\n<p><a href=\"https:\/\/cbr.org.br\/es\/confira-os-temas-as-aulas-dos-cursos-intensivos-do-cbr23\/\"><strong>+Leer m\u00e1s: Consulta las tem\u00e1ticas y clases de los Cursos Intensivos CBR23<\/strong><\/a><\/p>\n\n\n\n<p><strong>Innovaci\u00f3n<\/strong><\/p>\n\n\n\n<p>El Innovation Arena ser\u00e1 un espacio dedicado al debate amplio y multidisciplinar, yendo m\u00e1s all\u00e1 de los conceptos tradicionales de tecnolog\u00eda e inteligencia artificial. Un entorno abierto a oportunidades de inversi\u00f3n, personalidades inspiradoras, emprendimiento y cursos intensivos complementarios. Durante el 12 de octubre, el \u00e1mbito de innovaci\u00f3n contar\u00e1 con las siguientes actividades: Curso intensivo de IA aplicada a Radiolog\u00eda: de b\u00e1sico a avanzado (de 8 a 12 horas); Radiolog\u00eda 4.0: diagn\u00f3stico por la imagen en 2030 y 2050 (tres sesiones: 15.30, 15.50 y 16.10 horas).\u00a0<\/p>\n\n\n\n<p>Al d\u00eda siguiente (13 de octubre), tendremos, por la ma\u00f1ana, tres sesiones de la conferencia &#039;La innovaci\u00f3n en diferentes industrias y lo que podemos aprender de ellas&#039;, que tendr\u00e1 lugar entre las 12:00 y las 13:00 horas. A las 12:15 horas tendremos el &#039;Momento <em>Paso&#039;<\/em> y para finalizar la jornada, tendremos una exposici\u00f3n sobre &#039;Personalidades Innovadoras&#039;, de 15:30 a 16:30 horas.<\/p>\n\n\n\n<p><strong>Radi\u00f3logos del futuro<\/strong><\/p>\n\n\n\n<p>Dise\u00f1ado para j\u00f3venes radi\u00f3logos, Radi\u00f3logos del Futuro Arena ser\u00e1 un espacio abierto y creativo enfocado en temas relacionados con Radiolog\u00eda en Estudios de Pregrado en Medicina, Residencia en Radiolog\u00eda y Diagn\u00f3stico por Im\u00e1genes, pr\u00e1ctica m\u00e9dica profesional en todo el mundo y otros temas emergentes para esta audiencia.<\/p>\n\n\n\n<p>El d\u00eda 12 de octubre se llevar\u00e1n a cabo dos conferencias en la Arena, la primera a las 14 horas y con el tema &#039;Carrera Internacional&#039;. M\u00e1s tarde, a las 16.15 horas, tendr\u00e1 lugar otra presentaci\u00f3n, esta vez con el tema &#039;Aprender Radiolog\u00eda en tiempos de TikTok e Instagram&#039;.&nbsp;<\/p>\n\n\n\n<p>El d\u00eda siguiente (13), tendremos seis actividades, a saber: &#039;El papel transformador de la Inteligencia Artificial (IA) en Radiolog\u00eda (8:30 horas); &#039;Mesa Redonda: Radi\u00f3logo Radi\u00f3logo&#039; (10:45 horas); &#039;Casos en los que sobresal\u00ed y otros no tanto&#039; (11:20 horas); &#039;Lo que las Redes Sociales Apuntan al Futuro&#039; (14.00 horas); &#039;<em>Junta<\/em> Multidisciplinar: S\u00edndromes y enfermedades sist\u00e9micas&#039; (14:40 horas) y &#039;Explorando el metaverso y la IA para diagn\u00f3sticos m\u00e1s precisos y eficientes (16:15 horas).\u00a0<\/p>\n\n\n\n<p><strong>Mantente al tanto de las redes sociales de CBR, s\u00edguenos en\u00a0<a href=\"https:\/\/www.instagram.com\/cbr_radiologia\/\" target=\"_blank\" rel=\"noreferrer noopener\">Instagram\u00a0<\/a>,\u00a0<a href=\"https:\/\/www.facebook.com\/CBRadiologia\/?locale=pt_BR\" target=\"_blank\" rel=\"noreferrer noopener\">Facebook<\/a>\u00a0Es\u00a0<a href=\"https:\/\/br.linkedin.com\/company\/colegiobrasileiroderadiologiaediagn%C3%B3sticoporimagem\" target=\"_blank\" rel=\"noreferrer noopener\">LinkedIn<\/a>\u00a0<\/strong><\/p>\n\n\n\n<p>El \u00faltimo d\u00eda del evento (14), tendremos dos actividades m\u00e1s en la Arena Radioologistas do Futuro, que ser\u00e1n las exposiciones sobre los temas &#039;Mercado Laboral en Radiolog\u00eda&#039; y &#039;Formaci\u00f3n del Futuro Radi\u00f3logo&#039;, que tendr\u00e1n lugar a las 8:30 am y 10:45 am, respectivamente.&nbsp;<\/p>\n\n\n\n<p><strong>Ultrasonido<\/strong><\/p>\n\n\n\n<p>La arena tendr\u00e1 actividades durante los tres d\u00edas. El primero de ellos tendr\u00e1 lugar el d\u00eda 12, a las 10 horas, una conferencia sobre &#039;EEUU del Muro Abdominal&#039;. Ya a las 15:30 tendremos una exposici\u00f3n con el tema &#039;<em>doppler<\/em> renal&#039;. Al d\u00eda siguiente, las actividades se desarrollar\u00e1n a la misma hora, a las 10 horas, y se presentar\u00e1 sobre &#039;N\u00f3dulo Tiroideo: Modo B, <em>doppler<\/em> e inteligencia artificial&#039; y a las 15.30 horas en &#039;Ugraf\u00eda de mapeo facial&#039;. El \u00faltimo d\u00eda del evento, tendremos conferencias sobre &#039;<em>doppler<\/em> h\u00edgado&#039; y &#039;Niveles de ganglios linf\u00e1ticos cervicales&#039;, a las 10:00 am y 3:30 pm, respectivamente.<\/p>\n\n\n\n<div class=\"wp-block-buttons is-layout-flex wp-block-buttons-is-layout-flex\">\n<div class=\"wp-block-button\"><a class=\"wp-block-button__link wp-element-button\" href=\"https:\/\/cbr.entity.itarget.com.br\/offers\/2716\/142\">\u00a1No te quedes fuera, reg\u00edstrate en CBR 23!<\/a><\/div>\n<\/div>","protected":false},"excerpt":{"rendered":"<p>El 52\u00ba Congreso Brasile\u00f1o de Radiolog\u00eda y Diagn\u00f3stico por Im\u00e1genes (CBR23) contar\u00e1 con un rico programa cient\u00edfico y la presencia de varios especialistas internacionales en diversas subespecialidades. CBR 23 tendr\u00e1 lugar del 12 al 14 de octubre, en el Windsor Oce\u00e2nico, ubicado en Barra da Tijuca (RJ). En total, nuestro Congreso contar\u00e1 con cuatro Arenas modernas, consulte el... <a href=\"https:\/\/cbr.org.br\/es\/confira-os-temas-e-as-palestras-das-arenas-do-cbr23\/\">Sigue leyendo<\/a><\/p>","protected":false},"author":24,"featured_media":46840,"comment_status":"closed","ping_status":"closed","sticky":false,"template":"","format":"standard","meta":{"_acf_changed":false,"footnotes":""},"categories":[491],"tags":[602,50,598,80,274,96,66],"class_list":["post-46837","post","type-post","status-publish","format-standard","has-post-thumbnail","hentry","category-cbr-educa","tag-arenas","tag-cbr","tag-cbr23","tag-congresso","tag-congresso-brasileiro-de-radiologia","tag-radiologia","tag-radiologista"],"acf":[],"_links":{"self":[{"href":"https:\/\/cbr.org.br\/es\/wp-json\/wp\/v2\/posts\/46837","targetHints":{"allow":["GET"]}}],"collection":[{"href":"https:\/\/cbr.org.br\/es\/wp-json\/wp\/v2\/posts"}],"about":[{"href":"https:\/\/cbr.org.br\/es\/wp-json\/wp\/v2\/types\/post"}],"author":[{"embeddable":true,"href":"https:\/\/cbr.org.br\/es\/wp-json\/wp\/v2\/users\/24"}],"replies":[{"embeddable":true,"href":"https:\/\/cbr.org.br\/es\/wp-json\/wp\/v2\/comments?post=46837"}],"version-history":[{"count":1,"href":"https:\/\/cbr.org.br\/es\/wp-json\/wp\/v2\/posts\/46837\/revisions"}],"predecessor-version":[{"id":46841,"href":"https:\/\/cbr.org.br\/es\/wp-json\/wp\/v2\/posts\/46837\/revisions\/46841"}],"wp:featuredmedia":[{"embeddable":true,"href":"https:\/\/cbr.org.br\/es\/wp-json\/wp\/v2\/media\/46840"}],"wp:attachment":[{"href":"https:\/\/cbr.org.br\/es\/wp-json\/wp\/v2\/media?parent=46837"}],"wp:term":[{"taxonomy":"category","embeddable":true,"href":"https:\/\/cbr.org.br\/es\/wp-json\/wp\/v2\/categories?post=46837"},{"taxonomy":"post_tag","embeddable":true,"href":"https:\/\/cbr.org.br\/es\/wp-json\/wp\/v2\/tags?post=46837"}],"curies":[{"name":"wp","href":"https:\/\/api.w.org\/{rel}","templated":true}]}}