{"id":46966,"date":"2023-09-13T16:53:58","date_gmt":"2023-09-13T19:53:58","guid":{"rendered":"https:\/\/cbr.org.br\/?p=46966"},"modified":"2023-09-13T16:57:59","modified_gmt":"2023-09-13T19:57:59","slug":"cbr-lanca-podcast-institucional-desenvolvido-pela-comissao-cultural","status":"publish","type":"post","link":"https:\/\/cbr.org.br\/es\/cbr-lanca-podcast-institucional-desenvolvido-pela-comissao-cultural\/","title":{"rendered":"CBR lanza podcast institucional desarrollado por la Comisi\u00f3n de Cultura\u00a0"},"content":{"rendered":"<p>El Colegio Brasile\u00f1o de Radiolog\u00eda y Diagn\u00f3stico por Im\u00e1genes (CBR) lanz\u00f3, este mi\u00e9rcoles (13), el CBR <em>podcast<\/em>. La nueva incorporaci\u00f3n al Colegio trae diversas materias adem\u00e1s de Radiolog\u00eda y Diagn\u00f3stico por Im\u00e1genes, tales como: arte, humanismo y cultura. Cada episodio cuenta con un experto y es dirigido por la Dra. Aline Guimar\u00e3es, radi\u00f3loga, gerente m\u00e9dica de DASA Educa y miembro de la comisi\u00f3n cultural de CBR.&nbsp;&nbsp;<\/p>\n\n\n\n<p>&nbsp;El proyecto pretende abordar temas y habilidades relevantes para que el radi\u00f3logo evolucione como persona y profesional, bas\u00e1ndose en el arte, el humanismo y la cultura. El primer invitado de <em>podcast<\/em> Fue el Dr. Linei Urban, Vicepresidente de la Sociedad de Radiolog\u00eda de Paran\u00e1 (SRP) y Director Cultural del CBR. Este episodio tuvo como tema \u201cRadiolog\u00eda, Humanizaci\u00f3n y Futuro\u201d.&nbsp;<\/p>\n\n\n\n<p>Durante el <em>podcast<\/em>, los doctores hablaron sobre innovaci\u00f3n y tecnolog\u00eda en el sector de la Radiolog\u00eda y el Diagn\u00f3stico por la Imagen, <em>habilidades blandas<\/em>, y sobre el cambio y adaptaci\u00f3n del radi\u00f3logo en relaci\u00f3n al paciente. La invitada de este primer episodio reforz\u00f3 mucho sobre el trabajo humanizado que deben tener los profesionales.&nbsp;<\/p>\n\n\n\n<p><strong>Mantente al tanto de las redes sociales de CBR, s\u00edguenos en&nbsp;<a href=\"https:\/\/www.instagram.com\/cbr_radiologia\/\" target=\"_blank\" rel=\"noreferrer noopener\">Instagram&nbsp;<\/a>,&nbsp;<a href=\"https:\/\/www.facebook.com\/CBRadiologia\/?locale=pt_BR\" target=\"_blank\" rel=\"noreferrer noopener\">Facebook<\/a>&nbsp;Es&nbsp;<a href=\"https:\/\/br.linkedin.com\/company\/colegiobrasileiroderadiologiaediagn%C3%B3sticoporimagem\" target=\"_blank\" rel=\"noreferrer noopener\">LinkedIn<\/a>&nbsp;<\/strong><\/p>\n\n\n\n<p>Nuestro <em>podcast<\/em> se publicar\u00e1 cada dos semanas y est\u00e1 disponible en <em>Spotify, SoundCloud y Apple<\/em> <em>P\u00f3dcasts<\/em>. El pr\u00f3ximo invitado ser\u00e1 Dante Velloni, profesor de la Universidad de Ribeir\u00e3o Preto y del Postgrado en Historia del Arte de la FAAP (Ribeir\u00e3o Preto-SP). El segundo episodio tendr\u00e1 como tema \u201cArte y Medicina\u201d.<\/p>\n\n\n\n<p><strong>Vea algunos de los discursos del Dr. Linei Urban durante el EP1:<\/strong><\/p>\n\n\n\n<p>El Dr. Linei Urban habla sobre el papel de la tecnolog\u00eda hoy en d\u00eda para los radi\u00f3logos y tambi\u00e9n hace una proyecci\u00f3n: \u201cNo tengo dudas de que la Inteligencia Artificial (IA) pronto ser\u00e1 parte de la rutina de la mayor\u00eda de los radi\u00f3logos\u201d El m\u00e9dico tambi\u00e9n habla de los impactos que La IA puede aportar a la vida diaria de nuestro sector, seg\u00fan ella: \u201cCon el uso de (IA), mejorar\u00edamos enormemente la velocidad de evaluaci\u00f3n de nuestros ex\u00e1menes. Este impacto es muy bueno para nuestros pacientes y para nosotros los m\u00e9dicos\u201d. Sin embargo, el Dr. Linei reflexiona y habla sobre el impacto negativo del uso de la tecnolog\u00eda: \u201cPor otro lado, necesitaremos menos radi\u00f3logos para hacer este trabajo, es decir, el radi\u00f3logo que s\u00f3lo describe el examen perder\u00e1 su trabajo. Ser\u00e1 quien pueda establecer la relaci\u00f3n entre el examen y el paciente, la inteligencia nunca sustituir\u00e1 eso\u201d.<\/p>\n\n\n\n<p><a href=\"https:\/\/cbr.org.br\/es\/curso-cbr-esor-asklepios-chest-2023-acontece-em-belo-horizonte-mg-e-salvador-ba-e-e-sucesso-total\/\"><strong>+Leer m\u00e1s: \u00a1El curso CBR ESOR Asklepios Chest 2023 se realiza en Belo Horizonte (MG) y Salvador (BA) y es un completo \u00e9xito!<\/strong><\/a><\/p>\n\n\n\n<p>Acerca de <em>habilidades blandas un <\/em>La doctora Linei dice que, a su juicio, existen tres habilidades fundamentales: \u201cLa primera es saber comunicarse con los pacientes, con otros m\u00e9dicos. Esta es quiz\u00e1s la habilidad m\u00e1s importante de todas. La segunda habilidad, la empat\u00eda y la compasi\u00f3n, es muy importante en el caso de un m\u00e9dico. En tercer lugar, la adaptabilidad. Necesitamos esto en nuestras vidas en su conjunto, pero para nosotros, los radi\u00f3logos, la IA cambiar\u00e1 por completo la forma en que trabajamos y tenemos que hacer de esto una oportunidad para llevar una mejor radiolog\u00eda a todos\u201d.<\/p>\n\n\n\n<div class=\"wp-block-buttons is-layout-flex wp-block-buttons-is-layout-flex\">\n<div class=\"wp-block-button\"><a class=\"wp-block-button__link wp-element-button\" href=\"https:\/\/podcasters.spotify.com\/pod\/show\/cbr3\/episodes\/Episdio-1---Radiologia--Humanizao-e-Futuro-e2984rl\">\u00a1Escuche el podcast de CBR ahora!<\/a><\/div>\n<\/div>","protected":false},"excerpt":{"rendered":"<p>La Facultad Brasile\u00f1a de Radiolog\u00eda y Diagn\u00f3stico por Im\u00e1genes (CBR) lanz\u00f3, este mi\u00e9rcoles (13), el podcast CBR. La nueva incorporaci\u00f3n al Colegio trae diversas materias adem\u00e1s de Radiolog\u00eda y Diagn\u00f3stico por Im\u00e1genes, tales como: arte, humanismo y cultura. Cada episodio cuenta con un experto y est\u00e1 dirigido por la Dra. Aline Guimar\u00e3es, radi\u00f3loga, gerente m\u00e9dica\u2026 <a href=\"https:\/\/cbr.org.br\/es\/cbr-lanca-podcast-institucional-desenvolvido-pela-comissao-cultural\/\">Sigue leyendo<\/a><\/p>","protected":false},"author":24,"featured_media":46967,"comment_status":"closed","ping_status":"closed","sticky":false,"template":"","format":"standard","meta":{"_acf_changed":false,"footnotes":""},"categories":[10],"tags":[50,111,65,603,96,66],"class_list":["post-46966","post","type-post","status-publish","format-standard","has-post-thumbnail","hentry","category-institucional","tag-cbr","tag-diagnostico-por-imagem","tag-medico","tag-podcast-cbr","tag-radiologia","tag-radiologista"],"acf":[],"_links":{"self":[{"href":"https:\/\/cbr.org.br\/es\/wp-json\/wp\/v2\/posts\/46966","targetHints":{"allow":["GET"]}}],"collection":[{"href":"https:\/\/cbr.org.br\/es\/wp-json\/wp\/v2\/posts"}],"about":[{"href":"https:\/\/cbr.org.br\/es\/wp-json\/wp\/v2\/types\/post"}],"author":[{"embeddable":true,"href":"https:\/\/cbr.org.br\/es\/wp-json\/wp\/v2\/users\/24"}],"replies":[{"embeddable":true,"href":"https:\/\/cbr.org.br\/es\/wp-json\/wp\/v2\/comments?post=46966"}],"version-history":[{"count":3,"href":"https:\/\/cbr.org.br\/es\/wp-json\/wp\/v2\/posts\/46966\/revisions"}],"predecessor-version":[{"id":46970,"href":"https:\/\/cbr.org.br\/es\/wp-json\/wp\/v2\/posts\/46966\/revisions\/46970"}],"wp:featuredmedia":[{"embeddable":true,"href":"https:\/\/cbr.org.br\/es\/wp-json\/wp\/v2\/media\/46967"}],"wp:attachment":[{"href":"https:\/\/cbr.org.br\/es\/wp-json\/wp\/v2\/media?parent=46966"}],"wp:term":[{"taxonomy":"category","embeddable":true,"href":"https:\/\/cbr.org.br\/es\/wp-json\/wp\/v2\/categories?post=46966"},{"taxonomy":"post_tag","embeddable":true,"href":"https:\/\/cbr.org.br\/es\/wp-json\/wp\/v2\/tags?post=46966"}],"curies":[{"name":"wp","href":"https:\/\/api.w.org\/{rel}","templated":true}]}}