{"id":47020,"date":"2023-09-21T15:45:32","date_gmt":"2023-09-21T18:45:32","guid":{"rendered":"https:\/\/cbr.org.br\/?p=47020"},"modified":"2025-03-07T15:50:54","modified_gmt":"2025-03-07T18:50:54","slug":"19-candidatos-farao-a-prova-do-diploma-europeu-de-radiologia-edir-durante-o-cbr23","status":"publish","type":"post","link":"https:\/\/cbr.org.br\/es\/19-candidatos-farao-a-prova-do-diploma-europeu-de-radiologia-edir-durante-o-cbr23\/","title":{"rendered":"19 candidatos realizar\u00e1n la Prueba del Diploma Europeo en Radiolog\u00eda (EDiR) durante CBR23"},"content":{"rendered":"<p>O <em>Consejo Europeo de Radiolog\u00eda <\/em>(EBR), en colaboraci\u00f3n con el Colegio Brasile\u00f1o de Radiolog\u00eda y Diagn\u00f3stico por Im\u00e1genes (CBR), aplicar\u00e1 por primera vez en Brasil el Diploma Europeo en Prueba de Radiolog\u00eda (EDiR). La prueba tendr\u00e1 lugar durante el 52\u00ba Congreso Brasile\u00f1o de Radiolog\u00eda e Diagn\u00f3stico por Im\u00e1genes (CBR23). La prueba se administrar\u00e1 exclusivamente el d\u00eda 12 de octubre (jueves), primer d\u00eda del Congreso, de 7:30 a 12:30 horas, en el sal\u00f3n Ocean\u00eda III.\u00a0<\/p>\n\n\n\n<p><strong>Mantente al tanto de las redes sociales de CBR, s\u00edguenos en\u00a0<a href=\"https:\/\/www.instagram.com\/cbr_radiologia\/\" target=\"_blank\" rel=\"noreferrer noopener\">Instagram\u00a0<\/a>,\u00a0<a href=\"https:\/\/www.facebook.com\/CBRadiologia\/?locale=pt_BR\" target=\"_blank\" rel=\"noreferrer noopener\">Facebook<\/a>\u00a0Es\u00a0<a href=\"https:\/\/br.linkedin.com\/company\/colegiobrasileiroderadiologiaediagn%C3%B3sticoporimagem\" target=\"_blank\" rel=\"noreferrer noopener\">LinkedIn<\/a>\u00a0<\/strong><\/p>\n\n\n\n<p>Este a\u00f1o, 19 candidatos realizar\u00e1n la Prueba del Diploma Europeo en Radiolog\u00eda (EDiR) durante CBR23. De forma in\u00e9dita, el Colegio Brasile\u00f1o de Radiolog\u00eda y Diagn\u00f3stico por Im\u00e1genes (CBR) trae esta noticia al evento.<\/p>\n\n\n\n<p><strong>Vea algunos beneficios de EDiR<\/strong><\/p>\n\n\n\n<p>\u2013 El examen verifica objetivamente que los radi\u00f3logos tienen los conocimientos, habilidades y competencias requeridas al final de su formaci\u00f3n, de acuerdo con el plan de estudios europeo de formaci\u00f3n en radiolog\u00eda y diagn\u00f3stico por imagen.<\/p>\n\n\n\n<p>\u2013 Tener EDiR puede ayudar a los radi\u00f3logos a avanzar en sus carreras.<\/p>\n\n\n\n<p><strong><a href=\"https:\/\/cbr.org.br\/es\/cbr-completa-75-anos-hoje\/\">+Leer m\u00e1s: CBR cumple hoy 75 a\u00f1os<\/a><\/strong><\/p>\n\n\n\n<p>\u2013 Facilita la migraci\u00f3n de los m\u00e9dicos que opten por una carrera internacional, aportando un t\u00edtulo avalado por la ESR como prueba adicional de formaci\u00f3n.<\/p>\n\n\n\n<p>\u2013 El examen representa un paso significativo hacia la armonizaci\u00f3n de los est\u00e1ndares radiol\u00f3gicos en toda Europa.<\/p>\n\n\n\n<div class=\"wp-block-buttons is-layout-flex wp-block-buttons-is-layout-flex\">\n<div class=\"wp-block-button\"><a class=\"wp-block-button__link wp-element-button\" href=\"https:\/\/www.myebr.org\/edir\/certification-of-excellence\">M\u00e1s informaci\u00f3n sobre EDiR<\/a><\/div>\n<\/div>","protected":false},"excerpt":{"rendered":"<p>La Junta Europea de Radiolog\u00eda (EBR), en colaboraci\u00f3n con el Colegio Brasile\u00f1o de Radiolog\u00eda e Diagn\u00f3stico por Im\u00e1genes (CBR), aplicar\u00e1, por primera vez en Brasil, el Diploma Europeo de Prueba de Radiolog\u00eda (EDiR). La prueba tendr\u00e1 lugar durante el 52\u00ba Congreso Brasile\u00f1o de Radiolog\u00eda e Diagn\u00f3stico por Im\u00e1genes (CBR23). La prueba se administrar\u00e1 exclusivamente en... <a href=\"https:\/\/cbr.org.br\/es\/19-candidatos-farao-a-prova-do-diploma-europeu-de-radiologia-edir-durante-o-cbr23\/\">Sigue leyendo<\/a><\/p>","protected":false},"author":24,"featured_media":46927,"comment_status":"closed","ping_status":"closed","sticky":false,"template":"","format":"standard","meta":{"_acf_changed":false,"footnotes":""},"categories":[17],"tags":[50,665,685,65,66],"class_list":["post-47020","post","type-post","status-publish","format-standard","has-post-thumbnail","hentry","category-titulos-e-certificados","tag-cbr","tag-cbr_radiologia","tag-edir","tag-medico","tag-radiologista"],"acf":[],"_links":{"self":[{"href":"https:\/\/cbr.org.br\/es\/wp-json\/wp\/v2\/posts\/47020","targetHints":{"allow":["GET"]}}],"collection":[{"href":"https:\/\/cbr.org.br\/es\/wp-json\/wp\/v2\/posts"}],"about":[{"href":"https:\/\/cbr.org.br\/es\/wp-json\/wp\/v2\/types\/post"}],"author":[{"embeddable":true,"href":"https:\/\/cbr.org.br\/es\/wp-json\/wp\/v2\/users\/24"}],"replies":[{"embeddable":true,"href":"https:\/\/cbr.org.br\/es\/wp-json\/wp\/v2\/comments?post=47020"}],"version-history":[{"count":1,"href":"https:\/\/cbr.org.br\/es\/wp-json\/wp\/v2\/posts\/47020\/revisions"}],"predecessor-version":[{"id":47021,"href":"https:\/\/cbr.org.br\/es\/wp-json\/wp\/v2\/posts\/47020\/revisions\/47021"}],"wp:featuredmedia":[{"embeddable":true,"href":"https:\/\/cbr.org.br\/es\/wp-json\/wp\/v2\/media\/46927"}],"wp:attachment":[{"href":"https:\/\/cbr.org.br\/es\/wp-json\/wp\/v2\/media?parent=47020"}],"wp:term":[{"taxonomy":"category","embeddable":true,"href":"https:\/\/cbr.org.br\/es\/wp-json\/wp\/v2\/categories?post=47020"},{"taxonomy":"post_tag","embeddable":true,"href":"https:\/\/cbr.org.br\/es\/wp-json\/wp\/v2\/tags?post=47020"}],"curies":[{"name":"wp","href":"https:\/\/api.w.org\/{rel}","templated":true}]}}