{"id":47045,"date":"2023-09-29T10:21:45","date_gmt":"2023-09-29T13:21:45","guid":{"rendered":"https:\/\/cbr.org.br\/?p=47045"},"modified":"2023-09-29T10:21:46","modified_gmt":"2023-09-29T13:21:46","slug":"webinar-cbr-de-agosto-debateu-a-importancia-da-conscientizacao-do-cancer-de-pulmao","status":"publish","type":"post","link":"https:\/\/cbr.org.br\/es\/webinar-cbr-de-agosto-debateu-a-importancia-da-conscientizacao-do-cancer-de-pulmao\/","title":{"rendered":"El seminario web de CBR de agosto analiz\u00f3 la importancia de la concientizaci\u00f3n sobre el c\u00e1ncer de pulm\u00f3n"},"content":{"rendered":"<p>El seminario web de CBR de agosto tuvo como tema: \u201cTabaquismo y c\u00e1ncer de pulm\u00f3n: evaluaci\u00f3n multidisciplinaria con \u00e9nfasis en el diagn\u00f3stico por im\u00e1genes\u201d. El seminario mensual del Colegio Brasile\u00f1o de Radiolog\u00eda e Im\u00e1genes Diagn\u00f3sticas (CBR) tuvo lugar el 14 de agosto, de 19 a 22 horas, y cont\u00f3 con la participaci\u00f3n del Dr. Ronaldo Baroni, el Dr. Gilberto Szarf, el Dr. Edson Marchiori, la Dra. Annemiek Snoeckx, Dr. Alexandre Man\u00e7ano, Dr. Daniel Bonomi, Dr. Gustavo Faibischew Prado, Dra. Milene Truong y Dr. Cl\u00f3vis Klock.<\/p>\n\n\n\n<p><strong>Mantente al tanto de las redes sociales de CBR, s\u00edguenos en\u00a0<a href=\"https:\/\/www.instagram.com\/cbr_radiologia\/\" target=\"_blank\" rel=\"noreferrer noopener\">Instagram\u00a0<\/a>,\u00a0<a href=\"https:\/\/www.facebook.com\/CBRadiologia\/?locale=pt_BR\" target=\"_blank\" rel=\"noreferrer noopener\">Facebook<\/a>\u00a0Es\u00a0<a href=\"https:\/\/br.linkedin.com\/company\/colegiobrasileiroderadiologiaediagn%C3%B3sticoporimagem\" target=\"_blank\" rel=\"noreferrer noopener\">LinkedIn<\/a>\u00a0<\/strong>\u00a0<\/p>\n\n\n\n<p>El webinar se dividi\u00f3 en dos partes entre conferencia y debate. Inicialmente, los m\u00e9dicos abordaron algunos temas relacionados con el c\u00e1ncer de pulm\u00f3n, entre ellos:\u00a0<\/p>\n\n\n\n<ul class=\"wp-block-list\">\n<li>Enfermedades pulmonares relacionadas con el tabaquismo;<\/li>\n\n\n\n<li>Cambios pulmonares relacionados con los cigarrillos electr\u00f3nicos;&nbsp;<\/li>\n\n\n\n<li>Caras inusuales de una enfermedad com\u00fan: el c\u00e1ncer de pulm\u00f3n primario que se presenta como una enfermedad benigna;<\/li>\n\n\n\n<li><em>Radiaciones pulmonares<\/em> 2023: Aspectos pr\u00e1cticos;<\/li>\n\n\n\n<li>L\u00ednea de atenci\u00f3n de n\u00f3dulos pulmonares \u2013 La importancia de la evaluaci\u00f3n multidisciplinaria;&nbsp;<\/li>\n\n\n\n<li>N\u00f3dulos subs\u00f3lidos: <em>\u201cTantos tonos de gris\u201d;<\/em><\/li>\n\n\n\n<li>Estadificaci\u00f3n del c\u00e1ncer de pulm\u00f3n: el punto de vista del radi\u00f3logo;<\/li>\n\n\n\n<li>Clasificaci\u00f3n del c\u00e1ncer de pulm\u00f3n: \u00e9nfasis en la correlaci\u00f3n radiol\u00f3gico-patol\u00f3gica;<\/li>\n\n\n\n<li>Presentaci\u00f3n del primer consenso sobre cribado de c\u00e1ncer de pulm\u00f3n.<\/li>\n<\/ul>\n\n\n\n<p><a href=\"https:\/\/cbr.org.br\/es\/19-candidatos-farao-a-prova-do-diploma-europeu-de-radiologia-edir-durante-o-cbr23\/\"><strong>19 candidatos realizar\u00e1n la Prueba del Diploma Europeo en Radiolog\u00eda (EDiR) durante CBR23<\/strong><\/a><\/p>\n\n\n\n<p>Posteriormente, luego de la presentaci\u00f3n de los temas, el seminario estuvo abierto al debate entre los m\u00e9dicos y el Dr. Ronaldo Baroni, quien facilit\u00f3 el intercambio de ideas sobre el tema.\u00a0<\/p>\n\n\n\n<p>CBR aprovech\u00f3 el mes de concientizaci\u00f3n sobre el c\u00e1ncer de pulm\u00f3n y sac\u00f3 el tema a debate. Esta edici\u00f3n del Webinar tuvo como objetivo generar conciencia sobre el c\u00e1ncer de pulm\u00f3n y la importancia de su prevenci\u00f3n. El evento fue en colaboraci\u00f3n con la Escuela Europea de Radiolog\u00eda (ESOR), la Sociedad Americana de Radiolog\u00eda Tor\u00e1cica (STR) y las m\u00e1s importantes sociedades m\u00e9dicas brasile\u00f1as vinculadas a las enfermedades tor\u00e1cicas.\u00a0<\/p>","protected":false},"excerpt":{"rendered":"<p>El seminario web de CBR de agosto tuvo como tema: \u201cTabaquismo y c\u00e1ncer de pulm\u00f3n: evaluaci\u00f3n multidisciplinaria con \u00e9nfasis en el diagn\u00f3stico por im\u00e1genes\u201d. El seminario mensual del Colegio Brasile\u00f1o de Radiolog\u00eda e Im\u00e1genes Diagn\u00f3sticas (CBR) tuvo lugar el 14 de agosto, de 19 a 22 horas, y cont\u00f3 con la participaci\u00f3n del Dr. Ronaldo Baroni, \u2026 <a href=\"https:\/\/cbr.org.br\/es\/webinar-cbr-de-agosto-debateu-a-importancia-da-conscientizacao-do-cancer-de-pulmao\/\">Sigue leyendo<\/a><\/p>","protected":false},"author":24,"featured_media":47046,"comment_status":"closed","ping_status":"closed","sticky":false,"template":"","format":"standard","meta":{"_acf_changed":false,"footnotes":""},"categories":[491],"tags":[50,43,111,66,42],"class_list":["post-47045","post","type-post","status-publish","format-standard","has-post-thumbnail","hentry","category-cbr-educa","tag-cbr","tag-colegio-brasileiro-de-radiologia-e-diagnostico-por-imagem","tag-diagnostico-por-imagem","tag-radiologista","tag-webinar"],"acf":[],"_links":{"self":[{"href":"https:\/\/cbr.org.br\/es\/wp-json\/wp\/v2\/posts\/47045","targetHints":{"allow":["GET"]}}],"collection":[{"href":"https:\/\/cbr.org.br\/es\/wp-json\/wp\/v2\/posts"}],"about":[{"href":"https:\/\/cbr.org.br\/es\/wp-json\/wp\/v2\/types\/post"}],"author":[{"embeddable":true,"href":"https:\/\/cbr.org.br\/es\/wp-json\/wp\/v2\/users\/24"}],"replies":[{"embeddable":true,"href":"https:\/\/cbr.org.br\/es\/wp-json\/wp\/v2\/comments?post=47045"}],"version-history":[{"count":2,"href":"https:\/\/cbr.org.br\/es\/wp-json\/wp\/v2\/posts\/47045\/revisions"}],"predecessor-version":[{"id":47048,"href":"https:\/\/cbr.org.br\/es\/wp-json\/wp\/v2\/posts\/47045\/revisions\/47048"}],"wp:featuredmedia":[{"embeddable":true,"href":"https:\/\/cbr.org.br\/es\/wp-json\/wp\/v2\/media\/47046"}],"wp:attachment":[{"href":"https:\/\/cbr.org.br\/es\/wp-json\/wp\/v2\/media?parent=47045"}],"wp:term":[{"taxonomy":"category","embeddable":true,"href":"https:\/\/cbr.org.br\/es\/wp-json\/wp\/v2\/categories?post=47045"},{"taxonomy":"post_tag","embeddable":true,"href":"https:\/\/cbr.org.br\/es\/wp-json\/wp\/v2\/tags?post=47045"}],"curies":[{"name":"wp","href":"https:\/\/api.w.org\/{rel}","templated":true}]}}