{"id":47049,"date":"2023-10-02T09:59:47","date_gmt":"2023-10-02T12:59:47","guid":{"rendered":"https:\/\/cbr.org.br\/?p=47049"},"modified":"2023-10-02T12:44:39","modified_gmt":"2023-10-02T15:44:39","slug":"nota-da-comissao-nacional-de-mamografia-sobre-a-reuniao-da-cosaude-para-inclusao-da-tomossintese-no-rol-de-exames-da-ans","status":"publish","type":"post","link":"https:\/\/cbr.org.br\/es\/nota-da-comissao-nacional-de-mamografia-sobre-a-reuniao-da-cosaude-para-inclusao-da-tomossintese-no-rol-de-exames-da-ans\/","title":{"rendered":"Nota de la Comisi\u00f3n Nacional de Mamograf\u00eda sobre la reuni\u00f3n del COSA\u00daDE para incluir la Tomos\u00edntesis en la lista de ex\u00e1menes de la ANS"},"content":{"rendered":"<p><\/p>\n\n\n\n<p class=\"has-medium-font-size\">El d\u00eda 19 de septiembre se realiz\u00f3 la XX Reuni\u00f3n T\u00e9cnica del Comit\u00e9 Permanente de Regulaci\u00f3n de la Atenci\u00f3n en Salud (COSA\u00daDE) de la ANS. Se discuti\u00f3 nuevamente la inclusi\u00f3n de la tomos\u00edntesis en la lista de ex\u00e1menes con cobertura obligatoria para el tamizaje de c\u00e1ncer de mama en mujeres entre 40 y 69 a\u00f1os, continuando lo discutido en la XIX reuni\u00f3n celebrada en agosto. <\/p>\n\n\n\n<p class=\"has-medium-font-size\">Participaron de las reuniones el Dr. Linei Urban y el Dr. Luciano Chala en representaci\u00f3n de CBR, proponente de la inclusi\u00f3n, y el Dr. Henrique Couto, autor del estudio que evalu\u00f3 el impacto econ\u00f3mico en la salud suplementaria de la inclusi\u00f3n de la tomos\u00edntesis, en representaci\u00f3n de SBM y FEBRASGO. Una vez m\u00e1s hubo una fuerte defensa del cribado del c\u00e1ncer de mama a partir de los 40 a\u00f1os y por la inclusi\u00f3n de la tomos\u00edntesis en la lista de ex\u00e1menes obligatorios. <\/p>\n\n\n\n<p class=\"has-medium-font-size\">La posici\u00f3n de CBR, como proponente, fue respaldada por AMB, Funda\u00e7\u00e3o Procon de SP, CFO, COFEN y CNS. La siguiente etapa es la audiencia y consulta p\u00fablica y la participaci\u00f3n de la sociedad ser\u00e1 fundamental para que tengamos un octubre m\u00e1s rosado.<\/p>\n\n\n\n<figure class=\"wp-block-image size-full\"><img fetchpriority=\"high\" decoding=\"async\" width=\"1800\" height=\"750\" src=\"https:\/\/cbr.org.br\/wp-content\/uploads\/2023\/10\/Noticia-Site-CBR_NOTA-DA-COMISSAO-NACIONAL-DE-MAMOGRAFIA.jpg\" alt=\"\" class=\"wp-image-47064\" srcset=\"https:\/\/cbr.org.br\/wp-content\/uploads\/2023\/10\/Noticia-Site-CBR_NOTA-DA-COMISSAO-NACIONAL-DE-MAMOGRAFIA.jpg 1800w, https:\/\/cbr.org.br\/wp-content\/uploads\/2023\/10\/Noticia-Site-CBR_NOTA-DA-COMISSAO-NACIONAL-DE-MAMOGRAFIA-960x400.jpg 960w, https:\/\/cbr.org.br\/wp-content\/uploads\/2023\/10\/Noticia-Site-CBR_NOTA-DA-COMISSAO-NACIONAL-DE-MAMOGRAFIA-450x188.jpg 450w, https:\/\/cbr.org.br\/wp-content\/uploads\/2023\/10\/Noticia-Site-CBR_NOTA-DA-COMISSAO-NACIONAL-DE-MAMOGRAFIA-768x320.jpg 768w, https:\/\/cbr.org.br\/wp-content\/uploads\/2023\/10\/Noticia-Site-CBR_NOTA-DA-COMISSAO-NACIONAL-DE-MAMOGRAFIA-1536x640.jpg 1536w, https:\/\/cbr.org.br\/wp-content\/uploads\/2023\/10\/Noticia-Site-CBR_NOTA-DA-COMISSAO-NACIONAL-DE-MAMOGRAFIA-18x8.jpg 18w\" sizes=\"(max-width: 1800px) 100vw, 1800px\" \/><\/figure>","protected":false},"excerpt":{"rendered":"<p>El d\u00eda 19 de septiembre se realiz\u00f3 la XX Reuni\u00f3n T\u00e9cnica del Comit\u00e9 Permanente de Regulaci\u00f3n de la Atenci\u00f3n en Salud (COSA\u00daDE) de la ANS. Se volvi\u00f3 a discutir la inclusi\u00f3n de la tomos\u00edntesis en la lista de ex\u00e1menes con cobertura obligatoria para el tamizaje de c\u00e1ncer de mama en mujeres entre 40 y 69 a\u00f1os, continuando la discusi\u00f3n\u2026 <a href=\"https:\/\/cbr.org.br\/es\/nota-da-comissao-nacional-de-mamografia-sobre-a-reuniao-da-cosaude-para-inclusao-da-tomossintese-no-rol-de-exames-da-ans\/\">Sigue leyendo<\/a><\/p>","protected":false},"author":8,"featured_media":0,"comment_status":"closed","ping_status":"closed","sticky":false,"template":"","format":"standard","meta":{"_acf_changed":false,"footnotes":""},"categories":[10],"tags":[86,607],"class_list":["post-47049","post","type-post","status-publish","format-standard","hentry","category-institucional","tag-mamografia","tag-tomossintese-2"],"acf":[],"_links":{"self":[{"href":"https:\/\/cbr.org.br\/es\/wp-json\/wp\/v2\/posts\/47049","targetHints":{"allow":["GET"]}}],"collection":[{"href":"https:\/\/cbr.org.br\/es\/wp-json\/wp\/v2\/posts"}],"about":[{"href":"https:\/\/cbr.org.br\/es\/wp-json\/wp\/v2\/types\/post"}],"author":[{"embeddable":true,"href":"https:\/\/cbr.org.br\/es\/wp-json\/wp\/v2\/users\/8"}],"replies":[{"embeddable":true,"href":"https:\/\/cbr.org.br\/es\/wp-json\/wp\/v2\/comments?post=47049"}],"version-history":[{"count":3,"href":"https:\/\/cbr.org.br\/es\/wp-json\/wp\/v2\/posts\/47049\/revisions"}],"predecessor-version":[{"id":47068,"href":"https:\/\/cbr.org.br\/es\/wp-json\/wp\/v2\/posts\/47049\/revisions\/47068"}],"wp:attachment":[{"href":"https:\/\/cbr.org.br\/es\/wp-json\/wp\/v2\/media?parent=47049"}],"wp:term":[{"taxonomy":"category","embeddable":true,"href":"https:\/\/cbr.org.br\/es\/wp-json\/wp\/v2\/categories?post=47049"},{"taxonomy":"post_tag","embeddable":true,"href":"https:\/\/cbr.org.br\/es\/wp-json\/wp\/v2\/tags?post=47049"}],"curies":[{"name":"wp","href":"https:\/\/api.w.org\/{rel}","templated":true}]}}