{"id":47223,"date":"2023-10-30T17:33:32","date_gmt":"2023-10-30T20:33:32","guid":{"rendered":"https:\/\/cbr.org.br\/?p=47223"},"modified":"2023-10-30T17:34:41","modified_gmt":"2023-10-30T20:34:41","slug":"confira-os-novos-episodios-do-podcast-cbr","status":"publish","type":"post","link":"https:\/\/cbr.org.br\/es\/confira-os-novos-episodios-do-podcast-cbr\/","title":{"rendered":"Mira los nuevos episodios del podcast CBR"},"content":{"rendered":"<p>En octubre, la Facultad Brasile\u00f1a de Radiolog\u00eda e Im\u00e1genes Diagn\u00f3sticas (CBR) lanz\u00f3 dos episodios m\u00e1s del podcast CBR. La tercera edici\u00f3n del Podcast fue lanzada el 11 de octubre y abord\u00f3 el tema \u201cDiversidad e Inclusi\u00f3n\u201d. El cuarto episodio fue lanzado el 25 de octubre y tuvo como tema: Responsabilidad Social.&nbsp;<\/p>\n\n\n\n<p><strong>Conozca a los entrevistados de ambas ediciones:&nbsp;<\/strong><strong><\/strong><\/p>\n\n\n\n<p>En la tercera edici\u00f3n contamos con la participaci\u00f3n de Lucas Silva, Bi\u00f3logo, MBA en Gesti\u00f3n de Empresas de la Universidad de S\u00e3o Paulo (USP), doctorando en Administraci\u00f3n de la UNOESC y gerente de diversidad, equidad e inclusi\u00f3n de DASA.&nbsp;<\/p>\n\n\n\n<p><a href=\"https:\/\/cbr.org.br\/es\/membros-do-cbr-participam-da-audiencia-publica-38-sobre-a-incorporacao-da-tomossintese-no-rol-da-ans\/\"><strong>+Leer m\u00e1s: Integrantes del CBR participan en la Audiencia P\u00fablica N\u00b038 sobre la Incorporaci\u00f3n de la Tomos\u00edntesis a la Lista de la ANS<\/strong><\/a><\/p>\n\n\n\n<p>En el cuarto episodio, la conversaci\u00f3n fue con Monique Amin, profesional con m\u00e1s de 20 a\u00f1os de experiencia en el sector salud, posgrado en gesti\u00f3n ambiental, con maestr\u00eda en salud y ambiente y especializaci\u00f3n en gesti\u00f3n empresarial FDC. Actualmente estudia un MBA en ESG (sostenibilidad ambiental, social y de gobernanza) en IBMEC, en S\u00e3o Paulo.&nbsp;<\/p>\n\n\n\n<p><strong>Acerca del podcast de CBR&nbsp;<\/strong><strong><\/strong><\/p>\n\n\n\n<p>Nuestro podcast es desarrollado por la Comisi\u00f3n Cultural CBR y tiene como objetivo cubrir varios temas m\u00e1s all\u00e1 de la radiolog\u00eda y el diagn\u00f3stico por im\u00e1genes. El podcast es presentado por la Dra. Aline Dias Guimar\u00e3es, radi\u00f3loga, gerente m\u00e9dica de DASA Educa y miembro de la comisi\u00f3n cultural de CBR. Las novedades de la Escuela salen cada dos semanas y est\u00e1n disponibles en Spotify, SoundCloud y Apple Podcasts.&nbsp;<\/p>\n\n\n\n<p><strong>Mantente al tanto de las redes sociales de CBR, s\u00edguenos en&nbsp;<a href=\"https:\/\/www.instagram.com\/cbr_radiologia\/\" target=\"_blank\" rel=\"noreferrer noopener\">Instagram&nbsp;<\/a>,&nbsp;<a href=\"https:\/\/www.facebook.com\/CBRadiologia\/?locale=pt_BR\" target=\"_blank\" rel=\"noreferrer noopener\">Facebook<\/a>&nbsp;Es&nbsp;<a href=\"https:\/\/br.linkedin.com\/company\/colegiobrasileiroderadiologiaediagn%C3%B3sticoporimagem\" target=\"_blank\" rel=\"noreferrer noopener\">LinkedIn<\/a>&nbsp;<\/strong>&nbsp;<\/p>\n\n\n\n<div class=\"wp-block-buttons is-layout-flex wp-block-buttons-is-layout-flex\">\n<div class=\"wp-block-button\"><a class=\"wp-block-button__link wp-element-button\" href=\"https:\/\/open.spotify.com\/show\/63QCaHJbzeSeVEHpW2sIk3\"><strong>Escuche los episodios ahora<\/strong>!<\/a><\/div>\n<\/div>","protected":false},"excerpt":{"rendered":"<p>En octubre, la Facultad Brasile\u00f1a de Radiolog\u00eda y Diagn\u00f3stico por Imagen (CBR) lanz\u00f3 dos episodios m\u00e1s del podcast CBR. La tercera edici\u00f3n del Podcast fue lanzada el 11 de octubre y abord\u00f3 el tema \u201cDiversidad e Inclusi\u00f3n\u201d. El episodio cuatro se lanz\u00f3 el 25 de octubre y tuvo... <a href=\"https:\/\/cbr.org.br\/es\/confira-os-novos-episodios-do-podcast-cbr\/\">Sigue leyendo<\/a><\/p>","protected":false},"author":24,"featured_media":47224,"comment_status":"closed","ping_status":"closed","sticky":false,"template":"","format":"standard","meta":{"_acf_changed":false,"footnotes":""},"categories":[10],"tags":[50,608,65,603,96,66],"class_list":["post-47223","post","type-post","status-publish","format-standard","has-post-thumbnail","hentry","category-institucional","tag-cbr","tag-comissao-cultural","tag-medico","tag-podcast-cbr","tag-radiologia","tag-radiologista"],"acf":[],"_links":{"self":[{"href":"https:\/\/cbr.org.br\/es\/wp-json\/wp\/v2\/posts\/47223","targetHints":{"allow":["GET"]}}],"collection":[{"href":"https:\/\/cbr.org.br\/es\/wp-json\/wp\/v2\/posts"}],"about":[{"href":"https:\/\/cbr.org.br\/es\/wp-json\/wp\/v2\/types\/post"}],"author":[{"embeddable":true,"href":"https:\/\/cbr.org.br\/es\/wp-json\/wp\/v2\/users\/24"}],"replies":[{"embeddable":true,"href":"https:\/\/cbr.org.br\/es\/wp-json\/wp\/v2\/comments?post=47223"}],"version-history":[{"count":3,"href":"https:\/\/cbr.org.br\/es\/wp-json\/wp\/v2\/posts\/47223\/revisions"}],"predecessor-version":[{"id":47227,"href":"https:\/\/cbr.org.br\/es\/wp-json\/wp\/v2\/posts\/47223\/revisions\/47227"}],"wp:featuredmedia":[{"embeddable":true,"href":"https:\/\/cbr.org.br\/es\/wp-json\/wp\/v2\/media\/47224"}],"wp:attachment":[{"href":"https:\/\/cbr.org.br\/es\/wp-json\/wp\/v2\/media?parent=47223"}],"wp:term":[{"taxonomy":"category","embeddable":true,"href":"https:\/\/cbr.org.br\/es\/wp-json\/wp\/v2\/categories?post=47223"},{"taxonomy":"post_tag","embeddable":true,"href":"https:\/\/cbr.org.br\/es\/wp-json\/wp\/v2\/tags?post=47223"}],"curies":[{"name":"wp","href":"https:\/\/api.w.org\/{rel}","templated":true}]}}