{"id":47524,"date":"2023-12-07T11:17:30","date_gmt":"2023-12-07T14:17:30","guid":{"rendered":"https:\/\/cbr.org.br\/?p=47524"},"modified":"2023-12-07T11:18:51","modified_gmt":"2023-12-07T14:18:51","slug":"confira-os-novos-episodios-do-podcast-cbr-2","status":"publish","type":"post","link":"https:\/\/cbr.org.br\/es\/confira-os-novos-episodios-do-podcast-cbr-2\/","title":{"rendered":"Mira los nuevos episodios del podcast CBR"},"content":{"rendered":"<p>Entre los meses de noviembre y diciembre, el Colegio Brasile\u00f1o de Radiolog\u00eda y Diagn\u00f3stico por Imagen (CBR) lanz\u00f3 tres episodios m\u00e1s de <em>podcast<\/em> CBR. El 8 de noviembre se lanz\u00f3 la quinta edici\u00f3n del Podcast y abord\u00f3 el tema \u201cEl arte de la Radiolog\u00eda: alabar, amar y continuar siempre\u201d. El sexto episodio fue lanzado el 22 de noviembre y tuvo como tema: Productividad en cl\u00ednicas de radiolog\u00eda. La edici\u00f3n se lanz\u00f3 el 6 de diciembre y tuvo como tema \u201cLa ciencia de la felicidad\u201d.<\/p>\n\n\n\n<p><strong>Mantente al tanto de las redes sociales de CBR, s\u00edguenos en&nbsp;<a href=\"https:\/\/www.instagram.com\/cbr_radiologia\/\" target=\"_blank\" rel=\"noreferrer noopener\">Instagram&nbsp;<\/a>,&nbsp;<a href=\"https:\/\/www.facebook.com\/CBRadiologia\/?locale=pt_BR\" target=\"_blank\" rel=\"noreferrer noopener\">Facebook<\/a>&nbsp;Es&nbsp;<a href=\"https:\/\/br.linkedin.com\/company\/colegiobrasileiroderadiologiaediagn%C3%B3sticoporimagem\" target=\"_blank\" rel=\"noreferrer noopener\">LinkedIn<\/a><\/strong><\/p>\n\n\n\n<p><strong>Conozca a los entrevistados de las tres ediciones:&nbsp;<\/strong><strong><\/strong><\/p>\n\n\n\n<p>En la quinta edici\u00f3n contamos con la participaci\u00f3n del Dr. Cid S\u00e9rgio Ferreira \u2013 Radi\u00f3logo y Di\u00e1cono. Nuestro invitado es graduado de la UFMG, Postgraduado en Viena (Austria), Profesor de la Facultad de Medicina de la UFMG y fundador de las dos mayores residencias de radiolog\u00eda de Minas Gerais. Este episodio fue moderado por los Dres. Ivie Braga y Luciana Costa, ambas son miembros de la Comisi\u00f3n Cultural CBR.&nbsp;<\/p>\n\n\n\n<p>En el sexto episodio, la conversaci\u00f3n fue con Carlos Moura, Administrador de Empresas, MBA en TI por la USP y curso internacional de desarrollo de talento humano por la Universidad de Florida Central. Adem\u00e1s de las habilidades antes mencionadas, es Asesor Econ\u00f3mico del CBR.<\/p>\n\n\n\n<p>La s\u00e9ptima edici\u00f3n cont\u00f3 con la participaci\u00f3n de Gisele Gengo, especialista en comportamiento humano y psicolog\u00eda positiva, con experiencia en <em>Coaching empresarial y ejecutivo.<\/em> Nuestro invitado es el cofundador de <em>mentoring4you<\/em> y director financiero de Magile Transportes LTDA. Gisele trabaj\u00f3 en proyectos en los m\u00e1s diversos sectores, con casos probados y resultados en industria, comercio, educaci\u00f3n, salud y agronegocios.&nbsp;<\/p>\n\n\n\n<p><strong><a href=\"https:\/\/cbr.org.br\/es\/comecou-a-campanha-de-anuidade-2024\/\">+Ha comenzado la campa\u00f1a de Anualidades 2024<\/a><\/strong><\/p>\n\n\n\n<p><strong>Acerca del podcast de CBR&nbsp;<\/strong><strong><\/strong><\/p>\n\n\n\n<p>Nuestro <em>podcast<\/em> es desarrollado por la Comisi\u00f3n Cultural CBR y tiene como objetivo cubrir varios temas m\u00e1s all\u00e1 de la radiolog\u00eda y el diagn\u00f3stico por im\u00e1genes. El podcast es presentado por la Dra. Aline Dias Guimar\u00e3es, radi\u00f3loga, gerente m\u00e9dica de DASA Educa y miembro de la comisi\u00f3n cultural de CBR. Las novedades de la Escuela llegan cada quince d\u00edas y est\u00e1n disponibles en <em>Spotify, SoundCloud y Apple Podcasts<\/em>.&nbsp;<\/p>\n\n\n\n<div class=\"wp-block-buttons is-layout-flex wp-block-buttons-is-layout-flex\">\n<div class=\"wp-block-button\"><a class=\"wp-block-button__link wp-element-button\" href=\"https:\/\/open.spotify.com\/show\/63QCaHJbzeSeVEHpW2sIk3\"><strong>Escuche los nuevos episodios ahora<\/strong><\/a><\/div>\n<\/div>","protected":false},"excerpt":{"rendered":"<p>Entre los meses de noviembre y diciembre, el Colegio Brasile\u00f1o de Radiolog\u00eda e Im\u00e1genes Diagn\u00f3sticas (CBR) lanz\u00f3 tres episodios m\u00e1s del podcast CBR. El 8 de noviembre se lanz\u00f3 la quinta edici\u00f3n del Podcast y abord\u00f3 el tema \u201cEl arte de la Radiolog\u00eda: alabar, amar y continuar siempre\u201d. El sexto episodio ha sido lanzado... <a href=\"https:\/\/cbr.org.br\/es\/confira-os-novos-episodios-do-podcast-cbr-2\/\">Sigue leyendo<\/a><\/p>","protected":false},"author":24,"featured_media":47525,"comment_status":"closed","ping_status":"closed","sticky":false,"template":"","format":"standard","meta":{"_acf_changed":false,"footnotes":""},"categories":[10],"tags":[50,111,603,96,66],"class_list":["post-47524","post","type-post","status-publish","format-standard","has-post-thumbnail","hentry","category-institucional","tag-cbr","tag-diagnostico-por-imagem","tag-podcast-cbr","tag-radiologia","tag-radiologista"],"acf":[],"_links":{"self":[{"href":"https:\/\/cbr.org.br\/es\/wp-json\/wp\/v2\/posts\/47524","targetHints":{"allow":["GET"]}}],"collection":[{"href":"https:\/\/cbr.org.br\/es\/wp-json\/wp\/v2\/posts"}],"about":[{"href":"https:\/\/cbr.org.br\/es\/wp-json\/wp\/v2\/types\/post"}],"author":[{"embeddable":true,"href":"https:\/\/cbr.org.br\/es\/wp-json\/wp\/v2\/users\/24"}],"replies":[{"embeddable":true,"href":"https:\/\/cbr.org.br\/es\/wp-json\/wp\/v2\/comments?post=47524"}],"version-history":[{"count":2,"href":"https:\/\/cbr.org.br\/es\/wp-json\/wp\/v2\/posts\/47524\/revisions"}],"predecessor-version":[{"id":47527,"href":"https:\/\/cbr.org.br\/es\/wp-json\/wp\/v2\/posts\/47524\/revisions\/47527"}],"wp:featuredmedia":[{"embeddable":true,"href":"https:\/\/cbr.org.br\/es\/wp-json\/wp\/v2\/media\/47525"}],"wp:attachment":[{"href":"https:\/\/cbr.org.br\/es\/wp-json\/wp\/v2\/media?parent=47524"}],"wp:term":[{"taxonomy":"category","embeddable":true,"href":"https:\/\/cbr.org.br\/es\/wp-json\/wp\/v2\/categories?post=47524"},{"taxonomy":"post_tag","embeddable":true,"href":"https:\/\/cbr.org.br\/es\/wp-json\/wp\/v2\/tags?post=47524"}],"curies":[{"name":"wp","href":"https:\/\/api.w.org\/{rel}","templated":true}]}}