{"id":48040,"date":"2024-02-01T15:13:52","date_gmt":"2024-02-01T18:13:52","guid":{"rendered":"https:\/\/cbr.org.br\/?p=48040"},"modified":"2025-03-07T15:40:39","modified_gmt":"2025-03-07T18:40:39","slug":"a-dra-cibele-carvalho-presidente-do-cbr-da-boas-vindas-ao-ano-de-2024","status":"publish","type":"post","link":"https:\/\/cbr.org.br\/es\/a-dra-cibele-carvalho-presidente-do-cbr-da-boas-vindas-ao-ano-de-2024\/","title":{"rendered":"Dra. Cibele Carvalho \u2013 Presidenta de CBR da la bienvenida al a\u00f1o 2024"},"content":{"rendered":"<p>Dra. Cibele Carvalho \u2013 Presidenta del CBR grab\u00f3 un video en la sede del Colegio dando la bienvenida al a\u00f1o 2024. Durante la grabaci\u00f3n, el Presidente del Colegio destac\u00f3 algunos puntos importantes, tales como: la importancia de asociar al CBR, la defensa profesional y sobre c\u00f3mo trabaja la instituci\u00f3n a favor de la especialidad.\u00a0<\/p>\n\n\n\n<p><strong><a href=\"https:\/\/cbr.org.br\/es\/cbr-alcanca-todos-os-objetivos-em-2023\/\">CBR logra todos los objetivos en 2023<\/a><\/strong><\/p>\n\n\n\n<p><strong>Vea algunos discursos de la Dra. Cibele Carvalho \u2013 Presidenta de CBR\u00a0<\/strong><\/p>\n\n\n\n<figure class=\"wp-block-image size-full is-resized\"><img fetchpriority=\"high\" decoding=\"async\" width=\"300\" height=\"300\" src=\"https:\/\/cbr.org.br\/wp-content\/uploads\/2024\/02\/dra.cibele.png\" alt=\"\" class=\"wp-image-48041\" style=\"width:275px;height:auto\" srcset=\"https:\/\/cbr.org.br\/wp-content\/uploads\/2024\/02\/dra.cibele.png 300w, https:\/\/cbr.org.br\/wp-content\/uploads\/2024\/02\/dra.cibele-254x254.png 254w, https:\/\/cbr.org.br\/wp-content\/uploads\/2024\/02\/dra.cibele-12x12.png 12w\" sizes=\"(max-width: 300px) 100vw, 300px\" \/><figcaption class=\"wp-element-caption\">Leyenda: Dra. Cibele Carvalho \u2013 Presidenta de CBR<br>Cr\u00e9dito: CBR<\/figcaption><\/figure>\n\n\n\n<ul class=\"wp-block-list\">\n<li><strong>Bienvenido el A\u00f1o Nuevo: <\/strong>\u201cEstoy aqu\u00ed para desearles un excelente a\u00f1o nuevo, con mucha salud, muchos logros y mucho \u00e9xito para nuestra especialidad de radiolog\u00eda y diagn\u00f3stico por la imagen\u201d.&nbsp;<strong><\/strong><\/li>\n<\/ul>\n\n\n\n<ul class=\"wp-block-list\">\n<li><strong>Importancia de unirse a CBR: <\/strong>\u201cHoy, como antes, es muy importante para nosotros unirnos y asociarnos. El Colegio Brasile\u00f1o de Radiolog\u00eda y Diagn\u00f3stico por Im\u00e1genes se ha esforzado cada d\u00eda por llevar educaci\u00f3n continua de calidad a los m\u00e9dicos asociados, hemos fortalecido nuestras relaciones con sociedades internacionales de radiolog\u00eda, donde estamos haciendo <em>red<\/em>, logrando traer al Colegio ponentes con experiencia en diferentes especialidades y \u00e1reas a menores costos\u201d. Contamos con Atualiza, que es el evento pr\u00e1ctico m\u00e1s grande del mundo en actualizaci\u00f3n de nuestra especialidad.<\/li>\n<\/ul>\n\n\n\n<p><strong>Mantente al tanto de las redes sociales de CBR, s\u00edguenos en\u00a0<a href=\"https:\/\/www.instagram.com\/cbr_radiologia\/\" target=\"_blank\" rel=\"noreferrer noopener\">Instagram\u00a0<\/a>,\u00a0<a href=\"https:\/\/www.facebook.com\/CBRadiologia\/?locale=pt_BR\" target=\"_blank\" rel=\"noreferrer noopener\">Facebook<\/a>\u00a0Es\u00a0<a href=\"https:\/\/br.linkedin.com\/company\/colegiobrasileiroderadiologiaediagn%C3%B3sticoporimagem\" target=\"_blank\" rel=\"noreferrer noopener\">LinkedIn<\/a><\/strong><\/p>\n\n\n\n<ul class=\"wp-block-list\">\n<li><strong>Defensa Profesional:<\/strong> \u201cQu\u00e9 importante ha sido el papel combativo del CBR en relaci\u00f3n a la invasi\u00f3n de nuestra \u00e1rea, de nuestra pr\u00e1ctica m\u00e9dica por otras \u00e1reas de la salud, hay innumerables despachos, innumerables acciones legales para que podamos evitar que otras profesiones quieran ejercer , principalmente, la ecograf\u00eda. A trav\u00e9s de nuestros medios y la newsletter podr\u00e1s seguir nuestra gesti\u00f3n actual, as\u00ed como las anteriores, que ha buscado cada d\u00eda poner en valor nuestra profesi\u00f3n y nuestra especialidad.<strong><\/strong><\/li>\n<\/ul>\n\n\n\n<ul class=\"wp-block-list\">\n<li><strong>Invitaci\u00f3n para unirse a CBR: <\/strong>\u201cLos necesitamos, necesitamos que crean en lo que hacemos, y creer en lo que hacemos significa unirse. Necesitamos fortalecer la CBR. Yo, Cibele Carvalho como presidenta, en nombre de todo el directorio, estoy aqu\u00ed para invitarlos a participar de esta asociaci\u00f3n que marca la diferencia en la vida cotidiana, pero podemos lograr mucho m\u00e1s. Los necesitamos, el Colegio Brasile\u00f1o de Radiolog\u00eda e Im\u00e1genes Diagn\u00f3sticas (CBR) no puede hacerlo solo, vengan y qu\u00e9dense con nosotros\u201d.<\/li>\n<\/ul>\n\n\n\n<div class=\"wp-block-buttons is-layout-flex wp-block-buttons-is-layout-flex\">\n<div class=\"wp-block-button\"><a class=\"wp-block-button__link wp-element-button\">Para ver el v\u00eddeo completo de la Dra. Cibele Carvalho, \u00a1haga clic aqu\u00ed!<\/a><\/div>\n<\/div>\n\n\n\n<p><\/p>\n\n\n\n<p><\/p>","protected":false},"excerpt":{"rendered":"<p>Dra. Cibele Carvalho \u2013 Presidenta del CBR grab\u00f3 un video en la sede del Colegio dando la bienvenida al a\u00f1o 2024. Durante la grabaci\u00f3n, el Presidente del Colegio destac\u00f3 algunos puntos importantes, tales como: la importancia de asociar al CBR, la defensa profesional y sobre c\u00f3mo trabaja la instituci\u00f3n a favor de la especialidad. CBR llega a todos... <a href=\"https:\/\/cbr.org.br\/es\/a-dra-cibele-carvalho-presidente-do-cbr-da-boas-vindas-ao-ano-de-2024\/\">Sigue leyendo<\/a><\/p>","protected":false},"author":24,"featured_media":47649,"comment_status":"closed","ping_status":"closed","sticky":false,"template":"","format":"standard","meta":{"_acf_changed":false,"footnotes":""},"categories":[10],"tags":[50,6,111,65,371,66],"class_list":["post-48040","post","type-post","status-publish","format-standard","has-post-thumbnail","hentry","category-institucional","tag-cbr","tag-defesa-profissional","tag-diagnostico-por-imagem","tag-medico","tag-radiologico","tag-radiologista"],"acf":[],"_links":{"self":[{"href":"https:\/\/cbr.org.br\/es\/wp-json\/wp\/v2\/posts\/48040","targetHints":{"allow":["GET"]}}],"collection":[{"href":"https:\/\/cbr.org.br\/es\/wp-json\/wp\/v2\/posts"}],"about":[{"href":"https:\/\/cbr.org.br\/es\/wp-json\/wp\/v2\/types\/post"}],"author":[{"embeddable":true,"href":"https:\/\/cbr.org.br\/es\/wp-json\/wp\/v2\/users\/24"}],"replies":[{"embeddable":true,"href":"https:\/\/cbr.org.br\/es\/wp-json\/wp\/v2\/comments?post=48040"}],"version-history":[{"count":1,"href":"https:\/\/cbr.org.br\/es\/wp-json\/wp\/v2\/posts\/48040\/revisions"}],"predecessor-version":[{"id":48042,"href":"https:\/\/cbr.org.br\/es\/wp-json\/wp\/v2\/posts\/48040\/revisions\/48042"}],"wp:featuredmedia":[{"embeddable":true,"href":"https:\/\/cbr.org.br\/es\/wp-json\/wp\/v2\/media\/47649"}],"wp:attachment":[{"href":"https:\/\/cbr.org.br\/es\/wp-json\/wp\/v2\/media?parent=48040"}],"wp:term":[{"taxonomy":"category","embeddable":true,"href":"https:\/\/cbr.org.br\/es\/wp-json\/wp\/v2\/categories?post=48040"},{"taxonomy":"post_tag","embeddable":true,"href":"https:\/\/cbr.org.br\/es\/wp-json\/wp\/v2\/tags?post=48040"}],"curies":[{"name":"wp","href":"https:\/\/api.w.org\/{rel}","templated":true}]}}