{"id":48241,"date":"2024-02-26T18:39:29","date_gmt":"2024-02-26T21:39:29","guid":{"rendered":"https:\/\/cbr.org.br\/?p=48241"},"modified":"2024-02-27T11:44:29","modified_gmt":"2024-02-27T14:44:29","slug":"nota-de-repudio-sobre-a-publicacao-da-charge-publicada-na-folha-de-sao-paulo-sp","status":"publish","type":"post","link":"https:\/\/cbr.org.br\/es\/nota-de-repudio-sobre-a-publicacao-da-charge-publicada-na-folha-de-sao-paulo-sp\/","title":{"rendered":"Nota de Repudio a la caricatura publicada en Folha de S\u00e3o Paulo (SP)"},"content":{"rendered":"<p>El Colegio Brasile\u00f1o de Radiolog\u00eda y Diagn\u00f3stico por Imagen (CBR) repudia con vehemencia la publicaci\u00f3n de la caricatura \u201cC\u00f3mo viste un violador\u201d de Mar\u00edlia Marz publicada en el n\u00famero 34.688 <strong>- p\u00e1gina 2<\/strong> del 24 de febrero de 2024 (s\u00e1bado), en el diario Folha de S\u00e3o Paulo (SP), que denigra la imagen de los m\u00e9dicos brasile\u00f1os.<\/p>\n\n\n\n<p>Entendemos la importancia de la libertad de expresi\u00f3n y del humor en la sociedad, pero es inaceptable que los profesionales dedicados a la salud sean objeto de representaciones que irrespetan la nobleza de su profesi\u00f3n. La caricatura en cuesti\u00f3n no s\u00f3lo perpet\u00faa estereotipos da\u00f1inos, sino que tambi\u00e9n menosprecia el trabajo y el compromiso de los m\u00e9dicos para brindar atenci\u00f3n las 24 horas del d\u00eda, los 7 d\u00edas de la semana en todo el pa\u00eds.<\/p>\n\n\n\n<p>Reconocemos la responsabilidad de los medios de proporcionar contenido que promueva el respeto y la comprensi\u00f3n mutuos. La caricatura publicada en Folha de S\u00e3o Paulo no cumple con estos principios y recomendamos encarecidamente una revisi\u00f3n cr\u00edtica del enfoque editorial para evitar da\u00f1os a la reputaci\u00f3n de los m\u00e9dicos.<\/p>\n\n\n\n<p>CBR sigue comprometido a promover la excelencia en la pr\u00e1ctica de la Radiolog\u00eda y la atenci\u00f3n m\u00e9dica en general. Solicitamos una retractaci\u00f3n inmediata y una reflexi\u00f3n responsable sobre la forma en que somos retratados en los medios.<br><\/p>","protected":false},"excerpt":{"rendered":"<p>El Colegio Brasile\u00f1o de Radiolog\u00eda y Diagn\u00f3stico por la Imagen (CBR) repudia en\u00e9rgicamente la publicaci\u00f3n de la caricatura \u201cC\u00f3mo viste un violador\u201d de Mar\u00edlia Marz publicada en el n\u00famero 34.688 \u2013 p\u00e1gina 2 del 24 de febrero de 2024 (s\u00e1bado), en el peri\u00f3dico Folha de S\u00e3o Paulo (SP), que denigra la imagen de los m\u00e9dicos brasile\u00f1os. Entendemos el\u2026 <a href=\"https:\/\/cbr.org.br\/es\/nota-de-repudio-sobre-a-publicacao-da-charge-publicada-na-folha-de-sao-paulo-sp\/\">Sigue leyendo<\/a><\/p>","protected":false},"author":8,"featured_media":47645,"comment_status":"closed","ping_status":"closed","sticky":false,"template":"","format":"standard","meta":{"_acf_changed":false,"footnotes":""},"categories":[10],"tags":[50,64,65,627,628,96,66,626],"class_list":["post-48241","post","type-post","status-publish","format-standard","has-post-thumbnail","hentry","category-institucional","tag-cbr","tag-medicina","tag-medico","tag-nota","tag-notade-repudio","tag-radiologia","tag-radiologista","tag-repudio"],"acf":[],"_links":{"self":[{"href":"https:\/\/cbr.org.br\/es\/wp-json\/wp\/v2\/posts\/48241","targetHints":{"allow":["GET"]}}],"collection":[{"href":"https:\/\/cbr.org.br\/es\/wp-json\/wp\/v2\/posts"}],"about":[{"href":"https:\/\/cbr.org.br\/es\/wp-json\/wp\/v2\/types\/post"}],"author":[{"embeddable":true,"href":"https:\/\/cbr.org.br\/es\/wp-json\/wp\/v2\/users\/8"}],"replies":[{"embeddable":true,"href":"https:\/\/cbr.org.br\/es\/wp-json\/wp\/v2\/comments?post=48241"}],"version-history":[{"count":2,"href":"https:\/\/cbr.org.br\/es\/wp-json\/wp\/v2\/posts\/48241\/revisions"}],"predecessor-version":[{"id":48246,"href":"https:\/\/cbr.org.br\/es\/wp-json\/wp\/v2\/posts\/48241\/revisions\/48246"}],"wp:featuredmedia":[{"embeddable":true,"href":"https:\/\/cbr.org.br\/es\/wp-json\/wp\/v2\/media\/47645"}],"wp:attachment":[{"href":"https:\/\/cbr.org.br\/es\/wp-json\/wp\/v2\/media?parent=48241"}],"wp:term":[{"taxonomy":"category","embeddable":true,"href":"https:\/\/cbr.org.br\/es\/wp-json\/wp\/v2\/categories?post=48241"},{"taxonomy":"post_tag","embeddable":true,"href":"https:\/\/cbr.org.br\/es\/wp-json\/wp\/v2\/tags?post=48241"}],"curies":[{"name":"wp","href":"https:\/\/api.w.org\/{rel}","templated":true}]}}