{"id":48361,"date":"2024-03-06T10:27:21","date_gmt":"2024-03-06T13:27:21","guid":{"rendered":"https:\/\/cbr.org.br\/?p=48361"},"modified":"2024-03-06T10:40:23","modified_gmt":"2024-03-06T13:40:23","slug":"diretoria-do-cbr-se-reune-em-brasilia-df-com-o-senador-dr-hiran-goncalves-para-debater-questoes-sobre-a-defesa-da-especialidade-e-da-medicina-em-geral-por-nao-medicos","status":"publish","type":"post","link":"https:\/\/cbr.org.br\/es\/diretoria-do-cbr-se-reune-em-brasilia-df-com-o-senador-dr-hiran-goncalves-para-debater-questoes-sobre-a-defesa-da-especialidade-e-da-medicina-em-geral-por-nao-medicos\/","title":{"rendered":"El Consejo Directivo del CBR se re\u00fane en Brasilia (DF) con el Senador Dr. Hiran Gon\u00e7alves para discutir temas sobre la defensa de la especialidad y de la medicina en general por parte de no m\u00e9dicos"},"content":{"rendered":"<figure class=\"wp-block-image size-full is-resized\"><img fetchpriority=\"high\" decoding=\"async\" width=\"1600\" height=\"1066\" src=\"https:\/\/cbr.org.br\/wp-content\/uploads\/2024\/03\/Reuniao-com-o-Dr-Hiran-Goncalves-4.jpg\" alt=\"Reuni\u00e3o do CBR com o senador Dr. Hiran Gon\u00e7alves (PL-RR) sobre Defesa do Ato M\u00e9dico;\" class=\"wp-image-48362\" style=\"width:768px;height:auto\" srcset=\"https:\/\/cbr.org.br\/wp-content\/uploads\/2024\/03\/Reuniao-com-o-Dr-Hiran-Goncalves-4.jpg 1600w, https:\/\/cbr.org.br\/wp-content\/uploads\/2024\/03\/Reuniao-com-o-Dr-Hiran-Goncalves-4-811x540.jpg 811w, https:\/\/cbr.org.br\/wp-content\/uploads\/2024\/03\/Reuniao-com-o-Dr-Hiran-Goncalves-4-381x254.jpg 381w, https:\/\/cbr.org.br\/wp-content\/uploads\/2024\/03\/Reuniao-com-o-Dr-Hiran-Goncalves-4-768x512.jpg 768w, https:\/\/cbr.org.br\/wp-content\/uploads\/2024\/03\/Reuniao-com-o-Dr-Hiran-Goncalves-4-1536x1023.jpg 1536w, https:\/\/cbr.org.br\/wp-content\/uploads\/2024\/03\/Reuniao-com-o-Dr-Hiran-Goncalves-4-18x12.jpg 18w\" sizes=\"(max-width: 1600px) 100vw, 1600px\" \/><figcaption class=\"wp-element-caption\">De izquierda a derecha: Dr. Val\u00e9rio Ribeiro \u2013 CBR Legal; Dra. Cibele Carvalho \u2013 Presidenta CBR; Dr. Hiran Gon\u00e7alves \u2013 Senador de la Rep\u00fablica; Dr. Rubens Chojniak \u2013 1er Vicepresidente CBR; Dr. H\u00e9lio Braga \u2013 2\u00ba Vicepresidente CBR; Dra. Mayra Veloso \u2013 2da secretaria de la RBC; y Dra. Juliana Tapaj\u00f3s \u2013 Direcci\u00f3n de Defensa Profesional de CBR;  <\/figcaption><\/figure>\n\n\n\n<p><br>Ayer, 5 de marzo de 2024, el consejo directivo del Colegio Brasile\u00f1o de Radiolog\u00eda e Diagn\u00f3stico por Im\u00e1genes (CBR), representado por la Dra. Cibele Carvalho \u2013 Presidenta CBR; Dr. Rubens Chojniak \u2013 1er vicepresidente, Dr. H\u00e9lio Braga \u2013 2do vicepresidente, Dra. Mayra Veloso \u2013 2da secretaria; La Dra. Juliana Tapaj\u00f3s \u2013 Directora de Defensa Profesional, adem\u00e1s del Dr. Val\u00e9rio Ribeiro \u2013 CBR Legal, se reunieron en Brasilia (DF) con el senador Dr. Hiran Gon\u00e7alves (PP-RR), para discutir temas importantes para nuestra especialidad.&nbsp;<br><br>Entre otros temas, se abordaron temas como la invasi\u00f3n de la especialidad y de la medicina en general por parte de no m\u00e9dicos, el irrespeto a la Ley de Ley M\u00e9dica, la devaluaci\u00f3n de la remuneraci\u00f3n de la especialidad, que se encuentra en un momento cr\u00edtico, y una agenda de Reuniones del CBR con varias entidades a favor de la defensa de nuestra especialidad, con el apoyo del senador.<\/p>\n\n\n\n<figure class=\"wp-block-image size-full is-resized\"><img decoding=\"async\" width=\"1600\" height=\"1066\" src=\"https:\/\/cbr.org.br\/wp-content\/uploads\/2024\/03\/Reuniao-com-o-Dr-Hiran-Goncalves-1.jpg\" alt=\"\" class=\"wp-image-48366\" style=\"width:755px;height:auto\" srcset=\"https:\/\/cbr.org.br\/wp-content\/uploads\/2024\/03\/Reuniao-com-o-Dr-Hiran-Goncalves-1.jpg 1600w, https:\/\/cbr.org.br\/wp-content\/uploads\/2024\/03\/Reuniao-com-o-Dr-Hiran-Goncalves-1-811x540.jpg 811w, https:\/\/cbr.org.br\/wp-content\/uploads\/2024\/03\/Reuniao-com-o-Dr-Hiran-Goncalves-1-381x254.jpg 381w, https:\/\/cbr.org.br\/wp-content\/uploads\/2024\/03\/Reuniao-com-o-Dr-Hiran-Goncalves-1-768x512.jpg 768w, https:\/\/cbr.org.br\/wp-content\/uploads\/2024\/03\/Reuniao-com-o-Dr-Hiran-Goncalves-1-1536x1023.jpg 1536w, https:\/\/cbr.org.br\/wp-content\/uploads\/2024\/03\/Reuniao-com-o-Dr-Hiran-Goncalves-1-18x12.jpg 18w\" sizes=\"(max-width: 1600px) 100vw, 1600px\" \/><figcaption class=\"wp-element-caption\">Consejo de RBC durante la reuni\u00f3n con el Dr. Hiran Gon\u00e7alves.<\/figcaption><\/figure>\n\n\n\n<p>Es el CBR con operaciones enfocadas en beneficiar a sus afiliados y a la Radiolog\u00eda Brasile\u00f1a.<br><br>\u00a1La radiolog\u00eda es esencial!&nbsp;<br>Juntos somos m\u00e1s fuertes.<\/p>","protected":false},"excerpt":{"rendered":"<p>Ayer, 5 de marzo de 2024, el consejo directivo del Colegio Brasile\u00f1o de Radiolog\u00eda e Diagn\u00f3stico por Im\u00e1genes (CBR), representado por la Dra. Cibele Carvalho \u2013 Presidenta CBR; Dr. Rubens Chojniak \u2013 1er vicepresidente, Dr. H\u00e9lio Braga \u2013 2do vicepresidente, Dra. Mayra Veloso \u2013 2da secretaria; Dra. Juliana Tapaj\u00f3s \u2013 Directora de Defensa Profesional, adem\u00e1s del Dr. \u2026 <a href=\"https:\/\/cbr.org.br\/es\/diretoria-do-cbr-se-reune-em-brasilia-df-com-o-senador-dr-hiran-goncalves-para-debater-questoes-sobre-a-defesa-da-especialidade-e-da-medicina-em-geral-por-nao-medicos\/\">Sigue leyendo<\/a><\/p>","protected":false},"author":8,"featured_media":48362,"comment_status":"closed","ping_status":"closed","sticky":false,"template":"","format":"standard","meta":{"_acf_changed":false,"footnotes":""},"categories":[4,10],"tags":[6,630,96,66],"class_list":["post-48361","post","type-post","status-publish","format-standard","has-post-thumbnail","hentry","category-defesa-profissional","category-institucional","tag-defesa-profissional","tag-defesadoatomedico","tag-radiologia","tag-radiologista"],"acf":[],"_links":{"self":[{"href":"https:\/\/cbr.org.br\/es\/wp-json\/wp\/v2\/posts\/48361","targetHints":{"allow":["GET"]}}],"collection":[{"href":"https:\/\/cbr.org.br\/es\/wp-json\/wp\/v2\/posts"}],"about":[{"href":"https:\/\/cbr.org.br\/es\/wp-json\/wp\/v2\/types\/post"}],"author":[{"embeddable":true,"href":"https:\/\/cbr.org.br\/es\/wp-json\/wp\/v2\/users\/8"}],"replies":[{"embeddable":true,"href":"https:\/\/cbr.org.br\/es\/wp-json\/wp\/v2\/comments?post=48361"}],"version-history":[{"count":3,"href":"https:\/\/cbr.org.br\/es\/wp-json\/wp\/v2\/posts\/48361\/revisions"}],"predecessor-version":[{"id":48368,"href":"https:\/\/cbr.org.br\/es\/wp-json\/wp\/v2\/posts\/48361\/revisions\/48368"}],"wp:featuredmedia":[{"embeddable":true,"href":"https:\/\/cbr.org.br\/es\/wp-json\/wp\/v2\/media\/48362"}],"wp:attachment":[{"href":"https:\/\/cbr.org.br\/es\/wp-json\/wp\/v2\/media?parent=48361"}],"wp:term":[{"taxonomy":"category","embeddable":true,"href":"https:\/\/cbr.org.br\/es\/wp-json\/wp\/v2\/categories?post=48361"},{"taxonomy":"post_tag","embeddable":true,"href":"https:\/\/cbr.org.br\/es\/wp-json\/wp\/v2\/tags?post=48361"}],"curies":[{"name":"wp","href":"https:\/\/api.w.org\/{rel}","templated":true}]}}