{"id":48369,"date":"2024-03-06T12:18:51","date_gmt":"2024-03-06T15:18:51","guid":{"rendered":"https:\/\/cbr.org.br\/?p=48369"},"modified":"2024-03-06T12:25:20","modified_gmt":"2024-03-06T15:25:20","slug":"cbr-atua-ativamente-com-o-cfm-na-defesa-do-ato-medico","status":"publish","type":"post","link":"https:\/\/cbr.org.br\/es\/cbr-atua-ativamente-com-o-cfm-na-defesa-do-ato-medico\/","title":{"rendered":"CBR trabaja activamente con CFM en la defensa de la Ley M\u00e9dica y la valoraci\u00f3n del RQE"},"content":{"rendered":"<figure class=\"wp-block-image size-large is-resized\"><img fetchpriority=\"high\" decoding=\"async\" width=\"810\" height=\"1080\" src=\"https:\/\/cbr.org.br\/wp-content\/uploads\/2024\/03\/Reuniao-com-o-CFM-810x1080.jpg\" alt=\"\" class=\"wp-image-48371\" style=\"width:700px;height:auto\" srcset=\"https:\/\/cbr.org.br\/wp-content\/uploads\/2024\/03\/Reuniao-com-o-CFM-810x1080.jpg 810w, https:\/\/cbr.org.br\/wp-content\/uploads\/2024\/03\/Reuniao-com-o-CFM-405x540.jpg 405w, https:\/\/cbr.org.br\/wp-content\/uploads\/2024\/03\/Reuniao-com-o-CFM-191x254.jpg 191w, https:\/\/cbr.org.br\/wp-content\/uploads\/2024\/03\/Reuniao-com-o-CFM-768x1024.jpg 768w, https:\/\/cbr.org.br\/wp-content\/uploads\/2024\/03\/Reuniao-com-o-CFM-9x12.jpg 9w, https:\/\/cbr.org.br\/wp-content\/uploads\/2024\/03\/Reuniao-com-o-CFM.jpg 960w\" sizes=\"(max-width: 810px) 100vw, 810px\" \/><figcaption class=\"wp-element-caption\">De izquierda a derecha: Dr. H\u00e9lio Braga \u2013 2\u00ba Vicepresidente CBR; Dra. Juliana Tapaj\u00f3s \u2013 Direcci\u00f3n de Defensa Profesional CBR; Dra. Cibele Carvalho \u2013 Presidenta CBR; Dr. Jos\u00e9 Hiran da Silva Gallo \u2013 Presidente CFM; Dr. Rubens Chojniak \u2013 1er Vicepresidente CBR; Dr. Val\u00e9rio Ribeiro \u2013 CBR Legal y Dra. Mayra Veloso \u2013 2\u00aa Secretaria de CBR;<\/figcaption><\/figure>\n\n\n\n<p><br>El 5 de marzo de 2024, en la sede del Consejo Federal de Medicina (CFM), en Brasilia (DF), se reuni\u00f3 el Consejo Directivo del Colegio Brasile\u00f1o de Radiolog\u00eda e Im\u00e1genes Diagn\u00f3sticas (CBR), representado por la Dra. Cibele Carvalho \u2013 Presidenta ; Dr. Rubens Chojniak \u2013 1er Vicepresidente; Dr. H\u00e9lio Braga \u2013 2\u00ba Vicepresidente; Dra. Juliana Tapaj\u00f3s \u2013 Direcci\u00f3n de Defensa Profesional; Dra. Mayra Veloso \u2013 2da secretaria; y el Dr. Val\u00e9rio Ribeiro \u2013 asesor jur\u00eddico del CBR y del CFM representado por el Dr. Jos\u00e9 Hiran da Silva Gallo \u2013 Presidente;<\/p>\n\n\n\n<p>Durante el encuentro, reforzamos el compromiso de CBR con las prerrogativas en Defensa de la Ley M\u00e9dica y la valorizaci\u00f3n del Registro de Cualificaci\u00f3n de Especialistas (RQE).<\/p>\n\n\n\n<p>Aprovechamos el encuentro para agradecer todo el apoyo del CFM en la defensa de la ecograf\u00eda como una actividad privada de los m\u00e9dicos.<br><br>#CBR_Radiolog\u00eda<br>#CBR75a\u00f1os<br>#radiolog\u00eda<br>#Radiolog\u00eda<br>#DefesadoAtoMedico<\/p>","protected":false},"excerpt":{"rendered":"<p>El 5 de marzo de 2024, en la sede del Consejo Federal de Medicina (CFM), en Brasilia (DF), se reuni\u00f3 el Consejo Directivo del Colegio Brasile\u00f1o de Radiolog\u00eda e Im\u00e1genes Diagn\u00f3sticas (CBR), representado por la Dra. Cibele Carvalho \u2013 Presidenta ; Dr. Rubens Chojniak \u2013 1er Vicepresidente; Dr. H\u00e9lio Braga \u2013 2\u00ba Vicepresidente; Dra. Juliana Tapaj\u00f3s \u2013 \u2026 <a href=\"https:\/\/cbr.org.br\/es\/cbr-atua-ativamente-com-o-cfm-na-defesa-do-ato-medico\/\">Sigue leyendo<\/a><\/p>","protected":false},"author":8,"featured_media":48371,"comment_status":"closed","ping_status":"closed","sticky":false,"template":"","format":"standard","meta":{"_acf_changed":false,"footnotes":""},"categories":[4,10],"tags":[631,6,96,66,632],"class_list":["post-48369","post","type-post","status-publish","format-standard","has-post-thumbnail","hentry","category-defesa-profissional","category-institucional","tag-defesa-do-ato-medico","tag-defesa-profissional","tag-radiologia","tag-radiologista","tag-valorizacao-do-rqe"],"acf":[],"_links":{"self":[{"href":"https:\/\/cbr.org.br\/es\/wp-json\/wp\/v2\/posts\/48369","targetHints":{"allow":["GET"]}}],"collection":[{"href":"https:\/\/cbr.org.br\/es\/wp-json\/wp\/v2\/posts"}],"about":[{"href":"https:\/\/cbr.org.br\/es\/wp-json\/wp\/v2\/types\/post"}],"author":[{"embeddable":true,"href":"https:\/\/cbr.org.br\/es\/wp-json\/wp\/v2\/users\/8"}],"replies":[{"embeddable":true,"href":"https:\/\/cbr.org.br\/es\/wp-json\/wp\/v2\/comments?post=48369"}],"version-history":[{"count":2,"href":"https:\/\/cbr.org.br\/es\/wp-json\/wp\/v2\/posts\/48369\/revisions"}],"predecessor-version":[{"id":48373,"href":"https:\/\/cbr.org.br\/es\/wp-json\/wp\/v2\/posts\/48369\/revisions\/48373"}],"wp:featuredmedia":[{"embeddable":true,"href":"https:\/\/cbr.org.br\/es\/wp-json\/wp\/v2\/media\/48371"}],"wp:attachment":[{"href":"https:\/\/cbr.org.br\/es\/wp-json\/wp\/v2\/media?parent=48369"}],"wp:term":[{"taxonomy":"category","embeddable":true,"href":"https:\/\/cbr.org.br\/es\/wp-json\/wp\/v2\/categories?post=48369"},{"taxonomy":"post_tag","embeddable":true,"href":"https:\/\/cbr.org.br\/es\/wp-json\/wp\/v2\/tags?post=48369"}],"curies":[{"name":"wp","href":"https:\/\/api.w.org\/{rel}","templated":true}]}}