{"id":49500,"date":"2024-08-21T10:13:21","date_gmt":"2024-08-21T13:13:21","guid":{"rendered":"https:\/\/cbr.org.br\/?p=49500"},"modified":"2024-08-21T10:13:22","modified_gmt":"2024-08-21T13:13:22","slug":"alunos-da-segunda-turma-do-mba-gestao-em-medicina-diagnostica-realizam-encontros-presenciais","status":"publish","type":"post","link":"https:\/\/cbr.org.br\/es\/alunos-da-segunda-turma-do-mba-gestao-em-medicina-diagnostica-realizam-encontros-presenciais\/","title":{"rendered":"Estudiantes de la segunda promoci\u00f3n del MBA Gesti\u00f3n en Medicina Diagn\u00f3stica sostienen reuniones presenciales"},"content":{"rendered":"<figure class=\"wp-block-image size-large\"><img fetchpriority=\"high\" decoding=\"async\" width=\"1440\" height=\"1080\" src=\"https:\/\/cbr.org.br\/wp-content\/uploads\/2024\/08\/Ft-1-1440x1080.jpg\" alt=\"\" class=\"wp-image-49501\" srcset=\"https:\/\/cbr.org.br\/wp-content\/uploads\/2024\/08\/Ft-1-1440x1080.jpg 1440w, https:\/\/cbr.org.br\/wp-content\/uploads\/2024\/08\/Ft-1-720x540.jpg 720w, https:\/\/cbr.org.br\/wp-content\/uploads\/2024\/08\/Ft-1-339x254.jpg 339w, https:\/\/cbr.org.br\/wp-content\/uploads\/2024\/08\/Ft-1-768x576.jpg 768w, https:\/\/cbr.org.br\/wp-content\/uploads\/2024\/08\/Ft-1-1536x1152.jpg 1536w, https:\/\/cbr.org.br\/wp-content\/uploads\/2024\/08\/Ft-1-2048x1536.jpg 2048w, https:\/\/cbr.org.br\/wp-content\/uploads\/2024\/08\/Ft-1-16x12.jpg 16w\" sizes=\"(max-width: 1440px) 100vw, 1440px\" \/><\/figure>\n\n\n\n<p>Pie de foto: Estudiantes de la segunda promoci\u00f3n del MBA Gesti\u00f3n en Medicina Diagn\u00f3stica durante clase en la sede de CBR<\/p>\n\n\n\n<p>Cr\u00e9dito: CBR<\/p>\n\n\n\n<p>La segunda promoci\u00f3n del MBA Gesti\u00f3n en Medicina Diagn\u00f3stica CBR-FIA tuvo reuniones presenciales en agosto. Los estudiantes tuvieron varias actividades los d\u00edas 2 y 3 de agosto, que se realizaron en el Instituto de Radiolog\u00eda del Hospital das Cl\u00ednicas FMUSP (InRad), InovaHC, InLab y en el Col\u00e9gio Brasileiro de Radiolog\u00eda e Diagn\u00f3stico por Imagem (CBR), en Adem\u00e1s de la hora feliz.\u00a0<\/p>\n\n\n\n<p><strong><a href=\"https:\/\/cbr.org.br\/es\/dirigente-do-cbr-conquista-assento-no-conselho-federal-de-medicina\/\">+Director de CBR gana esca\u00f1o en el Consejo Federal de Medicina<\/a><\/strong><\/p>\n\n\n\n<p><strong>Actividad en Inrad<\/strong><\/p>\n\n\n\n<p>El 2 de agosto, los estudiantes tuvieron experiencia pr\u00e1ctica dentro de InRad, In Lab e InovaHC. Tuvieron clases sobre \u201cinnovaci\u00f3n y emprendimiento en salud\u201d, con el Dr. Rubens Chojniak \u2013 Vicepresidente de CBR, el Prof. Renato Machado y Prof. Marcelo Tavares \u2013 Coordinador MBA. Hubo momentos de intercambio de conocimientos, relaciones, <em>redes<\/em> y pr\u00e1cticas de innovaci\u00f3n y emprendimiento en salud. Despu\u00e9s de clases, los estudiantes terminaron las actividades del d\u00eda con <em>hora feliz<\/em>.&nbsp;<\/p>\n\n\n\n<p><strong>Clases en CBR<\/strong><\/p>\n\n\n\n<p>Durante el s\u00e1bado 3 de agosto, las clases de la segunda promoci\u00f3n del MBA Gesti\u00f3n en Medicina Diagn\u00f3stica se dividieron en dos partes. La primera clase \u201cGesti\u00f3n de la calidad de vida: estr\u00e9s y resiliencia\u201d fue durante la ma\u00f1ana, dijo la profesora Ana Cristina Limongi Fran\u00e7a. Durante la tarde, los alumnos disfrutaron de la clase \u201cNarrativas y Culturas\u201d de la profesora F\u00e1tima Jinnyat.<\/p>\n\n\n\n<p><strong>Mantente al tanto de las redes sociales de CBR, s\u00edguenos en\u00a0<a href=\"https:\/\/www.instagram.com\/cbr_radiologia\/\" target=\"_blank\" rel=\"noreferrer noopener\">Instagram\u00a0<\/a>,\u00a0<a href=\"https:\/\/www.facebook.com\/CBRadiologia\/?locale=pt_BR\" target=\"_blank\" rel=\"noreferrer noopener\">Facebook<\/a>\u00a0Es\u00a0<a href=\"https:\/\/br.linkedin.com\/company\/colegiobrasileiroderadiologiaediagn%C3%B3sticoporimagem\" target=\"_blank\" rel=\"noreferrer noopener\">LinkedIn<\/a><\/strong><\/p>\n\n\n\n<p><strong>Mira algunas fotos\u00a0<\/strong><\/p>\n\n\n\n<figure class=\"wp-block-image size-large is-resized\"><img decoding=\"async\" width=\"1920\" height=\"864\" src=\"https:\/\/cbr.org.br\/wp-content\/uploads\/2024\/08\/ft-2-1920x864.jpg\" alt=\"\" class=\"wp-image-49502\" style=\"width:469px;height:auto\" srcset=\"https:\/\/cbr.org.br\/wp-content\/uploads\/2024\/08\/ft-2-1920x864.jpg 1920w, https:\/\/cbr.org.br\/wp-content\/uploads\/2024\/08\/ft-2-960x432.jpg 960w, https:\/\/cbr.org.br\/wp-content\/uploads\/2024\/08\/ft-2-450x203.jpg 450w, https:\/\/cbr.org.br\/wp-content\/uploads\/2024\/08\/ft-2-768x346.jpg 768w, https:\/\/cbr.org.br\/wp-content\/uploads\/2024\/08\/ft-2-1536x691.jpg 1536w, https:\/\/cbr.org.br\/wp-content\/uploads\/2024\/08\/ft-2-2048x922.jpg 2048w, https:\/\/cbr.org.br\/wp-content\/uploads\/2024\/08\/ft-2-18x8.jpg 18w\" sizes=\"(max-width: 1920px) 100vw, 1920px\" \/><figcaption class=\"wp-element-caption\">Leyenda: Estudiantes durante el primer d\u00eda de actividades presenciales en InovaHC<br>Cr\u00e9dito: CBR<\/figcaption><\/figure>\n\n\n\n<figure class=\"wp-block-image size-large is-resized\"><img decoding=\"async\" width=\"1920\" height=\"864\" src=\"https:\/\/cbr.org.br\/wp-content\/uploads\/2024\/08\/Ft-3-1920x864.jpg\" alt=\"\" class=\"wp-image-49503\" style=\"width:480px;height:auto\" srcset=\"https:\/\/cbr.org.br\/wp-content\/uploads\/2024\/08\/Ft-3-1920x864.jpg 1920w, https:\/\/cbr.org.br\/wp-content\/uploads\/2024\/08\/Ft-3-960x432.jpg 960w, https:\/\/cbr.org.br\/wp-content\/uploads\/2024\/08\/Ft-3-450x202.jpg 450w, https:\/\/cbr.org.br\/wp-content\/uploads\/2024\/08\/Ft-3-768x345.jpg 768w, https:\/\/cbr.org.br\/wp-content\/uploads\/2024\/08\/Ft-3-1536x691.jpg 1536w, https:\/\/cbr.org.br\/wp-content\/uploads\/2024\/08\/Ft-3-2048x921.jpg 2048w, https:\/\/cbr.org.br\/wp-content\/uploads\/2024\/08\/Ft-3-18x8.jpg 18w\" sizes=\"(max-width: 1920px) 100vw, 1920px\" \/><figcaption class=\"wp-element-caption\">Leyenda: Estudiantes durante el primer d\u00eda de actividades presenciales en InRad<br>Cr\u00e9dito: CBR<\/figcaption><\/figure>\n\n\n\n<figure class=\"wp-block-image size-large is-resized\"><img loading=\"lazy\" decoding=\"async\" width=\"1920\" height=\"864\" src=\"https:\/\/cbr.org.br\/wp-content\/uploads\/2024\/08\/Ft-4-1920x864.jpg\" alt=\"\" class=\"wp-image-49504\" style=\"width:491px;height:auto\" srcset=\"https:\/\/cbr.org.br\/wp-content\/uploads\/2024\/08\/Ft-4-1920x864.jpg 1920w, https:\/\/cbr.org.br\/wp-content\/uploads\/2024\/08\/Ft-4-960x432.jpg 960w, https:\/\/cbr.org.br\/wp-content\/uploads\/2024\/08\/Ft-4-450x203.jpg 450w, https:\/\/cbr.org.br\/wp-content\/uploads\/2024\/08\/Ft-4-768x346.jpg 768w, https:\/\/cbr.org.br\/wp-content\/uploads\/2024\/08\/Ft-4-1536x691.jpg 1536w, https:\/\/cbr.org.br\/wp-content\/uploads\/2024\/08\/Ft-4-2048x922.jpg 2048w, https:\/\/cbr.org.br\/wp-content\/uploads\/2024\/08\/Ft-4-18x8.jpg 18w\" sizes=\"(max-width: 1920px) 100vw, 1920px\" \/><figcaption class=\"wp-element-caption\">Leyenda: Estudiantes durante el primer d\u00eda de actividades presenciales en el auditorio de Inova HC<br>Cr\u00e9dito: CBR<\/figcaption><\/figure>\n\n\n\n<p><\/p>","protected":false},"excerpt":{"rendered":"<p>Pie de foto: Estudiantes de la segunda promoci\u00f3n del MBA Gesti\u00f3n en Medicina Diagn\u00f3stica durante una clase en la sede de CBR Cr\u00e9dito: CBR La 2da promoci\u00f3n del MBA Gesti\u00f3n en Medicina Diagn\u00f3stica CBR-FIA tuvo reuniones presenciales en agosto. Los estudiantes tuvieron varias actividades los d\u00edas 2 y 3 de agosto, las cuales se llevaron a cabo en el Instituto de Radiolog\u00eda\u2026 <a href=\"https:\/\/cbr.org.br\/es\/alunos-da-segunda-turma-do-mba-gestao-em-medicina-diagnostica-realizam-encontros-presenciais\/\">Sigue leyendo<\/a><\/p>","protected":false},"author":24,"featured_media":49505,"comment_status":"closed","ping_status":"closed","sticky":false,"template":"","format":"standard","meta":{"_acf_changed":false,"footnotes":""},"categories":[10],"tags":[50,111,569,570,96,66],"class_list":["post-49500","post","type-post","status-publish","format-standard","has-post-thumbnail","hentry","category-institucional","tag-cbr","tag-diagnostico-por-imagem","tag-mba-cbr-fia","tag-mba-gestao-em-medicina-diagnostica","tag-radiologia","tag-radiologista"],"acf":[],"_links":{"self":[{"href":"https:\/\/cbr.org.br\/es\/wp-json\/wp\/v2\/posts\/49500","targetHints":{"allow":["GET"]}}],"collection":[{"href":"https:\/\/cbr.org.br\/es\/wp-json\/wp\/v2\/posts"}],"about":[{"href":"https:\/\/cbr.org.br\/es\/wp-json\/wp\/v2\/types\/post"}],"author":[{"embeddable":true,"href":"https:\/\/cbr.org.br\/es\/wp-json\/wp\/v2\/users\/24"}],"replies":[{"embeddable":true,"href":"https:\/\/cbr.org.br\/es\/wp-json\/wp\/v2\/comments?post=49500"}],"version-history":[{"count":2,"href":"https:\/\/cbr.org.br\/es\/wp-json\/wp\/v2\/posts\/49500\/revisions"}],"predecessor-version":[{"id":49507,"href":"https:\/\/cbr.org.br\/es\/wp-json\/wp\/v2\/posts\/49500\/revisions\/49507"}],"wp:featuredmedia":[{"embeddable":true,"href":"https:\/\/cbr.org.br\/es\/wp-json\/wp\/v2\/media\/49505"}],"wp:attachment":[{"href":"https:\/\/cbr.org.br\/es\/wp-json\/wp\/v2\/media?parent=49500"}],"wp:term":[{"taxonomy":"category","embeddable":true,"href":"https:\/\/cbr.org.br\/es\/wp-json\/wp\/v2\/categories?post=49500"},{"taxonomy":"post_tag","embeddable":true,"href":"https:\/\/cbr.org.br\/es\/wp-json\/wp\/v2\/tags?post=49500"}],"curies":[{"name":"wp","href":"https:\/\/api.w.org\/{rel}","templated":true}]}}