{"id":49535,"date":"2024-08-27T11:31:46","date_gmt":"2024-08-27T14:31:46","guid":{"rendered":"https:\/\/cbr.org.br\/?p=49535"},"modified":"2024-08-27T11:32:29","modified_gmt":"2024-08-27T14:32:29","slug":"exposicao-dos-75-anos-do-cbr-e-inaugurada-no-museu-da-anm","status":"publish","type":"post","link":"https:\/\/cbr.org.br\/es\/exposicao-dos-75-anos-do-cbr-e-inaugurada-no-museu-da-anm\/","title":{"rendered":"Inaugurada exposici\u00f3n del 75 aniversario de CBR en el Museo ANM"},"content":{"rendered":"<p>La exposici\u00f3n estar\u00e1 disponible para su visualizaci\u00f3n del 2 de agosto al 30 de septiembre, de lunes a viernes, de 10 a 17 horas (hora de Brasilia)<\/p>\n\n\n\n<figure class=\"wp-block-image size-large is-resized\"><img fetchpriority=\"high\" decoding=\"async\" width=\"810\" height=\"1080\" src=\"https:\/\/cbr.org.br\/wp-content\/uploads\/2024\/08\/1-1-810x1080.jpg\" alt=\"\" class=\"wp-image-49537\" style=\"width:529px;height:auto\" srcset=\"https:\/\/cbr.org.br\/wp-content\/uploads\/2024\/08\/1-1-810x1080.jpg 810w, https:\/\/cbr.org.br\/wp-content\/uploads\/2024\/08\/1-1-405x540.jpg 405w, https:\/\/cbr.org.br\/wp-content\/uploads\/2024\/08\/1-1-191x254.jpg 191w, https:\/\/cbr.org.br\/wp-content\/uploads\/2024\/08\/1-1-768x1024.jpg 768w, https:\/\/cbr.org.br\/wp-content\/uploads\/2024\/08\/1-1-9x12.jpg 9w, https:\/\/cbr.org.br\/wp-content\/uploads\/2024\/08\/1-1.jpg 960w\" sizes=\"(max-width: 810px) 100vw, 810px\" \/><figcaption class=\"wp-element-caption\">Pie de foto: Exposici\u00f3n que celebra el 75\u00ba aniversario de la RBC en la Academia Nacional de Medicina, en R\u00edo de Janeiro (RJ)<br>Cr\u00e9dito: CBR<\/figcaption><\/figure>\n\n\n\n<p>La Academia Nacional de Medicina (ANM) inaugur\u00f3 la exposici\u00f3n 75 aniversario del CBR en el Museo Inaldo de Lyra Neves-Manta, en la propia sede de la ANM. Este panel CBR fue desarrollado para celebrar el 75\u00ba aniversario del Col\u00e9gio Brasileiro de Radiolog\u00eda e Diagn\u00f3stico por Imagem (CBR) y fue exhibido durante el 52\u00ba Congreso Brasile\u00f1o de Radiolog\u00eda y Diagn\u00f3stico por Im\u00e1genes (CBR23), celebrado el a\u00f1o pasado en R\u00edo de Janeiro (RJ) .\u00a0<\/p>\n\n\n\n<p><strong>Mantente al tanto de las redes sociales de CBR, s\u00edguenos en\u00a0<a href=\"https:\/\/www.instagram.com\/cbr_radiologia\/\" target=\"_blank\" rel=\"noreferrer noopener\">Instagram\u00a0<\/a>,\u00a0<a href=\"https:\/\/www.facebook.com\/CBRadiologia\/?locale=pt_BR\" target=\"_blank\" rel=\"noreferrer noopener\">Facebook<\/a>\u00a0Es\u00a0<a href=\"https:\/\/br.linkedin.com\/company\/colegiobrasileiroderadiologiaediagn%C3%B3sticoporimagem\" target=\"_blank\" rel=\"noreferrer noopener\">LinkedIn<\/a><\/strong><\/p>\n\n\n\n<p>La exposici\u00f3n del 75 aniversario de CBR presenta im\u00e1genes de todos los presidentes del Colegio y fotograf\u00edas hist\u00f3ricas de la colecci\u00f3n. En CBR23, la exposici\u00f3n present\u00f3 un mapa de Brasil con todos los estados que ya fueron sede del Congreso Brasile\u00f1o de Radiolog\u00eda y Diagn\u00f3stico por Im\u00e1genes y mucho m\u00e1s. Ac\u00e9rcate al museo ANM y conoce nuestra historia a lo largo de 75 a\u00f1os. La exposici\u00f3n estar\u00e1 disponible en la Academia Nacional de Medicina desde el 2 de agosto hasta el 30 de septiembre.<\/p>\n\n\n\n<p><strong><a href=\"https:\/\/cbr.org.br\/es\/segunda-edicao-da-prova-de-titulo-de-especialista-2024-acontece-em-setembro\/\">+Leer m\u00e1s: En septiembre se realiza segunda edici\u00f3n de la Prueba de T\u00edtulo de Especialista 2024<\/a><\/strong><\/p>\n\n\n\n<p>Descubra algunas fotograf\u00edas de la colecci\u00f3n disponible en esta hermosa exposici\u00f3n en el Museo Inaldo de Lyra Neves-Manta (Museo ANM):<\/p>\n\n\n\n<figure class=\"wp-block-image size-large is-resized\"><img decoding=\"async\" width=\"810\" height=\"1080\" src=\"https:\/\/cbr.org.br\/wp-content\/uploads\/2024\/08\/2-810x1080.jpeg\" alt=\"\" class=\"wp-image-49538\" style=\"width:364px;height:auto\" srcset=\"https:\/\/cbr.org.br\/wp-content\/uploads\/2024\/08\/2-810x1080.jpeg 810w, https:\/\/cbr.org.br\/wp-content\/uploads\/2024\/08\/2-405x540.jpeg 405w, https:\/\/cbr.org.br\/wp-content\/uploads\/2024\/08\/2-191x254.jpeg 191w, https:\/\/cbr.org.br\/wp-content\/uploads\/2024\/08\/2-768x1024.jpeg 768w, https:\/\/cbr.org.br\/wp-content\/uploads\/2024\/08\/2-9x12.jpeg 9w, https:\/\/cbr.org.br\/wp-content\/uploads\/2024\/08\/2.jpeg 960w\" sizes=\"(max-width: 810px) 100vw, 810px\" \/><figcaption class=\"wp-element-caption\">Subt\u00edtulo: Exposici\u00f3n del 75 aniversario de CBR - Publicaciones CBR<br>Cr\u00e9dito: CBR<\/figcaption><\/figure>\n\n\n\n<figure class=\"wp-block-image size-full is-resized\"><img decoding=\"async\" width=\"1280\" height=\"960\" src=\"https:\/\/cbr.org.br\/wp-content\/uploads\/2024\/08\/3.jpeg\" alt=\"\" class=\"wp-image-49539\" style=\"width:359px;height:auto\" srcset=\"https:\/\/cbr.org.br\/wp-content\/uploads\/2024\/08\/3.jpeg 1280w, https:\/\/cbr.org.br\/wp-content\/uploads\/2024\/08\/3-720x540.jpeg 720w, https:\/\/cbr.org.br\/wp-content\/uploads\/2024\/08\/3-339x254.jpeg 339w, https:\/\/cbr.org.br\/wp-content\/uploads\/2024\/08\/3-768x576.jpeg 768w, https:\/\/cbr.org.br\/wp-content\/uploads\/2024\/08\/3-16x12.jpeg 16w\" sizes=\"(max-width: 1280px) 100vw, 1280px\" \/><figcaption class=\"wp-element-caption\">Subt\u00edtulo: Panel de la galer\u00eda de presidentes de CBR<br>Cr\u00e9dito: CBR<\/figcaption><\/figure>\n\n\n\n<figure class=\"wp-block-image size-large is-resized\"><img loading=\"lazy\" decoding=\"async\" width=\"810\" height=\"1080\" src=\"https:\/\/cbr.org.br\/wp-content\/uploads\/2024\/08\/4-810x1080.jpeg\" alt=\"\" class=\"wp-image-49540\" style=\"width:365px;height:auto\" srcset=\"https:\/\/cbr.org.br\/wp-content\/uploads\/2024\/08\/4-810x1080.jpeg 810w, https:\/\/cbr.org.br\/wp-content\/uploads\/2024\/08\/4-405x540.jpeg 405w, https:\/\/cbr.org.br\/wp-content\/uploads\/2024\/08\/4-191x254.jpeg 191w, https:\/\/cbr.org.br\/wp-content\/uploads\/2024\/08\/4-768x1024.jpeg 768w, https:\/\/cbr.org.br\/wp-content\/uploads\/2024\/08\/4-9x12.jpeg 9w, https:\/\/cbr.org.br\/wp-content\/uploads\/2024\/08\/4.jpeg 960w\" sizes=\"(max-width: 810px) 100vw, 810px\" \/><figcaption class=\"wp-element-caption\">Exposici\u00f3n del 75 aniversario de CBR: paneles de los a\u00f1os 80 y 90<br>Cr\u00e9dito: CBR<\/figcaption><\/figure>\n\n\n\n<figure class=\"wp-block-image size-large is-resized\"><img loading=\"lazy\" decoding=\"async\" width=\"810\" height=\"1080\" src=\"https:\/\/cbr.org.br\/wp-content\/uploads\/2024\/08\/5-810x1080.jpeg\" alt=\"\" class=\"wp-image-49541\" style=\"width:377px;height:auto\" srcset=\"https:\/\/cbr.org.br\/wp-content\/uploads\/2024\/08\/5-810x1080.jpeg 810w, https:\/\/cbr.org.br\/wp-content\/uploads\/2024\/08\/5-405x540.jpeg 405w, https:\/\/cbr.org.br\/wp-content\/uploads\/2024\/08\/5-191x254.jpeg 191w, https:\/\/cbr.org.br\/wp-content\/uploads\/2024\/08\/5-768x1024.jpeg 768w, https:\/\/cbr.org.br\/wp-content\/uploads\/2024\/08\/5-9x12.jpeg 9w, https:\/\/cbr.org.br\/wp-content\/uploads\/2024\/08\/5.jpeg 960w\" sizes=\"(max-width: 810px) 100vw, 810px\" \/><figcaption class=\"wp-element-caption\">Leyenda: Panel de campa\u00f1a de agradecimiento a los radi\u00f3logos \u2013 RAD \u00e9 Ess\u00eancia con la presidenta Dra. Cibele Carvalho<br>Cr\u00e9dito: CBR<\/figcaption><\/figure>\n\n\n\n<figure class=\"wp-block-image size-full is-resized\"><img loading=\"lazy\" decoding=\"async\" width=\"1280\" height=\"960\" src=\"https:\/\/cbr.org.br\/wp-content\/uploads\/2024\/08\/6.jpeg\" alt=\"\" class=\"wp-image-49542\" style=\"width:376px;height:auto\" srcset=\"https:\/\/cbr.org.br\/wp-content\/uploads\/2024\/08\/6.jpeg 1280w, https:\/\/cbr.org.br\/wp-content\/uploads\/2024\/08\/6-720x540.jpeg 720w, https:\/\/cbr.org.br\/wp-content\/uploads\/2024\/08\/6-339x254.jpeg 339w, https:\/\/cbr.org.br\/wp-content\/uploads\/2024\/08\/6-768x576.jpeg 768w, https:\/\/cbr.org.br\/wp-content\/uploads\/2024\/08\/6-16x12.jpeg 16w\" sizes=\"(max-width: 1280px) 100vw, 1280px\" \/><figcaption class=\"wp-element-caption\">Leyenda: Exposici\u00f3n del 75 aniversario de CBR: paneles de los a\u00f1os 40 y 50<br>Cr\u00e9dito: CBR<\/figcaption><\/figure>\n\n\n\n<figure class=\"wp-block-image size-large is-resized\"><img loading=\"lazy\" decoding=\"async\" width=\"810\" height=\"1080\" src=\"https:\/\/cbr.org.br\/wp-content\/uploads\/2024\/08\/7-810x1080.jpeg\" alt=\"\" class=\"wp-image-49543\" style=\"width:309px;height:auto\" srcset=\"https:\/\/cbr.org.br\/wp-content\/uploads\/2024\/08\/7-810x1080.jpeg 810w, https:\/\/cbr.org.br\/wp-content\/uploads\/2024\/08\/7-405x540.jpeg 405w, https:\/\/cbr.org.br\/wp-content\/uploads\/2024\/08\/7-191x254.jpeg 191w, https:\/\/cbr.org.br\/wp-content\/uploads\/2024\/08\/7-768x1024.jpeg 768w, https:\/\/cbr.org.br\/wp-content\/uploads\/2024\/08\/7-9x12.jpeg 9w, https:\/\/cbr.org.br\/wp-content\/uploads\/2024\/08\/7.jpeg 960w\" sizes=\"(max-width: 810px) 100vw, 810px\" \/><figcaption class=\"wp-element-caption\">Leyenda: Panel de campa\u00f1a de agradecimiento a los radi\u00f3logos \u2013 RAD \u00e9 Ess\u00eancia<br>Cr\u00e9dito: CBR<\/figcaption><\/figure>","protected":false},"excerpt":{"rendered":"<p>La exposici\u00f3n estar\u00e1 disponible para visita del 2 de agosto al 30 de septiembre, de lunes a viernes, de 10 a 17 horas (hora de Brasilia). La Academia Nacional de Medicina (ANM) inaugur\u00f3 la exposici\u00f3n que celebra los 75 a\u00f1os de la RBC en el Museo Inaldo de Lyra Neves. Manta, en la sede de la propia ANM. Este panel CBR fue... <a href=\"https:\/\/cbr.org.br\/es\/exposicao-dos-75-anos-do-cbr-e-inaugurada-no-museu-da-anm\/\">Sigue leyendo<\/a><\/p>","protected":false},"author":24,"featured_media":49285,"comment_status":"closed","ping_status":"closed","sticky":false,"template":"","format":"standard","meta":{"_acf_changed":false,"footnotes":""},"categories":[10],"tags":[648,50,111,647,96,66],"class_list":["post-49535","post","type-post","status-publish","format-standard","has-post-thumbnail","hentry","category-institucional","tag-75anos","tag-cbr","tag-diagnostico-por-imagem","tag-exposicao","tag-radiologia","tag-radiologista"],"acf":[],"_links":{"self":[{"href":"https:\/\/cbr.org.br\/es\/wp-json\/wp\/v2\/posts\/49535","targetHints":{"allow":["GET"]}}],"collection":[{"href":"https:\/\/cbr.org.br\/es\/wp-json\/wp\/v2\/posts"}],"about":[{"href":"https:\/\/cbr.org.br\/es\/wp-json\/wp\/v2\/types\/post"}],"author":[{"embeddable":true,"href":"https:\/\/cbr.org.br\/es\/wp-json\/wp\/v2\/users\/24"}],"replies":[{"embeddable":true,"href":"https:\/\/cbr.org.br\/es\/wp-json\/wp\/v2\/comments?post=49535"}],"version-history":[{"count":1,"href":"https:\/\/cbr.org.br\/es\/wp-json\/wp\/v2\/posts\/49535\/revisions"}],"predecessor-version":[{"id":49545,"href":"https:\/\/cbr.org.br\/es\/wp-json\/wp\/v2\/posts\/49535\/revisions\/49545"}],"wp:featuredmedia":[{"embeddable":true,"href":"https:\/\/cbr.org.br\/es\/wp-json\/wp\/v2\/media\/49285"}],"wp:attachment":[{"href":"https:\/\/cbr.org.br\/es\/wp-json\/wp\/v2\/media?parent=49535"}],"wp:term":[{"taxonomy":"category","embeddable":true,"href":"https:\/\/cbr.org.br\/es\/wp-json\/wp\/v2\/categories?post=49535"},{"taxonomy":"post_tag","embeddable":true,"href":"https:\/\/cbr.org.br\/es\/wp-json\/wp\/v2\/tags?post=49535"}],"curies":[{"name":"wp","href":"https:\/\/api.w.org\/{rel}","templated":true}]}}