{"id":49558,"date":"2024-09-03T12:27:39","date_gmt":"2024-09-03T15:27:39","guid":{"rendered":"https:\/\/cbr.org.br\/?p=49558"},"modified":"2024-09-03T12:27:40","modified_gmt":"2024-09-03T15:27:40","slug":"colegio-lancara-a-colecao-cbr-durante-o-cbr24","status":"publish","type":"post","link":"https:\/\/cbr.org.br\/es\/colegio-lancara-a-colecao-cbr-durante-o-cbr24\/","title":{"rendered":"La universidad lanzar\u00e1 la Colecci\u00f3n CBR durante CBR24"},"content":{"rendered":"<p>\u00a0Ser\u00e1 el mayor lanzamiento simult\u00e1neo de un libro en la historia de la Radiolog\u00eda brasile\u00f1a<\/p>\n\n\n\n<figure class=\"wp-block-image size-full is-resized\"><img fetchpriority=\"high\" decoding=\"async\" width=\"1200\" height=\"500\" src=\"https:\/\/cbr.org.br\/wp-content\/uploads\/2024\/09\/Banner-Site-CBR_Lancamento-dos-novos-livros_Desktop-1.jpg\" alt=\"\" class=\"wp-image-49559\" style=\"width:770px;height:auto\" srcset=\"https:\/\/cbr.org.br\/wp-content\/uploads\/2024\/09\/Banner-Site-CBR_Lancamento-dos-novos-livros_Desktop-1.jpg 1200w, https:\/\/cbr.org.br\/wp-content\/uploads\/2024\/09\/Banner-Site-CBR_Lancamento-dos-novos-livros_Desktop-1-960x400.jpg 960w, https:\/\/cbr.org.br\/wp-content\/uploads\/2024\/09\/Banner-Site-CBR_Lancamento-dos-novos-livros_Desktop-1-450x188.jpg 450w, https:\/\/cbr.org.br\/wp-content\/uploads\/2024\/09\/Banner-Site-CBR_Lancamento-dos-novos-livros_Desktop-1-768x320.jpg 768w, https:\/\/cbr.org.br\/wp-content\/uploads\/2024\/09\/Banner-Site-CBR_Lancamento-dos-novos-livros_Desktop-1-18x8.jpg 18w\" sizes=\"(max-width: 1200px) 100vw, 1200px\" \/><figcaption class=\"wp-element-caption\">Cr\u00e9dito: CBR<\/figcaption><\/figure>\n\n\n\n<p>El Colegio Brasile\u00f1o de Radiolog\u00eda y Diagn\u00f3stico por Im\u00e1genes (CBR) lanzar\u00e1 la nueva serie de libros del Colegio (The CBR Collection). El lanzamiento se realizar\u00e1 este mes, el 20 de septiembre, en la Arena Inova\u00e7\u00e3o durante CBR24, en Salvador.<\/p>\n\n\n\n<p>\u00a0Dr. Ronaldo Baroni \u2013 Director Cient\u00edfico del CBR habla sobre la mayor, m\u00e1s completa y m\u00e1s actualizada serie de libros de radiolog\u00eda de Brasil: \u201cSer\u00e1n 15 vol\u00famenes publicados simult\u00e1neamente, cubriendo todas las subespecialidades y \u00e1reas de la radiolog\u00eda, escritos por m\u00e1s de 800 autores de referencia aqu\u00ed y en el extranjero, y coordinado por 39 editores de vol\u00famenes, miembros del comit\u00e9 cient\u00edfico de CBR o sociedades asociadas\u201d.<\/p>\n\n\n\n<p><strong>Mantente al tanto de las redes sociales de CBR, s\u00edguenos en\u00a0<a href=\"https:\/\/www.instagram.com\/cbr_radiologia\/\" target=\"_blank\" rel=\"noreferrer noopener\">Instagram\u00a0<\/a>,\u00a0<a href=\"https:\/\/www.facebook.com\/CBRadiologia\/?locale=pt_BR\" target=\"_blank\" rel=\"noreferrer noopener\">Facebook<\/a>\u00a0Es\u00a0<a href=\"https:\/\/br.linkedin.com\/company\/colegiobrasileiroderadiologiaediagn%C3%B3sticoporimagem\" target=\"_blank\" rel=\"noreferrer noopener\">LinkedIn<\/a><\/strong><\/p>\n\n\n\n<p><strong>Consulte ahora los nuevos t\u00edtulos y sus respectivos autores:<\/strong><\/p>\n\n\n\n<ul class=\"wp-block-list\">\n<li>Cabeza y Cuello: Eloisa Gebrim y Regina L\u00facia Elia Gomes;<\/li>\n\n\n\n<li>Cardiovasculares: Gustavo Pelandr\u00e9 y Roberto Sasdelli Neto;<\/li>\n\n\n\n<li>Gastrointestinal: Adriano Liguori, Daniella Braz Parente y Giuseppe D&#039;Ippolito;<\/li>\n\n\n\n<li>Genitourinarios: Alice Schuch, \u2060Fernando Morbeck Almeida Coelho y Maur\u00edcio Zapparoli.<\/li>\n\n\n\n<li>Mama: Beatriz Medicis Maranh\u00e3o Miranda y Luciano Fernandes Chala;<\/li>\n\n\n\n<li>M\u00e9todos H\u00edbridos: Marcelo Ara\u00fajo Queiroz y Sara de Melo Macedo Santana;<\/li>\n\n\n\n<li>Musculoesquel\u00e9tico: Aline Serfaty, Francisco Abaet\u00e9 y Marcelo Bordalo;<\/li>\n\n\n\n<li>Neurorradiolog\u00eda: Felipe T. Pacheco, Leonardo Lopes de Macedo y Pablo Picasso de Ara\u00fajo Coimbra;\u00a0<\/li>\n\n\n\n<li>Oncolog\u00eda: Marcony Queiroz Andrade y Paula Nicole Vieira Pinto Barbosa;<\/li>\n\n\n\n<li>Pediatr\u00eda: Dolores Bustelo y Tatiana Fazecas;<\/li>\n\n\n\n<li>Pelvis femenina: Lu\u00eds Ronan MF de Souza y Patr\u00edcia Prando;<\/li>\n\n\n\n<li>Radiolog\u00eda Intervencionista: Denis Szejnfeld, Fernanda Uchiyama Golghetto Domingos, Thiago Franchi Nunes y Rodrigo Gobbo Garc\u00eda;<\/li>\n\n\n\n<li>Pecho: Gilberto Szarf, Luciana Volpon Soares Souza y Pedro Paulo Teixeira e Silva Torres;<\/li>\n\n\n\n<li>General del USG: Antonio Carlos Matteoni de Athayde y Leticia Martins Azeredo;<\/li>\n\n\n\n<li>USG Ginecolog\u00eda y Obstetricia: Benito Pio Vit\u00f3rio Ceccato J\u00fanior y Marianna Facchinetti Brock.<\/li>\n<\/ul>\n\n\n\n<p>\u00a0\u201cEste trabajo seguramente ser\u00e1 una referencia en Brasil, por su magnitud, pero tambi\u00e9n porque se convierte en fuente de consulta oficial para ex\u00e1menes en radiolog\u00eda y \u00e1reas afines, y porque contiene el protocolo brasile\u00f1o de radiolog\u00eda y diagn\u00f3stico por imagen, material fundamental en formaci\u00f3n de residentes, en todas las residencias vinculadas al CBR\u201d, destaca el Dr. Baroni sobre la importancia de la nueva colecci\u00f3n para la radiolog\u00eda nacional.<\/p>\n\n\n\n<p><a href=\"https:\/\/cbr.org.br\/es\/exposicao-dos-75-anos-do-cbr-e-inaugurada-no-museu-da-anm\/\"><strong>+Leer m\u00e1s: Inaugurada exposici\u00f3n del 75 aniversario de CBR en el Museo ANM<\/strong><\/a><\/p>\n\n\n\n<p>Aprovecha descuentos exclusivos de prelanzamiento:&nbsp;<\/p>\n\n\n\n<ul class=\"wp-block-list\">\n<li>30% OFF en preventa y hasta el final de CBR24 (21 de septiembre);<\/li>\n\n\n\n<li>50% para miembros de pleno derecho de CBR;<\/li>\n\n\n\n<li>10% al adquirir la colecci\u00f3n completa (15 vol\u00famenes).<\/li>\n<\/ul>\n\n\n\n<div class=\"wp-block-buttons is-layout-flex wp-block-buttons-is-layout-flex\">\n<div class=\"wp-block-button\"><a class=\"wp-block-button__link wp-element-button\" href=\"https:\/\/colecaocbr.com.br\/\">\u00a1Haz clic aqu\u00ed y garantiza la condici\u00f3n promocional!<\/a><\/div>\n<\/div>","protected":false},"excerpt":{"rendered":"<p>\u00a0Ser\u00e1 el mayor lanzamiento simult\u00e1neo de libros en la historia de la Radiolog\u00eda Brasile\u00f1a. El Colegio Brasile\u00f1o de Radiolog\u00eda e Im\u00e1genes Diagn\u00f3sticas (CBR) lanzar\u00e1 la nueva serie de libros de la Facultad (La Colecci\u00f3n CBR). El lanzamiento se realizar\u00e1 este mes, el 20 de septiembre, en la Arena Inova\u00e7\u00e3o durante CBR24, en Salvador.  Dr. Ronaldo Baroni\u2026 <a href=\"https:\/\/cbr.org.br\/es\/colegio-lancara-a-colecao-cbr-durante-o-cbr24\/\">Sigue leyendo<\/a><\/p>","protected":false},"author":24,"featured_media":49560,"comment_status":"closed","ping_status":"closed","sticky":false,"template":"","format":"standard","meta":{"_acf_changed":false,"footnotes":""},"categories":[10],"tags":[50,649,651,96,66,293],"class_list":["post-49558","post","type-post","status-publish","format-standard","has-post-thumbnail","hentry","category-institucional","tag-cbr","tag-colecao-cbr","tag-livro","tag-radiologia","tag-radiologista","tag-radiologistas"],"acf":[],"_links":{"self":[{"href":"https:\/\/cbr.org.br\/es\/wp-json\/wp\/v2\/posts\/49558","targetHints":{"allow":["GET"]}}],"collection":[{"href":"https:\/\/cbr.org.br\/es\/wp-json\/wp\/v2\/posts"}],"about":[{"href":"https:\/\/cbr.org.br\/es\/wp-json\/wp\/v2\/types\/post"}],"author":[{"embeddable":true,"href":"https:\/\/cbr.org.br\/es\/wp-json\/wp\/v2\/users\/24"}],"replies":[{"embeddable":true,"href":"https:\/\/cbr.org.br\/es\/wp-json\/wp\/v2\/comments?post=49558"}],"version-history":[{"count":1,"href":"https:\/\/cbr.org.br\/es\/wp-json\/wp\/v2\/posts\/49558\/revisions"}],"predecessor-version":[{"id":49561,"href":"https:\/\/cbr.org.br\/es\/wp-json\/wp\/v2\/posts\/49558\/revisions\/49561"}],"wp:featuredmedia":[{"embeddable":true,"href":"https:\/\/cbr.org.br\/es\/wp-json\/wp\/v2\/media\/49560"}],"wp:attachment":[{"href":"https:\/\/cbr.org.br\/es\/wp-json\/wp\/v2\/media?parent=49558"}],"wp:term":[{"taxonomy":"category","embeddable":true,"href":"https:\/\/cbr.org.br\/es\/wp-json\/wp\/v2\/categories?post=49558"},{"taxonomy":"post_tag","embeddable":true,"href":"https:\/\/cbr.org.br\/es\/wp-json\/wp\/v2\/tags?post=49558"}],"curies":[{"name":"wp","href":"https:\/\/api.w.org\/{rel}","templated":true}]}}