{"id":49604,"date":"2024-09-13T13:06:28","date_gmt":"2024-09-13T16:06:28","guid":{"rendered":"https:\/\/cbr.org.br\/?p=49604"},"modified":"2024-09-13T13:07:48","modified_gmt":"2024-09-13T16:07:48","slug":"curso-esor-cbr-acontece-no-dia-18-de-setembro-em-salvador","status":"publish","type":"post","link":"https:\/\/cbr.org.br\/es\/curso-esor-cbr-acontece-no-dia-18-de-setembro-em-salvador\/","title":{"rendered":"Curso CBR de ESOR se realiza el 18 de septiembre en Salvador (BA)"},"content":{"rendered":"<p><strong>Esta ser\u00e1 la und\u00e9cima edici\u00f3n del curso, que ya estuvo en nueve ciudades de ocho estados de Brasil<\/strong><\/p>\n\n\n\n<figure class=\"wp-block-image size-full\"><img fetchpriority=\"high\" decoding=\"async\" width=\"1024\" height=\"768\" src=\"https:\/\/cbr.org.br\/wp-content\/uploads\/2024\/09\/Ft1.webp\" alt=\"\" class=\"wp-image-49605\" srcset=\"https:\/\/cbr.org.br\/wp-content\/uploads\/2024\/09\/Ft1.webp 1024w, https:\/\/cbr.org.br\/wp-content\/uploads\/2024\/09\/Ft1-720x540.webp 720w, https:\/\/cbr.org.br\/wp-content\/uploads\/2024\/09\/Ft1-339x254.webp 339w, https:\/\/cbr.org.br\/wp-content\/uploads\/2024\/09\/Ft1-768x576.webp 768w, https:\/\/cbr.org.br\/wp-content\/uploads\/2024\/09\/Ft1-16x12.webp 16w\" sizes=\"(max-width: 1024px) 100vw, 1024px\" \/><figcaption class=\"wp-element-caption\">Pie de foto: Profesores del curso CBR ESOR Asklepios Chest 2023 en Belo Horizonte (MG)<br>Cr\u00e9dito: CBR<\/figcaption><\/figure>\n\n\n\n<p>El curso CBR ESOR \u201c<em>Curso de profesor visitante sobre oncolog\u00eda abdominal<\/em>\u201d se lleva a cabo el 18 de septiembre, en el Centro de Convenciones de Salvador (BA), un d\u00eda antes del inicio del 53\u00ba Congreso de Radiolog\u00eda y Diagn\u00f3stico por Im\u00e1genes (CBR24). Las clases se desarrollar\u00e1n de 8 a 18 horas (horario de Brasilia-DF).\u00a0<\/p>\n\n\n\n<p>Esta edici\u00f3n contar\u00e1 con la presencia de los Dres. Regina Beets-Tan \u2013 Holanda e Isabelle Tomassin-Naggara \u2013 Francia y Drs. Ronaldo Hueb Baroni y Maur\u00edcio Zapparoli \u2013 Brasil. La coordinaci\u00f3n de las actividades est\u00e1 a cargo de la Dra. Val\u00e9rie Vilgrain \u2013 ESOR y el Dr. Ronaldo Baroni \u2013 CBR.<\/p>\n\n\n\n<p><strong>Mantente al tanto de las redes sociales de CBR, s\u00edguenos en\u00a0<a href=\"https:\/\/www.instagram.com\/cbr_radiologia\/\" target=\"_blank\" rel=\"noreferrer noopener\">Instagram\u00a0<\/a>,\u00a0<a href=\"https:\/\/www.facebook.com\/CBRadiologia\/?locale=pt_BR\" target=\"_blank\" rel=\"noreferrer noopener\">Facebook<\/a>\u00a0Es\u00a0<a href=\"https:\/\/br.linkedin.com\/company\/colegiobrasileiroderadiologiaediagn%C3%B3sticoporimagem\" target=\"_blank\" rel=\"noreferrer noopener\">LinkedIn<\/a><\/strong><\/p>\n\n\n\n<p>El Curso de Profesor Visitante en Oncolog\u00eda Abdominal en CBR-ESOR tiene como objetivo proporcionar una actualizaci\u00f3n integral y relevante sobre los enfoques diagn\u00f3sticos m\u00e1s recientes relacionados con las neoplasias abdominales. Las clases est\u00e1n dirigidas a radi\u00f3logos, m\u00e9dicos de otras especialidades con \u00e9nfasis en oncolog\u00eda, residentes y estudiantes de pregrado de medicina.<\/p>\n\n\n\n<p>Este es el segundo a\u00f1o consecutivo que se lleva a cabo el curso ofrecido por CBR y ESOR. Las clases se reanudaron el a\u00f1o pasado, antes de eso, el curso estuvo en pausa durante tres a\u00f1os debido a la pandemia de Covid-19. Para volver a un alto nivel, en 2023 el curso tuvo como tema \u201cCBR ESOR Asklepios Chest 2023\u201d centrado en radiolog\u00eda tor\u00e1cica, y se aplic\u00f3 en dos ciudades: Belo Horizonte (MG) y Salvador (BA). Entre los dos municipios estuvieron presentes en clases 121 alumnos.\u00a0<\/p>\n\n\n\n<p><strong><a href=\"https:\/\/cbr.org.br\/es\/colegio-lancara-a-colecao-cbr-durante-o-cbr24\/\">+Leer m\u00e1s: La universidad lanzar\u00e1 la Colecci\u00f3n CBR durante CBR24<\/a><\/strong><\/p>\n\n\n\n<p><strong>Consulta el historial de los 10 cursos realizados anteriormente entre CBR y ESOR:<\/strong><\/p>\n\n\n\n<p>\u2022 Im\u00e1genes Abdominales Avanzadas (2011);<\/p>\n\n\n\n<p>\u2022 Imagen Oncol\u00f3gica Abdominal (2012);<\/p>\n\n\n\n<p>\u2022 Imagen Oncol\u00f3gica Avanzada (2013 y 2016);<\/p>\n\n\n\n<p>\u2022 M\u00e9todos Avanzados en Imagen Abdominal (2014);<\/p>\n\n\n\n<p>\u2022 M\u00e9todos Avanzados de Neuroimagen (2015);<\/p>\n\n\n\n<p>\u2022 Emergencias Radiol\u00f3gicas (2017);<\/p>\n\n\n\n<p>\u2022 Oncolog\u00eda Abdominal (2018);<\/p>\n\n\n\n<p>\u2022 Neurorradiolog\u00eda (2019);<\/p>\n\n\n\n<p>\u2022 CBR-ESOR Asklepios \u2013 Radiolog\u00eda Tor\u00e1cica (2023).&nbsp;<\/p>\n\n\n\n<p><strong><br>Consulta las ciudades que ya han recibido el curso:<\/strong><\/p>\n\n\n\n<p>Bras\u00edlia DF);<\/p>\n\n\n\n<p>Belo Horizonte (MG);<\/p>\n\n\n\n<p>Campi\u00f1as, sp);<\/p>\n\n\n\n<p>Curitiba (PR);<\/p>\n\n\n\n<p>Porto Alegre (RS);<\/p>\n\n\n\n<p>Recife PE);<\/p>\n\n\n\n<p>R\u00edo de Janeiro - RJ);<\/p>\n\n\n\n<p>Salvador BA);<\/p>\n\n\n\n<p>S\u00e3o Paulo-SP).<\/p>","protected":false},"excerpt":{"rendered":"<p>Esta ser\u00e1 la 11\u00aa edici\u00f3n del curso, que ya estuvo en nueve ciudades de ocho estados de Brasil. El curso CBR ESOR \u201cCurso de Profesores Visitantes en Oncolog\u00eda Abdominal\u201d se realizar\u00e1 el d\u00eda 18 de septiembre, en el Centro de Conven\u00e7\u00f5es Salvador (BA). , un d\u00eda antes del inicio del 53\u00ba Congreso de Radiolog\u00eda y Diagn\u00f3stico por Im\u00e1genes (CBR24). \u2026 <a href=\"https:\/\/cbr.org.br\/es\/curso-esor-cbr-acontece-no-dia-18-de-setembro-em-salvador\/\">Sigue leyendo<\/a><\/p>","protected":false},"author":24,"featured_media":49607,"comment_status":"closed","ping_status":"closed","sticky":false,"template":"","format":"standard","meta":{"_acf_changed":false,"footnotes":""},"categories":[18],"tags":[50,642,80,274,67,138],"class_list":["post-49604","post","type-post","status-publish","format-standard","has-post-thumbnail","hentry","category-parcerias-internacional","tag-cbr","tag-cbr-24","tag-congresso","tag-congresso-brasileiro-de-radiologia","tag-esor","tag-parcerias-internacionais"],"acf":[],"_links":{"self":[{"href":"https:\/\/cbr.org.br\/es\/wp-json\/wp\/v2\/posts\/49604","targetHints":{"allow":["GET"]}}],"collection":[{"href":"https:\/\/cbr.org.br\/es\/wp-json\/wp\/v2\/posts"}],"about":[{"href":"https:\/\/cbr.org.br\/es\/wp-json\/wp\/v2\/types\/post"}],"author":[{"embeddable":true,"href":"https:\/\/cbr.org.br\/es\/wp-json\/wp\/v2\/users\/24"}],"replies":[{"embeddable":true,"href":"https:\/\/cbr.org.br\/es\/wp-json\/wp\/v2\/comments?post=49604"}],"version-history":[{"count":1,"href":"https:\/\/cbr.org.br\/es\/wp-json\/wp\/v2\/posts\/49604\/revisions"}],"predecessor-version":[{"id":49608,"href":"https:\/\/cbr.org.br\/es\/wp-json\/wp\/v2\/posts\/49604\/revisions\/49608"}],"wp:featuredmedia":[{"embeddable":true,"href":"https:\/\/cbr.org.br\/es\/wp-json\/wp\/v2\/media\/49607"}],"wp:attachment":[{"href":"https:\/\/cbr.org.br\/es\/wp-json\/wp\/v2\/media?parent=49604"}],"wp:term":[{"taxonomy":"category","embeddable":true,"href":"https:\/\/cbr.org.br\/es\/wp-json\/wp\/v2\/categories?post=49604"},{"taxonomy":"post_tag","embeddable":true,"href":"https:\/\/cbr.org.br\/es\/wp-json\/wp\/v2\/tags?post=49604"}],"curies":[{"name":"wp","href":"https:\/\/api.w.org\/{rel}","templated":true}]}}