{"id":49616,"date":"2024-09-14T07:52:17","date_gmt":"2024-09-14T10:52:17","guid":{"rendered":"https:\/\/cbr.org.br\/?p=49616"},"modified":"2024-10-17T11:20:09","modified_gmt":"2024-10-17T14:20:09","slug":"presidente-do-cbr-participa-do-56o-congresso-da-sbpc-ml","status":"publish","type":"post","link":"https:\/\/cbr.org.br\/es\/presidente-do-cbr-participa-do-56o-congresso-da-sbpc-ml\/","title":{"rendered":"Presidente del CBR participa del 56\u00ba Congreso Brasile\u00f1o de Patolog\u00eda Cl\u00ednica de la SBPC\/ML que tuvo lugar en Salvador (BA)"},"content":{"rendered":"<p>Pie de foto: Dr. \u00c1lvaro Pulchinelli J\u00fanior \u2013 Presidente de la SBPC\/ML, Dra. Cibele Carvalho \u2013 Presidenta CBR y Dr. F\u00e1bio Sodr\u00e9 \u2013 Presidente del 56\u00ba Congreso de la SBPC\/ML<br>Cr\u00e9dito: CBR<br><br>La Dra. Cibele Carvalho \u2013 Presidenta del Colegio Brasile\u00f1o de Radiolog\u00eda y Diagn\u00f3stico por Im\u00e1genes (CBR) particip\u00f3 del 56\u00ba Congreso Brasile\u00f1o de Patolog\u00eda Cl\u00ednica organizado por la Sociedad Brasile\u00f1a de Patolog\u00eda Cl\u00ednica y Medicina de Laboratorio (SBPC\/ML), que tuvo lugar del d\u00eda 10 hasta el 13 de septiembre de 2024 en el Centro de Convenciones de Salvador.<\/p>\n\n\n\n<p>Durante el congreso, el Dr. Cibele se reuni\u00f3 con el Dr. F\u00e1bio Sodr\u00e9 \u2013 Presidente del 56\u00ba Congreso de la SBPC\/ML y con el Dr. \u00c1lvaro Pulchinelli J\u00fanior \u2013 Presidente de la SBPC\/ML para debatir y formular estrategias para fortalecer la SADT y valorar las especialidades. que son esenciales en el diagn\u00f3stico preciso con una alta tasa de reducci\u00f3n de la morbilidad y mortalidad en la poblaci\u00f3n.<\/p>\n\n\n\n<p>Y finalmente, la Dra. Cibele Carvalho se reuni\u00f3 con el Dr. Wilson Scholnik, ex presidente de la SBPC\/ML y de ABRAMED y actual director de relaciones institucionales de la SBPC\/ML. El Dr. Wilson es un gran defensor de la valorizaci\u00f3n de la pr\u00e1ctica m\u00e9dica en SADT y tiene amplia experiencia y contribuy\u00f3 a la construcci\u00f3n del PADI (Diagnostic Imaging Accreditation Program) del CBR y del PALC (Clinical Laboratory Accreditation Program) de la SBPC\/ML.<\/p>\n\n\n\n<figure class=\"wp-block-image aligncenter size-large\"><img fetchpriority=\"high\" decoding=\"async\" width=\"810\" height=\"1080\" src=\"https:\/\/cbr.org.br\/wp-content\/uploads\/2024\/09\/Dra.-Cibele-Carvalho-e-Dr.-Wilson-Scholnik-2-810x1080.jpeg\" alt=\"\" class=\"wp-image-49624\" style=\"aspect-ratio:1;object-fit:contain\" srcset=\"https:\/\/cbr.org.br\/wp-content\/uploads\/2024\/09\/Dra.-Cibele-Carvalho-e-Dr.-Wilson-Scholnik-2-810x1080.jpeg 810w, https:\/\/cbr.org.br\/wp-content\/uploads\/2024\/09\/Dra.-Cibele-Carvalho-e-Dr.-Wilson-Scholnik-2-405x540.jpeg 405w, https:\/\/cbr.org.br\/wp-content\/uploads\/2024\/09\/Dra.-Cibele-Carvalho-e-Dr.-Wilson-Scholnik-2-191x254.jpeg 191w, https:\/\/cbr.org.br\/wp-content\/uploads\/2024\/09\/Dra.-Cibele-Carvalho-e-Dr.-Wilson-Scholnik-2-768x1024.jpeg 768w, https:\/\/cbr.org.br\/wp-content\/uploads\/2024\/09\/Dra.-Cibele-Carvalho-e-Dr.-Wilson-Scholnik-2-9x12.jpeg 9w, https:\/\/cbr.org.br\/wp-content\/uploads\/2024\/09\/Dra.-Cibele-Carvalho-e-Dr.-Wilson-Scholnik-2.jpeg 960w\" sizes=\"(max-width: 810px) 100vw, 810px\" \/><figcaption class=\"wp-element-caption\">Dr. Wilson Scholnik \u2013 Ex Presidente de SBPC\/ML\/ABRAMED y actual Director de Relaciones Institucionales de SBPC\/ML y Dra. Cibele Carvalho \u2013 Presidenta de CBR.<\/figcaption><\/figure>\n\n\n\n<p class=\"has-text-align-center\"><strong>\u00a1Juntos somos m\u00e1s fuertes!<\/strong><\/p>","protected":false},"excerpt":{"rendered":"<p>En la foto est\u00e1n el Dr. F\u00e1bio Sodr\u00e9 \u2013 Presidente del 56\u00ba Congreso de la SBPC\/ML; Dra. Cibele Carvalho \u2013 Presidenta del CBR y Dr. \u00c1lvaro Pulchinelli J\u00fanior \u2013 Presidente de la SBPC\/ML.<\/p>","protected":false},"author":8,"featured_media":49628,"comment_status":"closed","ping_status":"closed","sticky":false,"template":"","format":"standard","meta":{"_acf_changed":false,"footnotes":""},"categories":[4,10],"tags":[80,6,96],"class_list":["post-49616","post","type-post","status-publish","format-standard","has-post-thumbnail","hentry","category-defesa-profissional","category-institucional","tag-congresso","tag-defesa-profissional","tag-radiologia"],"acf":[],"_links":{"self":[{"href":"https:\/\/cbr.org.br\/es\/wp-json\/wp\/v2\/posts\/49616","targetHints":{"allow":["GET"]}}],"collection":[{"href":"https:\/\/cbr.org.br\/es\/wp-json\/wp\/v2\/posts"}],"about":[{"href":"https:\/\/cbr.org.br\/es\/wp-json\/wp\/v2\/types\/post"}],"author":[{"embeddable":true,"href":"https:\/\/cbr.org.br\/es\/wp-json\/wp\/v2\/users\/8"}],"replies":[{"embeddable":true,"href":"https:\/\/cbr.org.br\/es\/wp-json\/wp\/v2\/comments?post=49616"}],"version-history":[{"count":2,"href":"https:\/\/cbr.org.br\/es\/wp-json\/wp\/v2\/posts\/49616\/revisions"}],"predecessor-version":[{"id":49809,"href":"https:\/\/cbr.org.br\/es\/wp-json\/wp\/v2\/posts\/49616\/revisions\/49809"}],"wp:featuredmedia":[{"embeddable":true,"href":"https:\/\/cbr.org.br\/es\/wp-json\/wp\/v2\/media\/49628"}],"wp:attachment":[{"href":"https:\/\/cbr.org.br\/es\/wp-json\/wp\/v2\/media?parent=49616"}],"wp:term":[{"taxonomy":"category","embeddable":true,"href":"https:\/\/cbr.org.br\/es\/wp-json\/wp\/v2\/categories?post=49616"},{"taxonomy":"post_tag","embeddable":true,"href":"https:\/\/cbr.org.br\/es\/wp-json\/wp\/v2\/tags?post=49616"}],"curies":[{"name":"wp","href":"https:\/\/api.w.org\/{rel}","templated":true}]}}