{"id":49702,"date":"2024-10-01T13:24:32","date_gmt":"2024-10-01T16:24:32","guid":{"rendered":"https:\/\/cbr.org.br\/?p=49702"},"modified":"2024-10-01T13:24:33","modified_gmt":"2024-10-01T16:24:33","slug":"confira-como-foi-o-segundo-dia-do-cbr-24","status":"publish","type":"post","link":"https:\/\/cbr.org.br\/es\/confira-como-foi-o-segundo-dia-do-cbr-24\/","title":{"rendered":"Mira c\u00f3mo fue el segundo d\u00eda de CBR 24"},"content":{"rendered":"<figure class=\"wp-block-image size-large is-resized\"><img fetchpriority=\"high\" decoding=\"async\" width=\"1620\" height=\"1080\" src=\"https:\/\/cbr.org.br\/wp-content\/uploads\/2024\/10\/Ft-1-1620x1080.jpg\" alt=\"\" class=\"wp-image-49703\" style=\"width:629px;height:auto\" srcset=\"https:\/\/cbr.org.br\/wp-content\/uploads\/2024\/10\/Ft-1-1620x1080.jpg 1620w, https:\/\/cbr.org.br\/wp-content\/uploads\/2024\/10\/Ft-1-810x540.jpg 810w, https:\/\/cbr.org.br\/wp-content\/uploads\/2024\/10\/Ft-1-381x254.jpg 381w, https:\/\/cbr.org.br\/wp-content\/uploads\/2024\/10\/Ft-1-768x512.jpg 768w, https:\/\/cbr.org.br\/wp-content\/uploads\/2024\/10\/Ft-1-1536x1024.jpg 1536w, https:\/\/cbr.org.br\/wp-content\/uploads\/2024\/10\/Ft-1-2048x1365.jpg 2048w, https:\/\/cbr.org.br\/wp-content\/uploads\/2024\/10\/Ft-1-18x12.jpg 18w\" sizes=\"(max-width: 1620px) 100vw, 1620px\" \/><figcaption class=\"wp-element-caption\">Subt\u00edtulo: Editores de la colecci\u00f3n CBR durante el lanzamiento en CBR 24<br>Cr\u00e9dito: CBR<\/figcaption><\/figure>\n\n\n\n<p>La segunda jornada del 53\u00ba Congreso Brasile\u00f1o de Radiolog\u00eda y Diagn\u00f3stico por Im\u00e1genes estuvo repleta de actividades. El d\u00eda estuvo lleno de momentos destacados como: la 2.\u00aa Carrera y Caminata CBR, el 3.er Simposio de Gesti\u00f3n Cl\u00ednica y Calidad de CBR, varios cursos intensivos, el 2.\u00ba Foro Internacional sobre Imagenolog\u00eda Oncol\u00f3gica \u2013 Perspectivas Globales, el lanzamiento de la nueva Colecci\u00f3n CBR, el CBR Ordinary Asamblea General y fiesta de celebraci\u00f3n.<\/p>\n\n\n\n<p><strong>2.\u00aa carrera y caminata CBR<\/strong><\/p>\n\n\n\n<p>La 2\u00aa Carrera y Caminata CBR abri\u00f3 las actividades del segundo d\u00eda del Congreso. La carrera cont\u00f3 con dos recorridos, uno de 5 kil\u00f3metros y otro de 10 kil\u00f3metros. La caminata fue de s\u00f3lo 5 kil\u00f3metros. El recorrido se realiz\u00f3 por la Cal\u00e7ad\u00e3o da Orla Mar\u00edtima, en direcci\u00f3n a Amaralina. Los ganadores fueron premiados el s\u00e1bado (21 de septiembre), en el Arena de Innovaci\u00f3n, antes del Marat\u00f3n Brasile\u00f1o de Radiolog\u00eda (MBR 24).<\/p>\n\n\n\n<p>Mira c\u00f3mo te fue:<\/p>\n\n\n\n<figure class=\"wp-block-image size-large is-resized\"><img decoding=\"async\" width=\"1440\" height=\"1080\" src=\"https:\/\/cbr.org.br\/wp-content\/uploads\/2024\/10\/Ft-2-1440x1080.jpg\" alt=\"\" class=\"wp-image-49704\" style=\"width:337px;height:auto\" srcset=\"https:\/\/cbr.org.br\/wp-content\/uploads\/2024\/10\/Ft-2-1440x1080.jpg 1440w, https:\/\/cbr.org.br\/wp-content\/uploads\/2024\/10\/Ft-2-720x540.jpg 720w, https:\/\/cbr.org.br\/wp-content\/uploads\/2024\/10\/Ft-2-339x254.jpg 339w, https:\/\/cbr.org.br\/wp-content\/uploads\/2024\/10\/Ft-2-768x576.jpg 768w, https:\/\/cbr.org.br\/wp-content\/uploads\/2024\/10\/Ft-2-1536x1152.jpg 1536w, https:\/\/cbr.org.br\/wp-content\/uploads\/2024\/10\/Ft-2-16x12.jpg 16w, https:\/\/cbr.org.br\/wp-content\/uploads\/2024\/10\/Ft-2.jpg 1600w\" sizes=\"(max-width: 1440px) 100vw, 1440px\" \/><figcaption class=\"wp-element-caption\">Subt\u00edtulo: Congresista al inicio de la segunda carrera y caminata CBR<br>Cr\u00e9dito: CBR<\/figcaption><\/figure>\n\n\n\n<figure class=\"wp-block-image size-large is-resized\"><img decoding=\"async\" width=\"1440\" height=\"1080\" src=\"https:\/\/cbr.org.br\/wp-content\/uploads\/2024\/10\/Ft-3-1440x1080.jpg\" alt=\"\" class=\"wp-image-49705\" style=\"width:352px;height:auto\" srcset=\"https:\/\/cbr.org.br\/wp-content\/uploads\/2024\/10\/Ft-3-1440x1080.jpg 1440w, https:\/\/cbr.org.br\/wp-content\/uploads\/2024\/10\/Ft-3-720x540.jpg 720w, https:\/\/cbr.org.br\/wp-content\/uploads\/2024\/10\/Ft-3-339x254.jpg 339w, https:\/\/cbr.org.br\/wp-content\/uploads\/2024\/10\/Ft-3-768x576.jpg 768w, https:\/\/cbr.org.br\/wp-content\/uploads\/2024\/10\/Ft-3-1536x1152.jpg 1536w, https:\/\/cbr.org.br\/wp-content\/uploads\/2024\/10\/Ft-3-16x12.jpg 16w, https:\/\/cbr.org.br\/wp-content\/uploads\/2024\/10\/Ft-3.jpg 1600w\" sizes=\"(max-width: 1440px) 100vw, 1440px\" \/><figcaption class=\"wp-element-caption\">Subt\u00edtulo: Congresista estir\u00e1ndose antes del inicio de la segunda carrera y caminata CBR<br>Cr\u00e9dito: CBR<\/figcaption><\/figure>\n\n\n\n<p><strong><a href=\"https:\/\/cbr.org.br\/es\/confira-como-foi-o-primeiro-dia-do-cbr-24\/\">+Leer m\u00e1s: Mira c\u00f3mo fue el primer d\u00eda de CBR 24<\/a><\/strong><\/p>\n\n\n\n<p><strong>Colecci\u00f3n CBR<\/strong><\/p>\n\n\n\n<p>La Colecci\u00f3n CBR fue lanzada el 20 de septiembre, en Arena Inova\u00e7\u00e3o. En total, se publicaron 15 vol\u00famenes simult\u00e1neamente, que cubren todas las subespecialidades y \u00e1reas de la radiolog\u00eda. Las obras fueron escritas por m\u00e1s de 800 autores de referencia aqu\u00ed y en el extranjero.<\/p>\n\n\n\n<p>La inauguraci\u00f3n estuvo a cargo de la Dra. Cibele Carvalho \u2013 Presidenta del CBR y del Dr. Ronaldo Baroni \u2013 Director Cient\u00edfico del CBR e incluy\u00f3 una sesi\u00f3n de aut\u00f3grafos por parte de los editores de todos los trabajos publicados.<\/p>\n\n\n\n<p>Ver las fotos:<\/p>\n\n\n\n<figure class=\"wp-block-image size-large is-resized\"><img loading=\"lazy\" decoding=\"async\" width=\"1620\" height=\"1080\" src=\"https:\/\/cbr.org.br\/wp-content\/uploads\/2024\/10\/Ft-4-1620x1080.jpg\" alt=\"\" class=\"wp-image-49706\" style=\"width:402px;height:auto\" srcset=\"https:\/\/cbr.org.br\/wp-content\/uploads\/2024\/10\/Ft-4-1620x1080.jpg 1620w, https:\/\/cbr.org.br\/wp-content\/uploads\/2024\/10\/Ft-4-810x540.jpg 810w, https:\/\/cbr.org.br\/wp-content\/uploads\/2024\/10\/Ft-4-381x254.jpg 381w, https:\/\/cbr.org.br\/wp-content\/uploads\/2024\/10\/Ft-4-768x512.jpg 768w, https:\/\/cbr.org.br\/wp-content\/uploads\/2024\/10\/Ft-4-1536x1024.jpg 1536w, https:\/\/cbr.org.br\/wp-content\/uploads\/2024\/10\/Ft-4-2048x1365.jpg 2048w, https:\/\/cbr.org.br\/wp-content\/uploads\/2024\/10\/Ft-4-18x12.jpg 18w\" sizes=\"(max-width: 1620px) 100vw, 1620px\" \/><figcaption class=\"wp-element-caption\">Leyenda: Dra. Cibele Carvalho \u2013 Presidenta de CBR y Dr. Ronaldo Baroni \u2013 Director cient\u00edfico de CBR durante el lanzamiento de la Colecci\u00f3n CBR<br>Cr\u00e9dito: CBR<\/figcaption><\/figure>\n\n\n\n<p><strong>SQG 24<\/strong><\/p>\n\n\n\n<p>El 3er Simposio de Gesti\u00f3n y Calidad Cl\u00ednica de CBR cont\u00f3 con una programaci\u00f3n completa en el segundo d\u00eda de CBR 24. El evento cont\u00f3 con varias presentaciones relevantes, los temas centrales fueron: &#039;Sostenibilidad financiera y legal en cl\u00ednicas radiol\u00f3gicas&#039; y &#039;presentaciones de trabajos cient\u00edficos&#039;.<\/p>\n\n\n\n<p><strong>Ver fotos del segundo d\u00eda:<\/strong><\/p>\n\n\n\n<figure class=\"wp-block-image size-large is-resized\"><img loading=\"lazy\" decoding=\"async\" width=\"1620\" height=\"1080\" src=\"https:\/\/cbr.org.br\/wp-content\/uploads\/2024\/10\/Ft-5-1-1620x1080.jpg\" alt=\"\" class=\"wp-image-49708\" style=\"width:411px;height:auto\" srcset=\"https:\/\/cbr.org.br\/wp-content\/uploads\/2024\/10\/Ft-5-1-1620x1080.jpg 1620w, https:\/\/cbr.org.br\/wp-content\/uploads\/2024\/10\/Ft-5-1-810x540.jpg 810w, https:\/\/cbr.org.br\/wp-content\/uploads\/2024\/10\/Ft-5-1-381x254.jpg 381w, https:\/\/cbr.org.br\/wp-content\/uploads\/2024\/10\/Ft-5-1-768x512.jpg 768w, https:\/\/cbr.org.br\/wp-content\/uploads\/2024\/10\/Ft-5-1-1536x1024.jpg 1536w, https:\/\/cbr.org.br\/wp-content\/uploads\/2024\/10\/Ft-5-1-2048x1365.jpg 2048w, https:\/\/cbr.org.br\/wp-content\/uploads\/2024\/10\/Ft-5-1-18x12.jpg 18w\" sizes=\"(max-width: 1620px) 100vw, 1620px\" \/><figcaption class=\"wp-element-caption\">Leyenda: Oradores debatiendo en el segundo d\u00eda del SQG 24<br>Cr\u00e9dito: CBR<\/figcaption><\/figure>\n\n\n\n<figure class=\"wp-block-image size-large is-resized\"><img loading=\"lazy\" decoding=\"async\" width=\"1620\" height=\"1080\" src=\"https:\/\/cbr.org.br\/wp-content\/uploads\/2024\/10\/Ft-6-1620x1080.jpg\" alt=\"\" class=\"wp-image-49709\" style=\"width:426px;height:auto\" srcset=\"https:\/\/cbr.org.br\/wp-content\/uploads\/2024\/10\/Ft-6-1620x1080.jpg 1620w, https:\/\/cbr.org.br\/wp-content\/uploads\/2024\/10\/Ft-6-810x540.jpg 810w, https:\/\/cbr.org.br\/wp-content\/uploads\/2024\/10\/Ft-6-381x254.jpg 381w, https:\/\/cbr.org.br\/wp-content\/uploads\/2024\/10\/Ft-6-768x512.jpg 768w, https:\/\/cbr.org.br\/wp-content\/uploads\/2024\/10\/Ft-6-1536x1024.jpg 1536w, https:\/\/cbr.org.br\/wp-content\/uploads\/2024\/10\/Ft-6-2048x1365.jpg 2048w, https:\/\/cbr.org.br\/wp-content\/uploads\/2024\/10\/Ft-6-18x12.jpg 18w\" sizes=\"(max-width: 1620px) 100vw, 1620px\" \/><figcaption class=\"wp-element-caption\">Leyenda: Congresistas durante el segundo d\u00eda de SQG24<br>Cr\u00e9dito: CBR<\/figcaption><\/figure>\n\n\n\n<p><strong>Cursos Intensivos<\/strong><\/p>\n\n\n\n<p>En el segundo d\u00eda de CBR 24, tuvimos varias actividades sobre varios temas diferentes, en total se realizaron Cursos Intensivos sobre: Ecograf\u00eda dermatol\u00f3gica, Ecograf\u00eda Doppler, Ecograf\u00eda multiparam\u00e9trica de h\u00edgado, Ecograf\u00eda musculoesquel\u00e9tica, Ecograf\u00eda en puntos de atenci\u00f3n, Neurorradiolog\u00eda diagn\u00f3stica y terap\u00e9utica.<\/p>\n\n\n\n<p>Mira c\u00f3mo te fue:<\/p>\n\n\n\n<figure class=\"wp-block-image size-large is-resized\"><img loading=\"lazy\" decoding=\"async\" width=\"1620\" height=\"1080\" src=\"https:\/\/cbr.org.br\/wp-content\/uploads\/2024\/10\/Ft-7-1620x1080.jpg\" alt=\"\" class=\"wp-image-49710\" style=\"width:387px;height:auto\" srcset=\"https:\/\/cbr.org.br\/wp-content\/uploads\/2024\/10\/Ft-7-1620x1080.jpg 1620w, https:\/\/cbr.org.br\/wp-content\/uploads\/2024\/10\/Ft-7-810x540.jpg 810w, https:\/\/cbr.org.br\/wp-content\/uploads\/2024\/10\/Ft-7-381x254.jpg 381w, https:\/\/cbr.org.br\/wp-content\/uploads\/2024\/10\/Ft-7-768x512.jpg 768w, https:\/\/cbr.org.br\/wp-content\/uploads\/2024\/10\/Ft-7-1536x1024.jpg 1536w, https:\/\/cbr.org.br\/wp-content\/uploads\/2024\/10\/Ft-7-2048x1365.jpg 2048w, https:\/\/cbr.org.br\/wp-content\/uploads\/2024\/10\/Ft-7-18x12.jpg 18w\" sizes=\"(max-width: 1620px) 100vw, 1620px\" \/><figcaption class=\"wp-element-caption\">Leyenda: Asistentes al Congreso durante los cursos intensivos durante CBR 24<br>Cr\u00e9dito: CBR<\/figcaption><\/figure>\n\n\n\n<figure class=\"wp-block-image size-large is-resized\"><img loading=\"lazy\" decoding=\"async\" width=\"1620\" height=\"1080\" src=\"https:\/\/cbr.org.br\/wp-content\/uploads\/2024\/10\/Ft-8-1620x1080.jpg\" alt=\"\" class=\"wp-image-49711\" style=\"width:407px;height:auto\" srcset=\"https:\/\/cbr.org.br\/wp-content\/uploads\/2024\/10\/Ft-8-1620x1080.jpg 1620w, https:\/\/cbr.org.br\/wp-content\/uploads\/2024\/10\/Ft-8-810x540.jpg 810w, https:\/\/cbr.org.br\/wp-content\/uploads\/2024\/10\/Ft-8-381x254.jpg 381w, https:\/\/cbr.org.br\/wp-content\/uploads\/2024\/10\/Ft-8-768x512.jpg 768w, https:\/\/cbr.org.br\/wp-content\/uploads\/2024\/10\/Ft-8-1536x1024.jpg 1536w, https:\/\/cbr.org.br\/wp-content\/uploads\/2024\/10\/Ft-8-2048x1365.jpg 2048w, https:\/\/cbr.org.br\/wp-content\/uploads\/2024\/10\/Ft-8-18x12.jpg 18w\" sizes=\"(max-width: 1620px) 100vw, 1620px\" \/><figcaption class=\"wp-element-caption\">Leyenda: Asistentes al Congreso durante los cursos intensivos durante CBR 24<br>Cr\u00e9dito: CBR<\/figcaption><\/figure>\n\n\n\n<p><strong>arenas<\/strong><\/p>\n\n\n\n<p>Las cinco arenas CBR 24 tuvieron actividades durante el segundo d\u00eda del evento. Vea lo m\u00e1s destacado de cada uno de ellos:<\/p>\n\n\n\n<p>Arena Cultura y Humanidad \u2013 Superaci\u00f3n de habilidades: \u00bfc\u00f3mo ir m\u00e1s all\u00e1 del l\u00edmite?;<\/p>\n\n\n\n<p>Innovation Arena \u2013 CBR Global Connection \u2013 innovaci\u00f3n m\u00e9dica en todo el mundo;<\/p>\n\n\n\n<p>Arena Radi\u00f3logos del futuro: planificaci\u00f3n de una carrera en radiolog\u00eda;<\/p>\n\n\n\n<p>Ultrasonography Arena \u2013 Ultrasonograf\u00eda 4.0: El futuro del mercado, actualizaciones y capacitaci\u00f3n con IA;<\/p>\n\n\n\n<p>Arena Defesa Profissional \u2013 reduciendo costos, aumentando ingresos y productividad utilizando tecnolog\u00eda en cl\u00ednicas de im\u00e1genes.<\/p>\n\n\n\n<figure class=\"wp-block-image size-large is-resized\"><img loading=\"lazy\" decoding=\"async\" width=\"1620\" height=\"1080\" src=\"https:\/\/cbr.org.br\/wp-content\/uploads\/2024\/10\/Ft-9-1620x1080.jpg\" alt=\"\" class=\"wp-image-49713\" style=\"width:410px;height:auto\" srcset=\"https:\/\/cbr.org.br\/wp-content\/uploads\/2024\/10\/Ft-9-1620x1080.jpg 1620w, https:\/\/cbr.org.br\/wp-content\/uploads\/2024\/10\/Ft-9-810x540.jpg 810w, https:\/\/cbr.org.br\/wp-content\/uploads\/2024\/10\/Ft-9-381x254.jpg 381w, https:\/\/cbr.org.br\/wp-content\/uploads\/2024\/10\/Ft-9-768x512.jpg 768w, https:\/\/cbr.org.br\/wp-content\/uploads\/2024\/10\/Ft-9-1536x1024.jpg 1536w, https:\/\/cbr.org.br\/wp-content\/uploads\/2024\/10\/Ft-9-2048x1365.jpg 2048w, https:\/\/cbr.org.br\/wp-content\/uploads\/2024\/10\/Ft-9-18x12.jpg 18w\" sizes=\"(max-width: 1620px) 100vw, 1620px\" \/><figcaption class=\"wp-element-caption\">Subt\u00edtulo: Actividad durante el segundo d\u00eda de CBR 24 en Radiologists of the Future Arena<br>Cr\u00e9dito: CBR<\/figcaption><\/figure>\n\n\n\n<figure class=\"wp-block-image size-large is-resized\"><img loading=\"lazy\" decoding=\"async\" width=\"1620\" height=\"1080\" src=\"https:\/\/cbr.org.br\/wp-content\/uploads\/2024\/10\/Ft-10-1620x1080.jpg\" alt=\"\" class=\"wp-image-49714\" style=\"width:395px;height:auto\" srcset=\"https:\/\/cbr.org.br\/wp-content\/uploads\/2024\/10\/Ft-10-1620x1080.jpg 1620w, https:\/\/cbr.org.br\/wp-content\/uploads\/2024\/10\/Ft-10-810x540.jpg 810w, https:\/\/cbr.org.br\/wp-content\/uploads\/2024\/10\/Ft-10-381x254.jpg 381w, https:\/\/cbr.org.br\/wp-content\/uploads\/2024\/10\/Ft-10-768x512.jpg 768w, https:\/\/cbr.org.br\/wp-content\/uploads\/2024\/10\/Ft-10-1536x1024.jpg 1536w, https:\/\/cbr.org.br\/wp-content\/uploads\/2024\/10\/Ft-10-2048x1365.jpg 2048w, https:\/\/cbr.org.br\/wp-content\/uploads\/2024\/10\/Ft-10-18x12.jpg 18w\" sizes=\"(max-width: 1620px) 100vw, 1620px\" \/><figcaption class=\"wp-element-caption\">Subt\u00edtulo: Actividad durante el segundo d\u00eda de CBR 24 en el Ultrasonographic Arena<br>Cr\u00e9dito: CBR<\/figcaption><\/figure>\n\n\n\n<p><strong>2do Foro Internacional de Imagenolog\u00eda Oncol\u00f3gica \u2013 Perspectivas globales<\/strong><\/p>\n\n\n\n<p>Durante el segundo d\u00eda de CBR 24 (20 de septiembre) se llev\u00f3 a cabo el II Foro Internacional de Imagenolog\u00eda Oncol\u00f3gica. Al evento asistieron varias entidades y ponentes internacionales. En los debates participaron las siguientes sociedades: Sociedad de Radiolog\u00eda Abdominal (SAR), Sociedad Japonesa de Radiolog\u00eda (JRS), Sociedad Espa\u00f1ola de Radiolog\u00eda M\u00e9dica (SREAM), Sociedad de Radiolog\u00eda Tor\u00e1cica (STR), Societ\u00e0 Italiana di Radiolog\u00eda M\u00e9dica e Interventistica (SIRM) y el Colegio Brasile\u00f1o de Radiolog\u00eda y Diagn\u00f3stico por Im\u00e1genes. Los coordinadores del Foro fueron los m\u00e9dicos: Ronaldo Baroni \u2013 Director Cient\u00edfico del CBR, Maur\u00edcio Zapparoli \u2013 Director de Relaciones del CBR y Rubens Chojniak \u2013 1er Vicepresidente del CBR.<\/p>\n\n\n\n<p><strong>Mantente al tanto de las redes sociales de CBR, s\u00edguenos en\u00a0<a href=\"https:\/\/www.instagram.com\/cbr_radiologia\/\" target=\"_blank\" rel=\"noreferrer noopener\">Instagram\u00a0<\/a>,\u00a0<a href=\"https:\/\/www.facebook.com\/CBRadiologia\/?locale=pt_BR\" target=\"_blank\" rel=\"noreferrer noopener\">Facebook<\/a>\u00a0Es\u00a0<a href=\"https:\/\/br.linkedin.com\/company\/colegiobrasileiroderadiologiaediagn%C3%B3sticoporimagem\" target=\"_blank\" rel=\"noreferrer noopener\">LinkedIn<\/a><\/strong><\/p>\n\n\n\n<p><strong>Asamblea General Ordinaria de la CBR<\/strong><\/p>\n\n\n\n<p>La Asamblea General Ordinaria (AGO) de la CBR tuvo lugar el segundo d\u00eda de la CBR 24, a las 18 horas (hora de Brasilia), en la sala 1. Los miembros de la CBR se reunieron para deliberar sobre lo siguiente.<\/p>\n\n\n\n<p><strong>fiesta de compa\u00f1erismo<\/strong><\/p>\n\n\n\n<p>La fiesta de celebraci\u00f3n tuvo lugar el d\u00eda 20 de septiembre y cerr\u00f3 las actividades del segundo d\u00eda de CBR 24. Las atracciones musicales estuvieron a cargo de Alexandre Le\u00e3o y la banda Negra Cor, quienes aportaron mucha emoci\u00f3n y energ\u00eda al evento. La celebraci\u00f3n se desarroll\u00f3 en el propio Centro de Convenciones, con mucha diversi\u00f3n, m\u00fasica y alegr\u00eda.<\/p>\n\n\n\n<p>Mira algunas fotos<\/p>\n\n\n\n<figure class=\"wp-block-image size-large is-resized\"><img loading=\"lazy\" decoding=\"async\" width=\"1620\" height=\"1080\" src=\"https:\/\/cbr.org.br\/wp-content\/uploads\/2024\/10\/Ft-11-1620x1080.jpg\" alt=\"\" class=\"wp-image-49715\" style=\"width:381px;height:auto\" srcset=\"https:\/\/cbr.org.br\/wp-content\/uploads\/2024\/10\/Ft-11-1620x1080.jpg 1620w, https:\/\/cbr.org.br\/wp-content\/uploads\/2024\/10\/Ft-11-810x540.jpg 810w, https:\/\/cbr.org.br\/wp-content\/uploads\/2024\/10\/Ft-11-381x254.jpg 381w, https:\/\/cbr.org.br\/wp-content\/uploads\/2024\/10\/Ft-11-768x512.jpg 768w, https:\/\/cbr.org.br\/wp-content\/uploads\/2024\/10\/Ft-11-1536x1024.jpg 1536w, https:\/\/cbr.org.br\/wp-content\/uploads\/2024\/10\/Ft-11-2048x1365.jpg 2048w, https:\/\/cbr.org.br\/wp-content\/uploads\/2024\/10\/Ft-11-18x12.jpg 18w\" sizes=\"(max-width: 1620px) 100vw, 1620px\" \/><figcaption class=\"wp-element-caption\">Leyenda: Dra. Cibele Carvalho \u2013 Presidenta de CBR durante la fiesta de celebraci\u00f3n de CBR 24<br>Cr\u00e9dito: CBR<\/figcaption><\/figure>\n\n\n\n<figure class=\"wp-block-image size-large is-resized\"><img loading=\"lazy\" decoding=\"async\" width=\"1620\" height=\"1080\" src=\"https:\/\/cbr.org.br\/wp-content\/uploads\/2024\/10\/Ft-12-1-1620x1080.jpg\" alt=\"\" class=\"wp-image-49717\" style=\"width:398px;height:auto\" srcset=\"https:\/\/cbr.org.br\/wp-content\/uploads\/2024\/10\/Ft-12-1-1620x1080.jpg 1620w, https:\/\/cbr.org.br\/wp-content\/uploads\/2024\/10\/Ft-12-1-810x540.jpg 810w, https:\/\/cbr.org.br\/wp-content\/uploads\/2024\/10\/Ft-12-1-381x254.jpg 381w, https:\/\/cbr.org.br\/wp-content\/uploads\/2024\/10\/Ft-12-1-768x512.jpg 768w, https:\/\/cbr.org.br\/wp-content\/uploads\/2024\/10\/Ft-12-1-1536x1024.jpg 1536w, https:\/\/cbr.org.br\/wp-content\/uploads\/2024\/10\/Ft-12-1-2048x1365.jpg 2048w, https:\/\/cbr.org.br\/wp-content\/uploads\/2024\/10\/Ft-12-1-18x12.jpg 18w\" sizes=\"(max-width: 1620px) 100vw, 1620px\" \/><figcaption class=\"wp-element-caption\">Subt\u00edtulo: Congresistas durante la fiesta de celebraci\u00f3n de CBR 24<br>Cr\u00e9dito: CBR<\/figcaption><\/figure>\n\n\n\n<figure class=\"wp-block-image size-large is-resized\"><img loading=\"lazy\" decoding=\"async\" width=\"1620\" height=\"1080\" src=\"https:\/\/cbr.org.br\/wp-content\/uploads\/2024\/10\/Ft-13-1-1620x1080.jpg\" alt=\"\" class=\"wp-image-49719\" style=\"width:411px;height:auto\" srcset=\"https:\/\/cbr.org.br\/wp-content\/uploads\/2024\/10\/Ft-13-1-1620x1080.jpg 1620w, https:\/\/cbr.org.br\/wp-content\/uploads\/2024\/10\/Ft-13-1-810x540.jpg 810w, https:\/\/cbr.org.br\/wp-content\/uploads\/2024\/10\/Ft-13-1-381x254.jpg 381w, https:\/\/cbr.org.br\/wp-content\/uploads\/2024\/10\/Ft-13-1-768x512.jpg 768w, https:\/\/cbr.org.br\/wp-content\/uploads\/2024\/10\/Ft-13-1-1536x1024.jpg 1536w, https:\/\/cbr.org.br\/wp-content\/uploads\/2024\/10\/Ft-13-1-2048x1365.jpg 2048w, https:\/\/cbr.org.br\/wp-content\/uploads\/2024\/10\/Ft-13-1-18x12.jpg 18w\" sizes=\"(max-width: 1620px) 100vw, 1620px\" \/><figcaption class=\"wp-element-caption\">Dr. Ronaldo Baroni \u2013 Director Cient\u00edfico de CBR durante la celebraci\u00f3n de CBR 24<br>Cr\u00e9dito: CBR<\/figcaption><\/figure>","protected":false},"excerpt":{"rendered":"<p>La segunda jornada del 53\u00ba Congreso Brasile\u00f1o de Radiolog\u00eda y Diagn\u00f3stico por Im\u00e1genes estuvo repleta de actividades. La jornada estuvo repleta de momentos destacados como: la 2\u00aa Carrera y Caminata CBR, el 3\u00ba Simposio de Gesti\u00f3n y Calidad Cl\u00ednica de CBR, varios cursos intensivos, el 2\u00ba Foro Internacional sobre Imagen Oncol\u00f3gica \u2013 Perspectivas... <a href=\"https:\/\/cbr.org.br\/es\/confira-como-foi-o-segundo-dia-do-cbr-24\/\">Sigue leyendo<\/a><\/p>","protected":false},"author":24,"featured_media":49720,"comment_status":"closed","ping_status":"closed","sticky":false,"template":"","format":"standard","meta":{"_acf_changed":false,"footnotes":""},"categories":[10],"tags":[50,80,111,65,96,66],"class_list":["post-49702","post","type-post","status-publish","format-standard","has-post-thumbnail","hentry","category-institucional","tag-cbr","tag-congresso","tag-diagnostico-por-imagem","tag-medico","tag-radiologia","tag-radiologista"],"acf":[],"_links":{"self":[{"href":"https:\/\/cbr.org.br\/es\/wp-json\/wp\/v2\/posts\/49702","targetHints":{"allow":["GET"]}}],"collection":[{"href":"https:\/\/cbr.org.br\/es\/wp-json\/wp\/v2\/posts"}],"about":[{"href":"https:\/\/cbr.org.br\/es\/wp-json\/wp\/v2\/types\/post"}],"author":[{"embeddable":true,"href":"https:\/\/cbr.org.br\/es\/wp-json\/wp\/v2\/users\/24"}],"replies":[{"embeddable":true,"href":"https:\/\/cbr.org.br\/es\/wp-json\/wp\/v2\/comments?post=49702"}],"version-history":[{"count":1,"href":"https:\/\/cbr.org.br\/es\/wp-json\/wp\/v2\/posts\/49702\/revisions"}],"predecessor-version":[{"id":49721,"href":"https:\/\/cbr.org.br\/es\/wp-json\/wp\/v2\/posts\/49702\/revisions\/49721"}],"wp:featuredmedia":[{"embeddable":true,"href":"https:\/\/cbr.org.br\/es\/wp-json\/wp\/v2\/media\/49720"}],"wp:attachment":[{"href":"https:\/\/cbr.org.br\/es\/wp-json\/wp\/v2\/media?parent=49702"}],"wp:term":[{"taxonomy":"category","embeddable":true,"href":"https:\/\/cbr.org.br\/es\/wp-json\/wp\/v2\/categories?post=49702"},{"taxonomy":"post_tag","embeddable":true,"href":"https:\/\/cbr.org.br\/es\/wp-json\/wp\/v2\/tags?post=49702"}],"curies":[{"name":"wp","href":"https:\/\/api.w.org\/{rel}","templated":true}]}}