{"id":49769,"date":"2024-10-08T12:54:05","date_gmt":"2024-10-08T15:54:05","guid":{"rendered":"https:\/\/cbr.org.br\/?p=49769"},"modified":"2024-10-17T11:17:33","modified_gmt":"2024-10-17T14:17:33","slug":"dr-helio-braga-entrega-homenagem-do-cbr-para-dra-fernanda-tovar-moll-primeira-medica-radiologista-assumir-uma-cadeira-na-academia-nacional-de-medicina","status":"publish","type":"post","link":"https:\/\/cbr.org.br\/es\/dr-helio-braga-entrega-homenagem-do-cbr-para-dra-fernanda-tovar-moll-primeira-medica-radiologista-assumir-uma-cadeira-na-academia-nacional-de-medicina\/","title":{"rendered":"El Dr. H\u00e9lio Braga presenta el homenaje de CBR a la Dra. Fernanda Tovar-Moll, la primera radi\u00f3loga en ocupar una c\u00e1tedra en la Academia Nacional de Medicina"},"content":{"rendered":"<p>Dr. H\u00e9lio Braga \u2013 2do Vicepresidente del CBR durante la ceremonia de homenaje del CBR a la Dra. Fernanda Tovar-Moll<br>Cr\u00e9dito: CBR<\/p>\n\n\n\n<p><\/p>\n\n\n\n<p>El Dr. H\u00e9lio Braga \u2013 2\u00ba Vicepresidente del CBR, el pasado jueves (2 de octubre), rindi\u00f3 homenaje desde el Colegio Brasile\u00f1o de Radiolog\u00eda e Imagen Diagn\u00f3stica (CBR) a la Dra. Fernanda Tovar-Moll, en un evento ocurrido en Recife (PE). ).<\/p>\n\n\n\n<p>La Dra. Fernanda Freire Tovar-Moll hizo historia al convertirse en la primera radi\u00f3loga en ocupar la silla n\u00famero 18 de la prestigiosa Academia Nacional de Medicina (ANM) adem\u00e1s de ser la primera radi\u00f3loga, es la m\u00e1s joven en ocupar la silla de la ANM.<br><br>Nacida en R\u00edo de Janeiro, la Dra. Fernanda es radi\u00f3loga, miembro titular del CBR y ha construido una s\u00f3lida carrera en el campo de la radiolog\u00eda, siendo reconocida tanto a nivel nacional como internacional por sus contribuciones cient\u00edficas y acad\u00e9micas. A lo largo de los a\u00f1os, la Dra. Fernanda se ha destacado por su trabajo en diagn\u00f3stico por im\u00e1genes, investigaci\u00f3n innovadora y su compromiso con la formaci\u00f3n de nuevos profesionales, lo que la ha convertido en un referente indiscutible en el \u00e1rea.<\/p>\n\n\n\n<p><strong>Mantente al tanto de las redes sociales de CBR, s\u00edguenos en&nbsp;<a href=\"https:\/\/www.instagram.com\/cbr_radiologia\/\" target=\"_blank\" rel=\"noreferrer noopener\">Instagram&nbsp;<\/a>,&nbsp;<a href=\"https:\/\/www.facebook.com\/CBRadiologia\/?locale=pt_BR\" target=\"_blank\" rel=\"noreferrer noopener\">Facebook<\/a>&nbsp;Es&nbsp;<a href=\"https:\/\/br.linkedin.com\/company\/colegiobrasileiroderadiologiaediagn%C3%B3sticoporimagem\" target=\"_blank\" rel=\"noreferrer noopener\">LinkedIn<\/a><\/strong><\/p>\n\n\n\n<p>La presencia de la Dra. Fernanda marca no s\u00f3lo un reconocimiento a su trayectoria, sino tambi\u00e9n un s\u00edmbolo de avance para la mujer en la medicina. Cada vez m\u00e1s, la presencia femenina se est\u00e1 expandiendo en \u00e1reas antes dominadas por hombres, y este logro contribuye a romper paradigmas y reforzar la equidad de g\u00e9nero en las instituciones m\u00e9dicas.<\/p>\n\n\n\n<p>Para la presidenta del Colegio Brasile\u00f1o de Radiolog\u00eda y Diagn\u00f3stico por Im\u00e1genes (CBR), Dra. Cibele Carvalho, el nombramiento de la Dra. Fernanda es un logro para todas las mujeres en el campo de la radiolog\u00eda y la medicina. En su intervenci\u00f3n, la doctora Cibele destac\u00f3 la importancia de contar con mujeres en puestos de liderazgo, destacando el impacto positivo de esta presencia en las principales decisiones de las sociedades m\u00e9dicas.<\/p>\n\n\n\n<p>\u201cVer a una excelente radi\u00f3loga como la Dra. Fernanda Tovar-Moll ocupar la c\u00e1tedra n\u00famero 18 de la Academia Nacional de Medicina nos llena de orgullo y esperanza. Las mujeres han conquistado espacios fundamentales, y este nombramiento simboliza un paso significativo en la lucha por una mayor representaci\u00f3n femenina en puestos directivos de las grandes sociedades m\u00e9dicas. En CBR hemos trabajado incansablemente para promover la equidad en la distribuci\u00f3n de los puestos directivos y el nombramiento de la Dra. Fernanda es una inspiraci\u00f3n para nosotros\u201d, afirm\u00f3 la Dra. Cibele.<\/p>\n\n\n\n<p><strong><a href=\"https:\/\/cbr.org.br\/es\/confira-como-foi-o-terceiro-e-ultimo-dia-do-cbr-24\/\">+Leer m\u00e1s: Mira c\u00f3mo fue el tercer y \u00faltimo d\u00eda de CBR 24<\/a><\/strong><\/p>\n\n\n\n<p>Por tanto, el discurso de la presidenta de la CBR se hace eco de un movimiento creciente en las \u00faltimas d\u00e9cadas a favor de la inclusi\u00f3n y presencia femenina en \u00e1reas t\u00e9cnicas y de liderazgo. Si bien los desaf\u00edos a\u00fan son importantes, los logros de mujeres como la Dra. Fernanda muestran que hay un camino prometedor para el futuro. La Dra. Cibele Carvalho, adem\u00e1s de ser la primera mujer en presidir el CBR, asumi\u00f3 a principios de este mes (1 de octubre) el cargo de asesora suplente del Consejo Federal de Medicina (CFM) para el estado de Minas Gerais. con un mandato v\u00e1lido hasta 2029.<br><br>La presencia femenina en puestos de liderazgo es fundamental para construir una medicina m\u00e1s inclusiva y diversa. Con su trayectoria de excelencia e innovaci\u00f3n, la Dra. Fernanda allana el camino para las generaciones futuras, reafirmando el poder transformador de la representaci\u00f3n.<br><br>\u00a1Felicitaciones Dra. Fernanda Tovar-Moll!<\/p>","protected":false},"excerpt":{"rendered":"<p>Dr. H\u00e9lio Braga \u2013 2do Vicepresidente del CBR durante la ceremonia de homenaje del CBR a la Dra. Fernanda Tovar-Moll<br \/>\nCr\u00e9dito: CBR<\/p>","protected":false},"author":8,"featured_media":49771,"comment_status":"closed","ping_status":"closed","sticky":false,"template":"","format":"standard","meta":{"_acf_changed":false,"footnotes":""},"categories":[10],"tags":[50,111,149,65,96,66],"class_list":["post-49769","post","type-post","status-publish","format-standard","has-post-thumbnail","hentry","category-institucional","tag-cbr","tag-diagnostico-por-imagem","tag-homenagem","tag-medico","tag-radiologia","tag-radiologista"],"acf":[],"_links":{"self":[{"href":"https:\/\/cbr.org.br\/es\/wp-json\/wp\/v2\/posts\/49769","targetHints":{"allow":["GET"]}}],"collection":[{"href":"https:\/\/cbr.org.br\/es\/wp-json\/wp\/v2\/posts"}],"about":[{"href":"https:\/\/cbr.org.br\/es\/wp-json\/wp\/v2\/types\/post"}],"author":[{"embeddable":true,"href":"https:\/\/cbr.org.br\/es\/wp-json\/wp\/v2\/users\/8"}],"replies":[{"embeddable":true,"href":"https:\/\/cbr.org.br\/es\/wp-json\/wp\/v2\/comments?post=49769"}],"version-history":[{"count":3,"href":"https:\/\/cbr.org.br\/es\/wp-json\/wp\/v2\/posts\/49769\/revisions"}],"predecessor-version":[{"id":49806,"href":"https:\/\/cbr.org.br\/es\/wp-json\/wp\/v2\/posts\/49769\/revisions\/49806"}],"wp:featuredmedia":[{"embeddable":true,"href":"https:\/\/cbr.org.br\/es\/wp-json\/wp\/v2\/media\/49771"}],"wp:attachment":[{"href":"https:\/\/cbr.org.br\/es\/wp-json\/wp\/v2\/media?parent=49769"}],"wp:term":[{"taxonomy":"category","embeddable":true,"href":"https:\/\/cbr.org.br\/es\/wp-json\/wp\/v2\/categories?post=49769"},{"taxonomy":"post_tag","embeddable":true,"href":"https:\/\/cbr.org.br\/es\/wp-json\/wp\/v2\/tags?post=49769"}],"curies":[{"name":"wp","href":"https:\/\/api.w.org\/{rel}","templated":true}]}}