{"id":50133,"date":"2024-12-12T12:26:20","date_gmt":"2024-12-12T15:26:20","guid":{"rendered":"https:\/\/cbr.org.br\/?p=50133"},"modified":"2025-03-07T11:29:10","modified_gmt":"2025-03-07T14:29:10","slug":"radiologistas-defendem-investimentos-e-capacitacao-em-audiencia-no-senado-federal","status":"publish","type":"post","link":"https:\/\/cbr.org.br\/es\/radiologistas-defendem-investimentos-e-capacitacao-em-audiencia-no-senado-federal\/","title":{"rendered":"Los radi\u00f3logos defienden las inversiones y la formaci\u00f3n en una audiencia en el Senado Federal"},"content":{"rendered":"<p>El Colegio Brasile\u00f1o de Radiolog\u00eda y Diagn\u00f3stico por Im\u00e1genes (CBR) particip\u00f3 el pasado martes (10) de una audiencia p\u00fablica promovida por la Comisi\u00f3n de Asuntos Sociales (CAS) para discutir los avances y desaf\u00edos de la radiolog\u00eda en Brasil. El evento tuvo como objetivo se\u00f1alar formas de fortalecer la especialidad, mejorar los servicios de diagn\u00f3stico por im\u00e1genes y ampliar el acceso de la poblaci\u00f3n a estos recursos en el futuro.<\/p>\n\n\n\n<p>Durante la audiencia, <a href=\"https:\/\/www12.senado.leg.br\/ecidadania\/visualizacaoaudiencia?id=32560\">transmitir en vivo<\/a>, los participantes discutieron la importancia de la radiolog\u00eda en el sistema de salud, destacando la necesidad de desarrollo profesional, inversiones en tecnolog\u00eda e infraestructura, adem\u00e1s de capacitaci\u00f3n y capacitaci\u00f3n continua. Cibele Carvalho, presidenta del CBR, estuvo presente y destac\u00f3 la relevancia de los especialistas para la medicina, abordando los desaf\u00edos que enfrenta la categor\u00eda.<\/p>\n\n\n\n<p><strong>Mantente al tanto de las redes sociales de CBR, s\u00edguenos en\u00a0<a href=\"https:\/\/www.instagram.com\/cbr_radiologia\/\" target=\"_blank\" rel=\"noreferrer noopener\">Instagram\u00a0<\/a>,\u00a0<a href=\"https:\/\/www.facebook.com\/CBRadiologia\/?locale=pt_BR\" target=\"_blank\" rel=\"noreferrer noopener\">Facebook<\/a>\u00a0Es\u00a0<a href=\"https:\/\/br.linkedin.com\/company\/colegiobrasileiroderadiologiaediagn%C3%B3sticoporimagem\" target=\"_blank\" rel=\"noreferrer noopener\">LinkedIn<\/a><\/strong><\/p>\n\n\n\n<p>Seg\u00fan ella, los profesionales del ramo enfrentan jornadas laborales agotadoras, remuneraciones inadecuadas y falta de reconocimiento, lo que hace urgente implementar pol\u00edticas p\u00fablicas que mejoren esas condiciones. \u201cSomos una asociaci\u00f3n de especialistas comprometidos con la defensa de las pautas de radiolog\u00eda y diagn\u00f3stico por im\u00e1genes. Nuestro principal objetivo es brindar un servicio que vaya m\u00e1s all\u00e1 de la categor\u00eda, contribuyendo socialmente como m\u00e9dicos que siempre queremos ofrecer lo mejor a los pacientes\u201d, afirm\u00f3 Cibele.<\/p>\n\n\n\n<p>Resalt\u00f3 adem\u00e1s que el diagn\u00f3stico por im\u00e1genes juega un papel fundamental en la realizaci\u00f3n de diagn\u00f3sticos tempranos, lo que reduce la morbimortalidad en la poblaci\u00f3n. \u201cEste impacto positivo tambi\u00e9n contribuye a la sostenibilidad del sistema de salud al reducir los costos en el tratamiento de las enfermedades, gracias a la identificaci\u00f3n y manejo adecuado de los casos en sus etapas tempranas\u201d, argument\u00f3.<\/p>\n\n\n\n<p>La audiencia se realiz\u00f3 a solicitud del senador Dr. Hiran (PP-RR) y presidida por el senador astronauta Marcos Pontes (PL-SP). Adem\u00e1s del presidente del CBR, asistieron a la ceremonia Leonardo Alc\u00e2ntara, representante de la Federaci\u00f3n M\u00e9dica Brasile\u00f1a (FMB), y Giovanni Guido Cerri, representante de la Academia Nacional de Medicina (ANM).<\/p>\n\n\n\n<p><a href=\"https:\/\/cbr.org.br\/es\/segunda-turma-do-mba-gestao-em-medicina-diagnostica-cbr-fia-realiza-atividades-presenciais-na-sede-do-cbr\/\"><strong>+Leer m\u00e1s: Segunda promoci\u00f3n del MBA Gesti\u00f3n en Medicina Diagn\u00f3stica CBR-FIA realiza actividades presenciales en la sede del CBR<\/strong><\/a><\/p>\n\n\n\n<p>En su discurso, Pontes destac\u00f3 la relevancia del tema para el sistema de salud brasile\u00f1o, abordando la importancia de la tecnolog\u00eda y la log\u00edstica. \u201cAtender la salud en Brasil es de suma importancia, considerando no s\u00f3lo nuestras dimensiones, sino tambi\u00e9n las diferencias entre las distintas regiones. Ciertamente la tecnolog\u00eda puede ayudar y ayuda no s\u00f3lo en la mayor eficiencia de los tratamientos diagn\u00f3sticos, sino tambi\u00e9n en el control log\u00edstico de todo el sector salud\u201d, afirm\u00f3.<\/p>\n\n\n\n<p><em>Con informaci\u00f3n de Agencia Senado<\/em><\/p>\n\n\n\n<p><\/p>","protected":false},"excerpt":{"rendered":"<p>El Colegio Brasile\u00f1o de Radiolog\u00eda y Diagn\u00f3stico por Im\u00e1genes (CBR) particip\u00f3 el pasado martes (10) de una audiencia p\u00fablica promovida por la Comisi\u00f3n de Asuntos Sociales (CAS) para discutir los avances y desaf\u00edos de la radiolog\u00eda en Brasil. El evento tuvo como objetivo se\u00f1alar formas de fortalecer la especialidad, mejorar los servicios de diagn\u00f3stico por im\u00e1genes y\u2026 <a href=\"https:\/\/cbr.org.br\/es\/radiologistas-defendem-investimentos-e-capacitacao-em-audiencia-no-senado-federal\/\">Sigue leyendo<\/a><\/p>","protected":false},"author":24,"featured_media":50134,"comment_status":"closed","ping_status":"closed","sticky":false,"template":"","format":"standard","meta":{"_acf_changed":false,"footnotes":""},"categories":[10],"tags":[80,6,96],"class_list":["post-50133","post","type-post","status-publish","format-standard","has-post-thumbnail","hentry","category-institucional","tag-congresso","tag-defesa-profissional","tag-radiologia"],"acf":[],"_links":{"self":[{"href":"https:\/\/cbr.org.br\/es\/wp-json\/wp\/v2\/posts\/50133","targetHints":{"allow":["GET"]}}],"collection":[{"href":"https:\/\/cbr.org.br\/es\/wp-json\/wp\/v2\/posts"}],"about":[{"href":"https:\/\/cbr.org.br\/es\/wp-json\/wp\/v2\/types\/post"}],"author":[{"embeddable":true,"href":"https:\/\/cbr.org.br\/es\/wp-json\/wp\/v2\/users\/24"}],"replies":[{"embeddable":true,"href":"https:\/\/cbr.org.br\/es\/wp-json\/wp\/v2\/comments?post=50133"}],"version-history":[{"count":1,"href":"https:\/\/cbr.org.br\/es\/wp-json\/wp\/v2\/posts\/50133\/revisions"}],"predecessor-version":[{"id":50135,"href":"https:\/\/cbr.org.br\/es\/wp-json\/wp\/v2\/posts\/50133\/revisions\/50135"}],"wp:featuredmedia":[{"embeddable":true,"href":"https:\/\/cbr.org.br\/es\/wp-json\/wp\/v2\/media\/50134"}],"wp:attachment":[{"href":"https:\/\/cbr.org.br\/es\/wp-json\/wp\/v2\/media?parent=50133"}],"wp:term":[{"taxonomy":"category","embeddable":true,"href":"https:\/\/cbr.org.br\/es\/wp-json\/wp\/v2\/categories?post=50133"},{"taxonomy":"post_tag","embeddable":true,"href":"https:\/\/cbr.org.br\/es\/wp-json\/wp\/v2\/tags?post=50133"}],"curies":[{"name":"wp","href":"https:\/\/api.w.org\/{rel}","templated":true}]}}