{"id":50397,"date":"2025-01-24T21:44:00","date_gmt":"2025-01-25T00:44:00","guid":{"rendered":"https:\/\/cbr.org.br\/?p=50397"},"modified":"2025-03-06T16:28:28","modified_gmt":"2025-03-06T19:28:28","slug":"diretoria-do-cbr-bienio-2025-2026-e-empossada-durante-cerimonia-em-sao-paulo","status":"publish","type":"post","link":"https:\/\/cbr.org.br\/es\/diretoria-do-cbr-bienio-2025-2026-e-empossada-durante-cerimonia-em-sao-paulo\/","title":{"rendered":"La Junta Directiva de CBR para el bienio 2025\/2026 toma juramento durante una ceremonia en S\u00e3o Paulo (SP)"},"content":{"rendered":"<p>La nueva direcci\u00f3n del Colegio Brasile\u00f1o de Radiolog\u00eda y Diagn\u00f3stico por Imagen (CBR) (bienio 2025\/2026) fue juramentada oficialmente la noche de este viernes (24), en el Espacio JK, en el barrio de Itaim, en S\u00e3o Paulo (SP). Los integrantes de la actual composici\u00f3n participaron en la ceremonia de toma de posesi\u00f3n, donde fueron designados en sus nuevos cargos y tambi\u00e9n recibieron homenajes.\u00a0<\/p>\n\n\n\n<p>La ceremonia de inauguraci\u00f3n estuvo a cargo de Ivia Pirani, Gerente Administrativa y Financiera del CBR. Estuvieron en la junta directiva junto con el Dr. Rubens Chojniak \u2013 Presidente electo \u2013 bienio 2025\/2026, la Dra. Cibele Carvalho \u2013 Presidenta del CBR (bienio 2023\/2024), el Dr. Valdair Muglia \u2013 Presidente del CBR (2021 \/Bienio 2022) y el Dr. Florisval Mein\u00e3o \u2013 Secretario General de la Asociaci\u00f3n M\u00e9dica Brasile\u00f1a (AMB).\u00a0<\/p>\n\n\n\n<p><strong><a href=\"https:\/\/cbr.org.br\/es\/cbr-garante-o-reconhecimento-das-prerrogativas-do-titulo-de-especialista-em-rdd\/\">+Leer m\u00e1s: CBR garantiza reconocimiento de prerrogativas del T\u00edtulo de Especialista en Radiolog\u00eda y Diagn\u00f3stico por Im\u00e1genes en el Concurso EBSERH<\/a><\/strong><\/p>\n\n\n\n<p>Durante la toma de posesi\u00f3n, el nuevo presidente agradeci\u00f3 a sus compa\u00f1eros y a todos los presentes en el acto: \u201cQuiero agradecer a mis compa\u00f1eros que vinieron a homenajearme en esta ceremonia, al cuerpo administrativo del Colegio, por la organizaci\u00f3n, quiero agradecer \u201cMis compa\u00f1eros de trabajo que est\u00e1n aqu\u00ed, que me apoyan y me animan mucho\u201d.<\/p>\n\n\n\n<p>Adem\u00e1s del nuevo presidente del Colegio, durante la ceremonia hablaron la Dra. Cibele Carvalho (presidenta del CBR para el per\u00edodo 2023\/2024) y el Dr. Valdair Muglia (presidente del CBR para el per\u00edodo 2021\/2022). La Dra. Cibele agradeci\u00f3 el apoyo que recibi\u00f3 durante su gesti\u00f3n: \u201cEn primer lugar, me gustar\u00eda agradecer el apoyo que recib\u00ed a lo largo de mi gesti\u00f3n, incluso el ayudarme a entender que pod\u00eda llegar a ser presidenta de esta casa\u201d.&nbsp;<\/p>\n\n\n\n<p>El Dr. Valdair Muglia destac\u00f3 la importancia de estar al frente de una entidad como el CBR: \u201cCuando representas a una instituci\u00f3n como esta, dejas de lado tu agenda personal y comienzas a perseguir una agenda institucional. \u201cEl simbolismo de esta ceremonia es importante, especialmente para aquellos que se incorporan a la junta directiva\u201d.<\/p>\n\n\n\n<p>Durante su intervenci\u00f3n, el Dr. Rubens destac\u00f3 la estructura del CBR: \u201cEl Colegio est\u00e1 muy bien estructurado, el trabajo de mis antecesores ha desarrollado mucho el CBR. Tenemos todas las condiciones para ejercer todas nuestras funciones e ir m\u00e1s all\u00e1, intentando contribuir dando un paso m\u00e1s\u201d.<\/p>\n\n\n\n<p><strong>Mantente al tanto de las redes sociales de CBR, s\u00edguenos en\u00a0<a href=\"https:\/\/www.instagram.com\/cbr_radiologia\/\" target=\"_blank\" rel=\"noreferrer noopener\">Instagram\u00a0<\/a>,\u00a0<a href=\"https:\/\/www.facebook.com\/CBRadiologia\/?locale=pt_BR\" target=\"_blank\" rel=\"noreferrer noopener\">Facebook<\/a>\u00a0Es\u00a0<a href=\"https:\/\/br.linkedin.com\/company\/colegiobrasileiroderadiologiaediagn%C3%B3sticoporimagem\" target=\"_blank\" rel=\"noreferrer noopener\">LinkedIn<\/a><\/strong><\/p>\n\n\n\n<p>\u201cSabemos que hay varios desaf\u00edos, desaf\u00edos inherentes a la condici\u00f3n del pa\u00eds, de desigualdad, de diversidad socioecon\u00f3mica, cultural, estructural y de recursos humanos. \u201cLas personas que trabajan en radiolog\u00eda est\u00e1n inmersas en situaciones de pr\u00e1ctica m\u00e9dica en condiciones rudimentarias, esto de por s\u00ed ya es un desaf\u00edo\u201d, afirm\u00f3 el reci\u00e9n juramentado Presidente.\u00a0 <\/p>\n\n\n\n<p>En su intervenci\u00f3n, el Dr. Rubens Chojniak tambi\u00e9n abord\u00f3 la importancia de la radiolog\u00eda para el sector sanitario: \u201cNuestra especialidad sigue creciendo r\u00e1pidamente tanto en n\u00famero de procedimientos como en complejidad. Nuestras acciones tienen un impacto directo en la calidad de la salud y la sostenibilidad del sistema de salud\u201d.<\/p>\n\n\n\n<p><strong>En dicha ocasi\u00f3n tomaron juramento para el bienio 2025-2026 los siguientes miembros:<\/strong><\/p>\n\n\n\n<p><strong>Presidente<\/strong><\/p>\n\n\n\n<p>doctor Rubens Chojniak<\/p>\n\n\n\n<p><strong>1er vicepresidente<\/strong><\/p>\n\n\n\n<p>doctor helio braga<\/p>\n\n\n\n<p><strong>2do vicepresidente<\/strong><\/p>\n\n\n\n<p>Dr. Juliana Tapaj\u00f3s\u00a0<\/p>\n\n\n\n<p><strong>1er secretario<\/strong><\/p>\n\n\n\n<p>doctor Marcel Koenigkam Santos&nbsp;<\/p>\n\n\n\n<p><strong>2do secretario<\/strong><\/p>\n\n\n\n<p>doctor fernando morbeck<\/p>\n\n\n\n<p><strong>1er Tesorero<\/strong><\/p>\n\n\n\n<p>Dr. Alicia Schuch<strong>\u00a0<\/strong><\/p>\n\n\n\n<p><strong>2do tesorero<\/strong><\/p>\n\n\n\n<p>Dra. Beatriz Medicis Maranh\u00e3o Miranda&nbsp;<\/p>\n\n\n\n<p><strong>Director cient\u00edfico<\/strong><\/p>\n\n\n\n<p>doctor Mauricio Zapparoli<\/p>\n\n\n\n<p><strong>Directora de Comunicaci\u00f3n<\/strong><\/p>\n\n\n\n<p>Dr. Augusto Braga Fernandes Antunes<\/p>\n\n\n\n<p><strong>Director de Relaciones Internacionales<\/strong><\/p>\n\n\n\n<p>doctor Ronaldo Hueb Baroni&nbsp;<\/p>\n\n\n\n<p><strong>directora cultural<\/strong><\/p>\n\n\n\n<p>Dra. Linei Augusta Brolini Dell\u00ea Urban&nbsp;<\/p>\n\n\n\n<p><strong>Director de Defensa Profesional\u00a0<\/strong><\/p>\n\n\n\n<p>Dr. Marcelo Vilela Lauar&nbsp;<\/p>\n\n\n\n<p><strong>Director de ABCDI<\/strong><\/p>\n\n\n\n<p>doctor Ricardo Mendon\u00e7a Rocha<\/p>\n\n\n\n<p><strong>Director Titular<\/strong>\u00a0<\/p>\n\n\n\n<p>Dr. T\u00falio Augusto Alves Macedo&nbsp;<\/p>\n\n\n\n<p><strong>Director de Relaciones Institucionales\u00a0<\/strong><\/p>\n\n\n\n<p>doctor bernardo tessarollo&nbsp;<\/p>\n\n\n\n<p><strong>Vea algunas fotos del evento.<\/strong><\/p>\n\n\n\n<figure class=\"wp-block-image size-large is-resized\"><img fetchpriority=\"high\" decoding=\"async\" width=\"1440\" height=\"1080\" src=\"https:\/\/cbr.org.br\/wp-content\/uploads\/2025\/01\/Ft-2-1440x1080.jpg\" alt=\"\" class=\"wp-image-50426\" style=\"width:375px;height:auto\" srcset=\"https:\/\/cbr.org.br\/wp-content\/uploads\/2025\/01\/Ft-2-1440x1080.jpg 1440w, https:\/\/cbr.org.br\/wp-content\/uploads\/2025\/01\/Ft-2-720x540.jpg 720w, https:\/\/cbr.org.br\/wp-content\/uploads\/2025\/01\/Ft-2-339x254.jpg 339w, https:\/\/cbr.org.br\/wp-content\/uploads\/2025\/01\/Ft-2-768x576.jpg 768w, https:\/\/cbr.org.br\/wp-content\/uploads\/2025\/01\/Ft-2-1536x1152.jpg 1536w, https:\/\/cbr.org.br\/wp-content\/uploads\/2025\/01\/Ft-2-2048x1536.jpg 2048w, https:\/\/cbr.org.br\/wp-content\/uploads\/2025\/01\/Ft-2-16x12.jpg 16w\" sizes=\"(max-width: 1440px) 100vw, 1440px\" \/><figcaption class=\"wp-element-caption\"><strong>Subtitular: <\/strong>Junta Directiva del CBR 2025\/2026 junto a la junta directiva<br>Cr\u00e9dito: CBR<\/figcaption><\/figure>\n\n\n\n<figure class=\"wp-block-image size-large is-resized\"><img decoding=\"async\" width=\"810\" height=\"1080\" src=\"https:\/\/cbr.org.br\/wp-content\/uploads\/2025\/01\/Ft-3-810x1080.jpg\" alt=\"\" class=\"wp-image-50427\" style=\"width:269px;height:auto\" srcset=\"https:\/\/cbr.org.br\/wp-content\/uploads\/2025\/01\/Ft-3-810x1080.jpg 810w, https:\/\/cbr.org.br\/wp-content\/uploads\/2025\/01\/Ft-3-405x540.jpg 405w, https:\/\/cbr.org.br\/wp-content\/uploads\/2025\/01\/Ft-3-191x254.jpg 191w, https:\/\/cbr.org.br\/wp-content\/uploads\/2025\/01\/Ft-3-768x1024.jpg 768w, https:\/\/cbr.org.br\/wp-content\/uploads\/2025\/01\/Ft-3-1152x1536.jpg 1152w, https:\/\/cbr.org.br\/wp-content\/uploads\/2025\/01\/Ft-3-1536x2048.jpg 1536w, https:\/\/cbr.org.br\/wp-content\/uploads\/2025\/01\/Ft-3-9x12.jpg 9w, https:\/\/cbr.org.br\/wp-content\/uploads\/2025\/01\/Ft-3-scaled.jpg 1920w\" sizes=\"(max-width: 810px) 100vw, 810px\" \/><figcaption class=\"wp-element-caption\">Leyenda: Ceremonia de inauguraci\u00f3n a cargo de Ivia Pirani, Gerente Administrativa y Financiera del CBR<br>Cr\u00e9dito: CBR<\/figcaption><\/figure>\n\n\n\n<figure class=\"wp-block-image size-full is-resized\"><img decoding=\"async\" width=\"1280\" height=\"960\" src=\"https:\/\/cbr.org.br\/wp-content\/uploads\/2025\/01\/Ft-4.jpg\" alt=\"\" class=\"wp-image-50428\" style=\"width:343px;height:auto\" srcset=\"https:\/\/cbr.org.br\/wp-content\/uploads\/2025\/01\/Ft-4.jpg 1280w, https:\/\/cbr.org.br\/wp-content\/uploads\/2025\/01\/Ft-4-720x540.jpg 720w, https:\/\/cbr.org.br\/wp-content\/uploads\/2025\/01\/Ft-4-339x254.jpg 339w, https:\/\/cbr.org.br\/wp-content\/uploads\/2025\/01\/Ft-4-768x576.jpg 768w, https:\/\/cbr.org.br\/wp-content\/uploads\/2025\/01\/Ft-4-16x12.jpg 16w\" sizes=\"(max-width: 1280px) 100vw, 1280px\" \/><figcaption class=\"wp-element-caption\">Leyenda: Expresidente del CBR junto al Dr. Giovanni Guido Cerri \u2013 Exsecretario de Estado de Salud de S\u00e3o Paulo (2011-2014)<br>Cr\u00e9dito: CBR<\/figcaption><\/figure>\n\n\n\n<figure class=\"wp-block-image size-large is-resized\"><img loading=\"lazy\" decoding=\"async\" width=\"1440\" height=\"1080\" src=\"https:\/\/cbr.org.br\/wp-content\/uploads\/2025\/01\/Ft-5-1440x1080.jpg\" alt=\"\" class=\"wp-image-50429\" style=\"width:353px;height:auto\" srcset=\"https:\/\/cbr.org.br\/wp-content\/uploads\/2025\/01\/Ft-5-1440x1080.jpg 1440w, https:\/\/cbr.org.br\/wp-content\/uploads\/2025\/01\/Ft-5-720x540.jpg 720w, https:\/\/cbr.org.br\/wp-content\/uploads\/2025\/01\/Ft-5-339x254.jpg 339w, https:\/\/cbr.org.br\/wp-content\/uploads\/2025\/01\/Ft-5-768x576.jpg 768w, https:\/\/cbr.org.br\/wp-content\/uploads\/2025\/01\/Ft-5-1536x1152.jpg 1536w, https:\/\/cbr.org.br\/wp-content\/uploads\/2025\/01\/Ft-5-2048x1536.jpg 2048w, https:\/\/cbr.org.br\/wp-content\/uploads\/2025\/01\/Ft-5-16x12.jpg 16w\" sizes=\"(max-width: 1440px) 100vw, 1440px\" \/><figcaption class=\"wp-element-caption\">Leyenda: Miembros de la junta directiva 2025\/2026 en la noche de inauguraci\u00f3n<br>Cr\u00e9dito: CBR<\/figcaption><\/figure>\n\n\n\n<figure class=\"wp-block-image size-large is-resized\"><img loading=\"lazy\" decoding=\"async\" width=\"1440\" height=\"1080\" src=\"https:\/\/cbr.org.br\/wp-content\/uploads\/2025\/01\/Ft-6-1440x1080.jpg\" alt=\"\" class=\"wp-image-50430\" style=\"width:363px;height:auto\" srcset=\"https:\/\/cbr.org.br\/wp-content\/uploads\/2025\/01\/Ft-6-1440x1080.jpg 1440w, https:\/\/cbr.org.br\/wp-content\/uploads\/2025\/01\/Ft-6-720x540.jpg 720w, https:\/\/cbr.org.br\/wp-content\/uploads\/2025\/01\/Ft-6-339x254.jpg 339w, https:\/\/cbr.org.br\/wp-content\/uploads\/2025\/01\/Ft-6-768x576.jpg 768w, https:\/\/cbr.org.br\/wp-content\/uploads\/2025\/01\/Ft-6-1536x1152.jpg 1536w, https:\/\/cbr.org.br\/wp-content\/uploads\/2025\/01\/Ft-6-2048x1536.jpg 2048w, https:\/\/cbr.org.br\/wp-content\/uploads\/2025\/01\/Ft-6-16x12.jpg 16w\" sizes=\"(max-width: 1440px) 100vw, 1440px\" \/><figcaption class=\"wp-element-caption\">Leyenda: Junta directiva y gerencia durante la ceremonia de inauguraci\u00f3n<br>Cr\u00e9dito: CBR<\/figcaption><\/figure>\n\n\n\n<figure class=\"wp-block-image size-large is-resized\"><img loading=\"lazy\" decoding=\"async\" width=\"1440\" height=\"1080\" src=\"https:\/\/cbr.org.br\/wp-content\/uploads\/2025\/01\/Ft-7-1440x1080.jpg\" alt=\"\" class=\"wp-image-50431\" style=\"width:368px;height:auto\" srcset=\"https:\/\/cbr.org.br\/wp-content\/uploads\/2025\/01\/Ft-7-1440x1080.jpg 1440w, https:\/\/cbr.org.br\/wp-content\/uploads\/2025\/01\/Ft-7-720x540.jpg 720w, https:\/\/cbr.org.br\/wp-content\/uploads\/2025\/01\/Ft-7-339x254.jpg 339w, https:\/\/cbr.org.br\/wp-content\/uploads\/2025\/01\/Ft-7-768x576.jpg 768w, https:\/\/cbr.org.br\/wp-content\/uploads\/2025\/01\/Ft-7-1536x1152.jpg 1536w, https:\/\/cbr.org.br\/wp-content\/uploads\/2025\/01\/Ft-7-2048x1536.jpg 2048w, https:\/\/cbr.org.br\/wp-content\/uploads\/2025\/01\/Ft-7-16x12.jpg 16w\" sizes=\"(max-width: 1440px) 100vw, 1440px\" \/><figcaption class=\"wp-element-caption\">Leyenda: Junta directiva y gerencia durante la ceremonia de inauguraci\u00f3n<br>Cr\u00e9dito: CBR<\/figcaption><\/figure>\n\n\n\n<p><\/p>","protected":false},"excerpt":{"rendered":"<p>La nueva direcci\u00f3n del Colegio Brasile\u00f1o de Radiolog\u00eda y Diagn\u00f3stico por Imagen (CBR) (bienio 2025\/2026) fue juramentada oficialmente la noche de este viernes (24), en el Espacio JK, en el barrio de Itaim, en S\u00e3o Paulo (SP). Los integrantes de la actual composici\u00f3n participaron en la ceremonia de toma de posesi\u00f3n, donde fueron designados en sus nuevos cargos y tambi\u00e9n recibieron homenajes. El \u2026 <a href=\"https:\/\/cbr.org.br\/es\/diretoria-do-cbr-bienio-2025-2026-e-empossada-durante-cerimonia-em-sao-paulo\/\">Sigue leyendo<\/a><\/p>","protected":false},"author":24,"featured_media":50432,"comment_status":"closed","ping_status":"closed","sticky":false,"template":"","format":"standard","meta":{"_acf_changed":false,"footnotes":""},"categories":[10],"tags":[664,50,96],"class_list":["post-50397","post","type-post","status-publish","format-standard","has-post-thumbnail","hentry","category-institucional","tag-bienio-2025","tag-cbr","tag-radiologia"],"acf":[],"_links":{"self":[{"href":"https:\/\/cbr.org.br\/es\/wp-json\/wp\/v2\/posts\/50397","targetHints":{"allow":["GET"]}}],"collection":[{"href":"https:\/\/cbr.org.br\/es\/wp-json\/wp\/v2\/posts"}],"about":[{"href":"https:\/\/cbr.org.br\/es\/wp-json\/wp\/v2\/types\/post"}],"author":[{"embeddable":true,"href":"https:\/\/cbr.org.br\/es\/wp-json\/wp\/v2\/users\/24"}],"replies":[{"embeddable":true,"href":"https:\/\/cbr.org.br\/es\/wp-json\/wp\/v2\/comments?post=50397"}],"version-history":[{"count":2,"href":"https:\/\/cbr.org.br\/es\/wp-json\/wp\/v2\/posts\/50397\/revisions"}],"predecessor-version":[{"id":50438,"href":"https:\/\/cbr.org.br\/es\/wp-json\/wp\/v2\/posts\/50397\/revisions\/50438"}],"wp:featuredmedia":[{"embeddable":true,"href":"https:\/\/cbr.org.br\/es\/wp-json\/wp\/v2\/media\/50432"}],"wp:attachment":[{"href":"https:\/\/cbr.org.br\/es\/wp-json\/wp\/v2\/media?parent=50397"}],"wp:term":[{"taxonomy":"category","embeddable":true,"href":"https:\/\/cbr.org.br\/es\/wp-json\/wp\/v2\/categories?post=50397"},{"taxonomy":"post_tag","embeddable":true,"href":"https:\/\/cbr.org.br\/es\/wp-json\/wp\/v2\/tags?post=50397"}],"curies":[{"name":"wp","href":"https:\/\/api.w.org\/{rel}","templated":true}]}}