{"id":50444,"date":"2025-02-03T11:12:52","date_gmt":"2025-02-03T14:12:52","guid":{"rendered":"https:\/\/cbr.org.br\/?p=50444"},"modified":"2025-03-07T11:27:47","modified_gmt":"2025-03-07T14:27:47","slug":"nota-de-falecimento-dra-helen-jamil-khoury-asfora","status":"publish","type":"post","link":"https:\/\/cbr.org.br\/es\/nota-de-falecimento-dra-helen-jamil-khoury-asfora\/","title":{"rendered":"aviso de muerte"},"content":{"rendered":"<p>Con gran tristeza recibimos la noticia del fallecimiento de la Dra. Helen Jamil Khoury Asfora, de 73 a\u00f1os, el pasado domingo (2 de febrero de 2025).<\/p>\n\n\n\n<p>La Dra. Helen colabor\u00f3 activamente con el CBR, fue miembro de la Comisi\u00f3n de Protecci\u00f3n Radiol\u00f3gica (CPR) (bienio 2019\/2020).<\/p>\n\n\n\n<p>Adem\u00e1s de colaborar con la Facultad, la Dra. Helen fue profesora titular de la Universidad Federal de Pernambuco (UFPE) y dedic\u00f3 m\u00e1s de 40 a\u00f1os de su vida a la ciencia.<\/p>\n\n\n\n<p>CBR agradece a la Dra. Helen Jamil Khoury Asfora por sus a\u00f1os de dedicaci\u00f3n a la ciencia y la investigaci\u00f3n brasile\u00f1as.<\/p>\n\n\n\n<p>Extendemos nuestras m\u00e1s sinceras condolencias a familiares y amigos en este momento.<\/p>","protected":false},"excerpt":{"rendered":"<p>Con gran tristeza recibimos la noticia del fallecimiento de la Dra. Helen Jamil Khoury Asfora, de 73 a\u00f1os, el pasado domingo (2 de febrero de 2025). La Dra. Helen colabor\u00f3 activamente con el CBR, fue miembro de la Comisi\u00f3n de Protecci\u00f3n Radiol\u00f3gica (CPR) (bienio 2019\/2020). Adem\u00e1s de trabajar con el Colegio, la Dra. Helen\u2026 <a href=\"https:\/\/cbr.org.br\/es\/nota-de-falecimento-dra-helen-jamil-khoury-asfora\/\">Sigue leyendo<\/a><\/p>","protected":false},"author":24,"featured_media":50445,"comment_status":"closed","ping_status":"closed","sticky":false,"template":"","format":"standard","meta":{"_acf_changed":false,"footnotes":""},"categories":[646],"tags":[50,111,65,66],"class_list":["post-50444","post","type-post","status-publish","format-standard","has-post-thumbnail","hentry","category-nota-de-falecimento","tag-cbr","tag-diagnostico-por-imagem","tag-medico","tag-radiologista"],"acf":[],"_links":{"self":[{"href":"https:\/\/cbr.org.br\/es\/wp-json\/wp\/v2\/posts\/50444","targetHints":{"allow":["GET"]}}],"collection":[{"href":"https:\/\/cbr.org.br\/es\/wp-json\/wp\/v2\/posts"}],"about":[{"href":"https:\/\/cbr.org.br\/es\/wp-json\/wp\/v2\/types\/post"}],"author":[{"embeddable":true,"href":"https:\/\/cbr.org.br\/es\/wp-json\/wp\/v2\/users\/24"}],"replies":[{"embeddable":true,"href":"https:\/\/cbr.org.br\/es\/wp-json\/wp\/v2\/comments?post=50444"}],"version-history":[{"count":1,"href":"https:\/\/cbr.org.br\/es\/wp-json\/wp\/v2\/posts\/50444\/revisions"}],"predecessor-version":[{"id":50446,"href":"https:\/\/cbr.org.br\/es\/wp-json\/wp\/v2\/posts\/50444\/revisions\/50446"}],"wp:featuredmedia":[{"embeddable":true,"href":"https:\/\/cbr.org.br\/es\/wp-json\/wp\/v2\/media\/50445"}],"wp:attachment":[{"href":"https:\/\/cbr.org.br\/es\/wp-json\/wp\/v2\/media?parent=50444"}],"wp:term":[{"taxonomy":"category","embeddable":true,"href":"https:\/\/cbr.org.br\/es\/wp-json\/wp\/v2\/categories?post=50444"},{"taxonomy":"post_tag","embeddable":true,"href":"https:\/\/cbr.org.br\/es\/wp-json\/wp\/v2\/tags?post=50444"}],"curies":[{"name":"wp","href":"https:\/\/api.w.org\/{rel}","templated":true}]}}