{"id":50779,"date":"2025-03-10T10:30:47","date_gmt":"2025-03-10T13:30:47","guid":{"rendered":"https:\/\/cbr.org.br\/?p=50779"},"modified":"2025-03-10T10:30:48","modified_gmt":"2025-03-10T13:30:48","slug":"cbr-realiza-prova-de-titulo-de-especialista-certificado-de-area-de-atuacao","status":"publish","type":"post","link":"https:\/\/cbr.org.br\/es\/cbr-realiza-prova-de-titulo-de-especialista-certificado-de-area-de-atuacao\/","title":{"rendered":"CBR posee el t\u00edtulo de especialista y el certificado de campo de actividad"},"content":{"rendered":"<p>El CBR anunci\u00f3 el calendario y formato de la Prueba de T\u00edtulo de la especialidad. El Examen de Suficiencia para la obtenci\u00f3n de T\u00edtulos de Especialistas y Certificados de \u00c1rea de Actividad son emitidos por la entidad en conjunto con la Asociaci\u00f3n M\u00e9dica Brasile\u00f1a (AMB). La inscripci\u00f3n se puede realizar desde hoy (10 de marzo) hasta el 31 de marzo.<\/p>\n\n\n\n<p><strong>Mantente al tanto de las redes sociales de CBR, s\u00edguenos en\u00a0<a href=\"https:\/\/www.instagram.com\/cbr_radiologia\/\" target=\"_blank\" rel=\"noreferrer noopener\">Instagram\u00a0<\/a>,\u00a0<a href=\"https:\/\/www.facebook.com\/CBRadiologia\/?locale=pt_BR\" target=\"_blank\" rel=\"noreferrer noopener\">Facebook<\/a>\u00a0Es\u00a0<a href=\"https:\/\/br.linkedin.com\/company\/colegiobrasileiroderadiologiaediagn%C3%B3sticoporimagem\" target=\"_blank\" rel=\"noreferrer noopener\">LinkedIn<\/a><\/strong><\/p>\n\n\n\n<p>La aprobaci\u00f3n del examen, que se realiza en formato te\u00f3rico y pr\u00e1ctico, es necesaria para la obtenci\u00f3n del t\u00edtulo de especialista, otorgado por el CBR\/AMB y acreditado por el CFM, en los t\u00e9rminos de las Resoluciones CFM n\u00ba 2.148\/2016 y 2.380\/2024. El certificado acredita que el profesional m\u00e9dico tiene una formaci\u00f3n acad\u00e9mico-cient\u00edfica adecuada y es capaz de ejercer la especialidad con \u00e9tica, responsabilidad y competencia.<\/p>\n\n\n\n<p><strong>Siga el calendario de fechas de ex\u00e1menes a continuaci\u00f3n:<\/strong><\/p>\n\n\n\n<p><strong>Prueba de t\u00edtulo<\/strong><br>Examen de T\u00edtulo de Especialista y Certificado de \u00c1rea de Pr\u00e1ctica \u2013 1er semestre<br>Periodo de inscripci\u00f3n: del 10 al 31 de marzo de 2025<\/p>\n\n\n\n<p>1\u00aa Fase \u2013 Prueba Te\u00f3rica<br>Fecha: 18 de mayo de 2025 \u2013 (domingo)<br>Especialidades: DO\/EVD\/MAMA\/NEURO\/RDI\/RIA\/USGERAL\/USGO<br>Formato: Presencial<br>Localizaciones: Belo Horizonte (MG), Brasilia (DF), Curitiba (PR), R\u00edo de Janeiro (RJ), Recife (PE) y S\u00e3o Paulo (SP)<\/p>\n\n\n\n<p>2\u00aa fase - Prueba pr\u00e1ctica (Pr\u00e1ctica oral\/Pr\u00e1ctica de aparato)<br>Fecha: 28 de junio de 2025 \u2013 (s\u00e1bado)<br>Especialidades: DO\/EVD\/MAMA\/NEURO\/RIA\/USGERAL\/USGO<br>Formato: Presencial<br>Ubicaci\u00f3n: S\u00e3o Paulo (SP)<\/p>\n\n\n\n<p>2\u00aa fase \u2013 Prueba te\u00f3rico-pr\u00e1ctica<br>Fecha: 29 de junio de 2025 \u2013 (domingo)<br>Especialidades: RDI<br>Formato: Presencial<br>Ubicaci\u00f3n: Sao Paulo (SP).<\/p>\n\n\n\n<p><strong>Examen de T\u00edtulo de Especialista y Certificado de \u00c1rea de Pr\u00e1ctica \u2013 2do semestre<\/strong><br>Todas las etapas: Prueba Te\u00f3rica, Prueba Te\u00f3rica-Pr\u00e1ctica y Prueba Pr\u00e1ctica en Equipos<br>Fecha: 17 de septiembre de 2025 \u2013 (mi\u00e9rcoles)<br>Especialidades: RDDI y USGERAL<br>Formato: Presencial<br>Ubicaci\u00f3n: Curitiba (PR)<br><\/p>\n\n\n\n<p><strong>Observaci\u00f3n:<\/strong> Para esta segunda prueba, como dependemos de la aprobaci\u00f3n de AMB, no podemos anunciar una fecha confirmada. Tenga en cuenta que esta fecha est\u00e1 planificada y est\u00e1 sujeta a cambios previa aprobaci\u00f3n de AMB. Las fechas para el primer semestre ya fueron aprobadas.<\/p>\n\n\n\n<p>Los certificados son emitidos por AMB\/CBR. Son: T\u00edtulos de Especialistas: Radiolog\u00eda y Diagn\u00f3stico por Im\u00e1genes; Diagn\u00f3stico por Imagen con Actividad Exclusiva en Radiolog\u00eda Intervencionista y Angiorradiolog\u00eda; Diagn\u00f3stico por Im\u00e1genes con Enfoque Exclusivo en Ultrasonido General y Certificados de \u00c1rea de Especialidad en: Densitometr\u00eda \u00d3sea; Ecograf\u00eda vascular con Doppler (Convenio CBR\/AMB\/SBACV); Mamograf\u00eda (Convenio CBR\/AMB\/SBM\/FEBRASGO); Neurorradiolog\u00eda Diagn\u00f3stica y Terap\u00e9utica; y Ultrasonido en Ginecolog\u00eda y Obstetricia (Convenio CBR\/AMB\/FEBRASGO).<\/p>\n\n\n\n<p><a href=\"https:\/\/cbr.org.br\/es\/cadastramento-recadastramento-de-residentes-aperfeicoandos-segue-ate-31-de-maio\/\"><strong>+Leer m\u00e1s: Contin\u00faa hasta el 31 de mayo la inscripci\u00f3n y reinscripci\u00f3n de residentes y de cursos de formaci\u00f3n avanzada<\/strong><\/a><\/p>\n\n\n\n<p>Los T\u00edtulos de Especialista y Certificados en el \u00c1rea de Experiencia est\u00e1n compuestos y son competencia exclusiva de la Asociaci\u00f3n M\u00e9dica Brasile\u00f1a. La solicitud de inscripci\u00f3n deber\u00e1 realizarse ante la Sociedad de la Especialidad, de acuerdo a los lineamientos presentes en la convocatoria de cada concurso. El plazo de recepci\u00f3n es de 30 a 45 d\u00edas, contados a partir del pago de la factura.<\/p>\n\n\n\n<div class=\"wp-block-buttons is-layout-flex wp-block-buttons-is-layout-flex\">\n<div class=\"wp-block-button\"><a class=\"wp-block-button__link wp-element-button\" href=\"https:\/\/cbr.org.br\/es\/cbr-formacao\/titulo-de-especialista\/\">Para m\u00e1s informaci\u00f3n haga clic aqu\u00ed!<\/a><\/div>\n<\/div>","protected":false},"excerpt":{"rendered":"<p>El CBR anunci\u00f3 el calendario y formato de la Prueba de T\u00edtulo de la especialidad. El Examen de Suficiencia para la obtenci\u00f3n de T\u00edtulos de Especialistas y Certificados de \u00c1rea de Actividad son emitidos por la entidad en conjunto con la Asociaci\u00f3n M\u00e9dica Brasile\u00f1a (AMB). Las inscripciones se pueden realizar desde hoy (10 de marzo) y\u2026 <a href=\"https:\/\/cbr.org.br\/es\/cbr-realiza-prova-de-titulo-de-especialista-certificado-de-area-de-atuacao\/\">Sigue leyendo<\/a><\/p>","protected":false},"author":24,"featured_media":50780,"comment_status":"closed","ping_status":"closed","sticky":false,"template":"","format":"standard","meta":{"_acf_changed":false,"footnotes":""},"categories":[492,17],"tags":[50,111,65,286,537,66],"class_list":["post-50779","post","type-post","status-publish","format-standard","has-post-thumbnail","hentry","category-cbr-formacao","category-titulos-e-certificados","tag-cbr","tag-diagnostico-por-imagem","tag-medico","tag-prova-de-titulo","tag-prova-de-titulo-cbr","tag-radiologista"],"acf":[],"_links":{"self":[{"href":"https:\/\/cbr.org.br\/es\/wp-json\/wp\/v2\/posts\/50779","targetHints":{"allow":["GET"]}}],"collection":[{"href":"https:\/\/cbr.org.br\/es\/wp-json\/wp\/v2\/posts"}],"about":[{"href":"https:\/\/cbr.org.br\/es\/wp-json\/wp\/v2\/types\/post"}],"author":[{"embeddable":true,"href":"https:\/\/cbr.org.br\/es\/wp-json\/wp\/v2\/users\/24"}],"replies":[{"embeddable":true,"href":"https:\/\/cbr.org.br\/es\/wp-json\/wp\/v2\/comments?post=50779"}],"version-history":[{"count":1,"href":"https:\/\/cbr.org.br\/es\/wp-json\/wp\/v2\/posts\/50779\/revisions"}],"predecessor-version":[{"id":50781,"href":"https:\/\/cbr.org.br\/es\/wp-json\/wp\/v2\/posts\/50779\/revisions\/50781"}],"wp:featuredmedia":[{"embeddable":true,"href":"https:\/\/cbr.org.br\/es\/wp-json\/wp\/v2\/media\/50780"}],"wp:attachment":[{"href":"https:\/\/cbr.org.br\/es\/wp-json\/wp\/v2\/media?parent=50779"}],"wp:term":[{"taxonomy":"category","embeddable":true,"href":"https:\/\/cbr.org.br\/es\/wp-json\/wp\/v2\/categories?post=50779"},{"taxonomy":"post_tag","embeddable":true,"href":"https:\/\/cbr.org.br\/es\/wp-json\/wp\/v2\/tags?post=50779"}],"curies":[{"name":"wp","href":"https:\/\/api.w.org\/{rel}","templated":true}]}}