{"id":51436,"date":"2025-03-11T14:11:22","date_gmt":"2025-03-11T17:11:22","guid":{"rendered":"https:\/\/cbr.org.br\/?p=51436"},"modified":"2025-03-26T12:40:38","modified_gmt":"2025-03-26T15:40:38","slug":"o-processo-de-recredenciamento-anual-dos-programas-de-treinamento-credenciados-pelo-cbr-mec","status":"publish","type":"post","link":"https:\/\/cbr.org.br\/es\/o-processo-de-recredenciamento-anual-dos-programas-de-treinamento-credenciados-pelo-cbr-mec\/","title":{"rendered":"El proceso de Re-acreditaci\u00f3n Anual para los programas de formaci\u00f3n acreditados por CBR y MEC se extiende hasta el 30 de abril"},"content":{"rendered":"<p>El proceso de Re-acreditaci\u00f3n Anual de los programas de formaci\u00f3n acreditados por CBR y MEC comenz\u00f3 en\u00a0<strong>1 de marzo<\/strong>\u00a0y se puede hacer hasta el d\u00eda\u00a0<strong>30 de abril de 2025<\/strong>, a trav\u00e9s de la p\u00e1gina del CEAR en la web del Colegio.\u00a0<\/p>\n\n\n\n<p><strong>Mantente al tanto de las redes sociales de CBR, s\u00edguenos en\u00a0<a href=\"https:\/\/www.instagram.com\/cbr_radiologia\/\" target=\"_blank\" rel=\"noreferrer noopener\">Instagram\u00a0<\/a>,\u00a0<a href=\"https:\/\/www.facebook.com\/CBRadiologia\/?locale=pt_BR\" target=\"_blank\" rel=\"noreferrer noopener\">Facebook<\/a>\u00a0Es\u00a0<a href=\"https:\/\/br.linkedin.com\/company\/colegiobrasileiroderadiologiaediagn%C3%B3sticoporimagem\" target=\"_blank\" rel=\"noreferrer noopener\">LinkedIn<\/a><\/strong><\/p>\n\n\n\n<p>Consulta los Est\u00e1ndares de Acreditaci\u00f3n y Requisitos M\u00ednimos accediendo a la p\u00e1gina de capacitaci\u00f3n aqu\u00ed en nuestro sitio web y aseg\u00farate de la regularidad de la instituci\u00f3n y los beneficios de los Residentes con el CBR.<\/p>\n\n\n\n<p><strong>\u00a1ATENCI\u00d3N!<\/strong><\/p>\n\n\n\n<p>No habr\u00e1 extensi\u00f3n del per\u00edodo de Acreditaci\u00f3n y Re-acreditaci\u00f3n despu\u00e9s&nbsp;<strong>30 de abril de 2025<\/strong>.<\/p>\n\n\n\n<p>Si tiene alguna pregunta, comun\u00edquese con CBR a la direcci\u00f3n de correo electr\u00f3nico&nbsp;<a href=\"mailto:educacao@cbr.org.br\" target=\"_blank\" rel=\"noreferrer noopener\"><strong>ensino@cbr.org.br<\/strong><\/a><\/p>\n\n\n\n<p><strong><a href=\"https:\/\/cbr.org.br\/es\/fake-news-sobre-cancer-de-mama-medica-e-interditada-pelo-cfm\/\">+Leer m\u00e1s: M\u00e9dico que difundi\u00f3 noticias falsas sobre c\u00e1ncer de mama es vetado por el CFM<\/a><\/strong><\/p>\n\n\n\n<div class=\"wp-block-buttons is-layout-flex wp-block-buttons-is-layout-flex\">\n<div class=\"wp-block-button\"><a class=\"wp-block-button__link wp-element-button\" href=\"https:\/\/cbr.org.br\/es\/cbr-formacao\/credenciamentos\/\">\u00a1Haga clic aqu\u00ed y consulte el est\u00e1ndar!<\/a><\/div>\n<\/div>\n\n\n\n<div class=\"wp-block-buttons is-layout-flex wp-block-buttons-is-layout-flex\">\n<div class=\"wp-block-button\"><a class=\"wp-block-button__link wp-element-button\" href=\"https:\/\/cear.cbr.org.br\/Login\">P\u00e1gina CEAR<\/a><\/div>\n<\/div>","protected":false},"excerpt":{"rendered":"<p>El proceso de Re-acreditaci\u00f3n Anual para los programas de formaci\u00f3n acreditados por el CBR y el MEC inici\u00f3 el 1 de marzo y se puede realizar hasta el 30 de abril de 2025, a trav\u00e9s de la p\u00e1gina del CEAR en el sitio web del Colegio. Mantente al d\u00eda con las redes sociales del CBR, s\u00edguenos en Instagram, Facebook y LinkedIn Consulta las Normas de Acreditaci\u00f3n\u2026 <a href=\"https:\/\/cbr.org.br\/es\/o-processo-de-recredenciamento-anual-dos-programas-de-treinamento-credenciados-pelo-cbr-mec\/\">Sigue leyendo<\/a><\/p>","protected":false},"author":24,"featured_media":51437,"comment_status":"closed","ping_status":"closed","sticky":false,"template":"","format":"standard","meta":{"_acf_changed":false,"footnotes":""},"categories":[492],"tags":[50,665,111,699,84,829,69],"class_list":["post-51436","post","type-post","status-publish","format-standard","has-post-thumbnail","hentry","category-cbr-formacao","tag-cbr","tag-cbr_radiologia","tag-diagnostico-por-imagem","tag-mec","tag-medicina-diagnostica","tag-recredenciamento","tag-residentes"],"acf":[],"_links":{"self":[{"href":"https:\/\/cbr.org.br\/es\/wp-json\/wp\/v2\/posts\/51436","targetHints":{"allow":["GET"]}}],"collection":[{"href":"https:\/\/cbr.org.br\/es\/wp-json\/wp\/v2\/posts"}],"about":[{"href":"https:\/\/cbr.org.br\/es\/wp-json\/wp\/v2\/types\/post"}],"author":[{"embeddable":true,"href":"https:\/\/cbr.org.br\/es\/wp-json\/wp\/v2\/users\/24"}],"replies":[{"embeddable":true,"href":"https:\/\/cbr.org.br\/es\/wp-json\/wp\/v2\/comments?post=51436"}],"version-history":[{"count":1,"href":"https:\/\/cbr.org.br\/es\/wp-json\/wp\/v2\/posts\/51436\/revisions"}],"predecessor-version":[{"id":51438,"href":"https:\/\/cbr.org.br\/es\/wp-json\/wp\/v2\/posts\/51436\/revisions\/51438"}],"wp:featuredmedia":[{"embeddable":true,"href":"https:\/\/cbr.org.br\/es\/wp-json\/wp\/v2\/media\/51437"}],"wp:attachment":[{"href":"https:\/\/cbr.org.br\/es\/wp-json\/wp\/v2\/media?parent=51436"}],"wp:term":[{"taxonomy":"category","embeddable":true,"href":"https:\/\/cbr.org.br\/es\/wp-json\/wp\/v2\/categories?post=51436"},{"taxonomy":"post_tag","embeddable":true,"href":"https:\/\/cbr.org.br\/es\/wp-json\/wp\/v2\/tags?post=51436"}],"curies":[{"name":"wp","href":"https:\/\/api.w.org\/{rel}","templated":true}]}}