{"id":52045,"date":"2025-05-15T17:04:53","date_gmt":"2025-05-15T20:04:53","guid":{"rendered":"https:\/\/cbr.org.br\/?p=52045"},"modified":"2025-05-15T17:04:54","modified_gmt":"2025-05-15T20:04:54","slug":"cbr-estara-presente-na-feira-hospitalar","status":"publish","type":"post","link":"https:\/\/cbr.org.br\/es\/cbr-estara-presente-na-feira-hospitalar\/","title":{"rendered":"CBR estar\u00e1 presente en la Feria Hospitalaria"},"content":{"rendered":"<p>El Colegio Brasile\u00f1o de Radiolog\u00eda y Diagn\u00f3stico por Imagen (CBR) tendr\u00e1 un stand durante la Feria Hospitalaria, entre el 20 y el 23 de mayo, en S\u00e3o Paulo Expo, en S\u00e3o Paulo (SP). Adem\u00e1s del espacio f\u00edsico, el Colegio estar\u00e1 presente en el programa cient\u00edfico de la feria, realizando el III Congreso de Acreditaci\u00f3n y Calidad en Medicina Diagn\u00f3stica, adem\u00e1s de ser patrocinador institucional del evento.\u00a0<\/p>\n\n\n\n<p><strong>Mantente al tanto de las redes sociales de CBR, s\u00edguenos en\u00a0<a href=\"https:\/\/www.instagram.com\/cbr_radiologia\/\" target=\"_blank\" rel=\"noreferrer noopener\">Instagram\u00a0<\/a>,\u00a0<a href=\"https:\/\/www.facebook.com\/CBRadiologia\/?locale=pt_BR\" target=\"_blank\" rel=\"noreferrer noopener\">Facebook<\/a>\u00a0Es\u00a0<a href=\"https:\/\/br.linkedin.com\/company\/colegiobrasileiroderadiologiaediagn%C3%B3sticoporimagem\" target=\"_blank\" rel=\"noreferrer noopener\">LinkedIn<\/a><\/strong><\/p>\n\n\n\n<p><strong>Acerca del III Congreso de Acreditaci\u00f3n y Calidad en Medicina Diagn\u00f3stica<\/strong><\/p>\n\n\n\n<p>El evento es una colaboraci\u00f3n entre el Colegio Brasile\u00f1o de Radiolog\u00eda y Diagn\u00f3stico por Imagen (CBR), la Sociedad Brasile\u00f1a de Patolog\u00eda Cl\u00ednica\/Medicina de Laboratorio (SBPC\/ML) y la Sociedad Brasile\u00f1a de Patolog\u00eda (SBP). Nuestra actividad se llevar\u00e1 a cabo el d\u00eda 20 de mayo, en el aula 202 (entrepiso). Durante el Congreso se discutir\u00e1n los siguientes temas:\u00a0<\/p>\n\n\n\n<ul class=\"wp-block-list\">\n<li>Seguridad y Calidad en el Diagn\u00f3stico;<\/li>\n\n\n\n<li>Acreditaciones y Est\u00e1ndares de Calidad;<\/li>\n\n\n\n<li>Innovaci\u00f3n e Inteligencia Artificial;<\/li>\n\n\n\n<li>Sostenibilidad y futuro de la Calidad.<\/li>\n<\/ul>\n\n\n\n<p>El programa incluir\u00e1 debates en profundidad, estudios de casos y paneles con expertos para compartir experiencias, desaf\u00edos y soluciones orientadas a mejorar la calidad de los servicios de diagn\u00f3stico.<\/p>\n\n\n\n<p><strong>Acerca de la Feria del Hospital<\/strong><\/p>\n\n\n\n<p>La Feria de Hospitales es el mayor evento de salud de Am\u00e9rica Latina, un encuentro que incluye la participaci\u00f3n de diversos gerentes, m\u00e9dicos, profesionales biom\u00e9dicos, farmac\u00e9uticos, empresas de salud y profesionales de calidad que trabajan en servicios de diagn\u00f3stico.<\/p>\n\n\n\n<p>Si est\u00e1s aqu\u00ed en la Feria Hospitalar, ven a visitar nuestro stand, haz preguntas y haz networking.&nbsp;<\/p>\n\n\n\n<p><strong><a href=\"https:\/\/cbr.org.br\/es\/prova-de-titulo-de-especialista-certificado-de-area-de-atuacao-acontece-neste-final-de-semana\/\">+Leer m\u00e1s: El examen de T\u00edtulo de Especialista y Certificado de Campo de Actividad se lleva a cabo este fin de semana<\/a><\/strong><\/p>","protected":false},"excerpt":{"rendered":"<p>El Colegio Brasile\u00f1o de Radiolog\u00eda y Diagn\u00f3stico por Imagen (CBR) tendr\u00e1 un stand durante la Feria Hospitalaria, entre el 20 y el 23 de mayo, en S\u00e3o Paulo Expo, en S\u00e3o Paulo (SP). Adem\u00e1s del espacio f\u00edsico, el Colegio estar\u00e1 presente en el programa cient\u00edfico de la feria, con la realizaci\u00f3n del III Congreso de Acreditaci\u00f3n y\u2026 <a href=\"https:\/\/cbr.org.br\/es\/cbr-estara-presente-na-feira-hospitalar\/\">Sigue leyendo<\/a><\/p>","protected":false},"author":24,"featured_media":52046,"comment_status":"closed","ping_status":"closed","sticky":false,"template":"","format":"standard","meta":{"_acf_changed":false,"footnotes":""},"categories":[12],"tags":[50,665,111,413,84,65,96,66],"class_list":["post-52045","post","type-post","status-publish","format-standard","has-post-thumbnail","hentry","category-eventos","tag-cbr","tag-cbr_radiologia","tag-diagnostico-por-imagem","tag-hospitalar","tag-medicina-diagnostica","tag-medico","tag-radiologia","tag-radiologista"],"acf":[],"_links":{"self":[{"href":"https:\/\/cbr.org.br\/es\/wp-json\/wp\/v2\/posts\/52045","targetHints":{"allow":["GET"]}}],"collection":[{"href":"https:\/\/cbr.org.br\/es\/wp-json\/wp\/v2\/posts"}],"about":[{"href":"https:\/\/cbr.org.br\/es\/wp-json\/wp\/v2\/types\/post"}],"author":[{"embeddable":true,"href":"https:\/\/cbr.org.br\/es\/wp-json\/wp\/v2\/users\/24"}],"replies":[{"embeddable":true,"href":"https:\/\/cbr.org.br\/es\/wp-json\/wp\/v2\/comments?post=52045"}],"version-history":[{"count":3,"href":"https:\/\/cbr.org.br\/es\/wp-json\/wp\/v2\/posts\/52045\/revisions"}],"predecessor-version":[{"id":52050,"href":"https:\/\/cbr.org.br\/es\/wp-json\/wp\/v2\/posts\/52045\/revisions\/52050"}],"wp:featuredmedia":[{"embeddable":true,"href":"https:\/\/cbr.org.br\/es\/wp-json\/wp\/v2\/media\/52046"}],"wp:attachment":[{"href":"https:\/\/cbr.org.br\/es\/wp-json\/wp\/v2\/media?parent=52045"}],"wp:term":[{"taxonomy":"category","embeddable":true,"href":"https:\/\/cbr.org.br\/es\/wp-json\/wp\/v2\/categories?post=52045"},{"taxonomy":"post_tag","embeddable":true,"href":"https:\/\/cbr.org.br\/es\/wp-json\/wp\/v2\/tags?post=52045"}],"curies":[{"name":"wp","href":"https:\/\/api.w.org\/{rel}","templated":true}]}}