{"id":52094,"date":"2025-05-26T12:31:00","date_gmt":"2025-05-26T15:31:00","guid":{"rendered":"https:\/\/cbr.org.br\/?p=52094"},"modified":"2025-05-22T16:28:27","modified_gmt":"2025-05-22T19:28:27","slug":"cbr-tem-participacao-ativa-na-feira-hospitalar","status":"publish","type":"post","link":"https:\/\/cbr.org.br\/es\/cbr-tem-participacao-ativa-na-feira-hospitalar\/","title":{"rendered":"CBR participa activamente en la Feria de Hospitales"},"content":{"rendered":"<p>El Colegio Brasile\u00f1o de Radiolog\u00eda y Diagn\u00f3stico por Imagen (CBR) tuvo un stand durante la Feria de Hospitales, del 20 al 23 de mayo, en S\u00e3o Paulo Expo, en S\u00e3o Paulo (SP). Adem\u00e1s del espacio f\u00edsico, el Colegio fue protagonista en el programa cient\u00edfico de la feria, realizando el 3er Congreso de Acreditaci\u00f3n y Calidad en Medicina Diagn\u00f3stica, el primer d\u00eda del evento.<\/p>\n\n\n\n<p><strong>Acerca del III Congreso de Acreditaci\u00f3n y Calidad en Medicina Diagn\u00f3stica<\/strong><\/p>\n\n\n\n<p>La actividad fue una colaboraci\u00f3n entre el Colegio Brasile\u00f1o de Radiolog\u00eda y Diagn\u00f3stico por Imagen (CBR), la Sociedad Brasile\u00f1a de Patolog\u00eda Cl\u00ednica\/Medicina de Laboratorio (SBPC\/ML) y la Sociedad Brasile\u00f1a de Patolog\u00eda (SBP). Nuestra actividad se llev\u00f3 a cabo el d\u00eda 20 de mayo (primer d\u00eda del evento), en el sal\u00f3n 202 (mezzanine).\u00a0<\/p>\n\n\n\n<p>Durante el Congreso se discutieron los siguientes temas:<\/p>\n\n\n\n<ul class=\"wp-block-list\">\n<li>\u2013 Importancia de la Acreditaci\u00f3n en Medicina Diagn\u00f3stica;<\/li>\n\n\n\n<li>\u2013 Seguridad del Paciente en Entornos de Diagn\u00f3stico;<\/li>\n\n\n\n<li>\u2013 Gesti\u00f3n de Indicadores de Calidad en Servicios de Diagn\u00f3stico;<\/li>\n\n\n\n<li>\u2013 Acreditaci\u00f3n en An\u00e1lisis Cl\u00ednicos: PALC Paine;<\/li>\n\n\n\n<li>\u2013 Acreditaci\u00f3n en Anatom\u00eda Patol\u00f3gica: PACQ;<\/li>\n\n\n\n<li>\u2013 Inteligencia Artificial en Operaciones Radiol\u00f3gicas;<\/li>\n\n\n\n<li>\u2013 Seguridad en el Diagn\u00f3stico: LGPD y Gobernanza Cl\u00ednica;<\/li>\n\n\n\n<li>\u2013 ESG en Medicina Diagn\u00f3stica: Sostenibilidad y Calidad;<\/li>\n\n\n\n<li>\u2013 Implementaci\u00f3n de Acreditaciones: PADI, PALC y PACQ;<\/li>\n\n\n\n<li>\u2013 Futuro de la acreditaci\u00f3n y la calidad en medicina diagn\u00f3stica.<\/li>\n<\/ul>\n\n\n\n<p>A lo largo del programa se realizaron debates en profundidad, estudios de casos y paneles con expertos para compartir experiencias, retos y soluciones orientadas a mejorar la calidad de los servicios de diagn\u00f3stico.<\/p>\n\n\n\n<p><strong><a href=\"https:\/\/cbr.org.br\/es\/cbr-convidado-para-evento-de-apoio-resolucao-sobre-fortalecimento-da-capacidade-de-imagem-medica-na-78-assembleia-mundial-da-saude\/\">+Leer m\u00e1s: CBR invitado a evento en apoyo a la Resoluci\u00f3n sobre el fortalecimiento de la capacidad de im\u00e1genes m\u00e9dicas en la 78\u00aa Asamblea Mundial de la Salud<\/a><\/strong><\/p>\n\n\n\n<p><strong>Stand de CBR<\/strong><\/p>\n\n\n\n<p>Adem\u00e1s de participar en la agenda de eventos, CBR cont\u00f3 con un stand para atender a sus asociados, resolver dudas y tambi\u00e9n poner a disposici\u00f3n productos para su compra desde la tienda online. Durante los cuatro d\u00edas que dur\u00f3 el evento, los libros de la Colecci\u00f3n CBR estuvieron disponibles con un descuento de 55% para los miembros de CBR que hubieran pagado su cuota completa, y al comprar la Colecci\u00f3n completa, los miembros ten\u00edan garantizado un descuento de 60%.<\/p>\n\n\n\n<p>En el espacio f\u00edsico del CBR en la Feria de Hospitales 2025, hubo espacio para la diversi\u00f3n. En el stand del Colegio, la m\u00e1quina de peluches que fue un \u00e9xito en la CBR24 en Salvador (BA), volvi\u00f3 a alegrar a los presentes en la feria. El desaf\u00edo era atrapar un Cyber o un Sosi (las mascotas de peluche de CBR).<\/p>\n\n\n\n<p><strong>Mantente al tanto de las redes sociales de CBR, s\u00edguenos en\u00a0<a href=\"https:\/\/www.instagram.com\/cbr_radiologia\/\" target=\"_blank\" rel=\"noreferrer noopener\">Instagram\u00a0<\/a>,\u00a0<a href=\"https:\/\/www.facebook.com\/CBRadiologia\/?locale=pt_BR\" target=\"_blank\" rel=\"noreferrer noopener\">Facebook<\/a>\u00a0Es\u00a0<a href=\"https:\/\/br.linkedin.com\/company\/colegiobrasileiroderadiologiaediagn%C3%B3sticoporimagem\" target=\"_blank\" rel=\"noreferrer noopener\">LinkedIn<\/a><\/strong><\/p>\n\n\n\n<p><strong>Acerca de la Feria del Hospital<\/strong><\/p>\n\n\n\n<p>La Feria de Hospitales es el mayor evento de salud de Am\u00e9rica Latina, un encuentro que incluye la participaci\u00f3n de diversos gerentes, m\u00e9dicos, profesionales biom\u00e9dicos, farmac\u00e9uticos, empresas de salud y profesionales de calidad que trabajan en servicios de diagn\u00f3stico.<\/p>\n\n\n\n<p><strong>Conozca las fotos del III Congreso de Acreditaci\u00f3n y Calidad en Medicina Diagn\u00f3stica<\/strong><\/p>\n\n\n\n<figure class=\"wp-block-image size-full is-resized\"><img fetchpriority=\"high\" decoding=\"async\" width=\"1280\" height=\"472\" src=\"https:\/\/cbr.org.br\/wp-content\/uploads\/2025\/05\/2.jpg\" alt=\"\" class=\"wp-image-52096\" style=\"width:431px;height:auto\" srcset=\"https:\/\/cbr.org.br\/wp-content\/uploads\/2025\/05\/2.jpg 1280w, https:\/\/cbr.org.br\/wp-content\/uploads\/2025\/05\/2-960x354.jpg 960w, https:\/\/cbr.org.br\/wp-content\/uploads\/2025\/05\/2-450x166.jpg 450w, https:\/\/cbr.org.br\/wp-content\/uploads\/2025\/05\/2-768x283.jpg 768w, https:\/\/cbr.org.br\/wp-content\/uploads\/2025\/05\/2-18x7.jpg 18w\" sizes=\"(max-width: 1280px) 100vw, 1280px\" \/><figcaption class=\"wp-element-caption\">Leyenda: Ponentes en el III Congreso de Acreditaci\u00f3n y Calidad en Medicina Diagn\u00f3stica<br>Cr\u00e9dito: CBR<\/figcaption><\/figure>\n\n\n\n<figure class=\"wp-block-image size-large is-resized\"><img decoding=\"async\" width=\"1440\" height=\"1080\" src=\"https:\/\/cbr.org.br\/wp-content\/uploads\/2025\/05\/3-1440x1080.jpg\" alt=\"\" class=\"wp-image-52097\" style=\"width:369px;height:auto\" srcset=\"https:\/\/cbr.org.br\/wp-content\/uploads\/2025\/05\/3-1440x1080.jpg 1440w, https:\/\/cbr.org.br\/wp-content\/uploads\/2025\/05\/3-720x540.jpg 720w, https:\/\/cbr.org.br\/wp-content\/uploads\/2025\/05\/3-339x254.jpg 339w, https:\/\/cbr.org.br\/wp-content\/uploads\/2025\/05\/3-768x576.jpg 768w, https:\/\/cbr.org.br\/wp-content\/uploads\/2025\/05\/3-1536x1152.jpg 1536w, https:\/\/cbr.org.br\/wp-content\/uploads\/2025\/05\/3-16x12.jpg 16w, https:\/\/cbr.org.br\/wp-content\/uploads\/2025\/05\/3.jpg 1600w\" sizes=\"(max-width: 1440px) 100vw, 1440px\" \/><figcaption class=\"wp-element-caption\">Leyenda: Dr. Rubens Chojniak, presidente del CBR, durante la ceremonia inaugural del III Congreso de Acreditaci\u00f3n y Calidad en Medicina Diagn\u00f3stica.<br>Cr\u00e9dito: CBR<\/figcaption><\/figure>\n\n\n\n<figure class=\"wp-block-image size-large is-resized\"><img decoding=\"async\" width=\"1440\" height=\"1080\" src=\"https:\/\/cbr.org.br\/wp-content\/uploads\/2025\/05\/4-1440x1080.jpg\" alt=\"\" class=\"wp-image-52098\" style=\"width:352px;height:auto\" srcset=\"https:\/\/cbr.org.br\/wp-content\/uploads\/2025\/05\/4-1440x1080.jpg 1440w, https:\/\/cbr.org.br\/wp-content\/uploads\/2025\/05\/4-720x540.jpg 720w, https:\/\/cbr.org.br\/wp-content\/uploads\/2025\/05\/4-339x254.jpg 339w, https:\/\/cbr.org.br\/wp-content\/uploads\/2025\/05\/4-768x576.jpg 768w, https:\/\/cbr.org.br\/wp-content\/uploads\/2025\/05\/4-1536x1152.jpg 1536w, https:\/\/cbr.org.br\/wp-content\/uploads\/2025\/05\/4-16x12.jpg 16w, https:\/\/cbr.org.br\/wp-content\/uploads\/2025\/05\/4.jpg 1600w\" sizes=\"(max-width: 1440px) 100vw, 1440px\" \/><figcaption class=\"wp-element-caption\">Leyenda: Dr. Adriano Tachibana, Coordinador de CADi, durante el III Congreso de Acreditaci\u00f3n y Calidad en Medicina Diagn\u00f3stica.<br>Cr\u00e9dito: CBR<\/figcaption><\/figure>\n\n\n\n<figure class=\"wp-block-image size-large is-resized\"><img loading=\"lazy\" decoding=\"async\" width=\"810\" height=\"1080\" src=\"https:\/\/cbr.org.br\/wp-content\/uploads\/2025\/05\/5-810x1080.jpg\" alt=\"\" class=\"wp-image-52099\" style=\"width:260px;height:auto\" srcset=\"https:\/\/cbr.org.br\/wp-content\/uploads\/2025\/05\/5-810x1080.jpg 810w, https:\/\/cbr.org.br\/wp-content\/uploads\/2025\/05\/5-405x540.jpg 405w, https:\/\/cbr.org.br\/wp-content\/uploads\/2025\/05\/5-191x254.jpg 191w, https:\/\/cbr.org.br\/wp-content\/uploads\/2025\/05\/5-768x1024.jpg 768w, https:\/\/cbr.org.br\/wp-content\/uploads\/2025\/05\/5-1152x1536.jpg 1152w, https:\/\/cbr.org.br\/wp-content\/uploads\/2025\/05\/5-9x12.jpg 9w, https:\/\/cbr.org.br\/wp-content\/uploads\/2025\/05\/5.jpg 1200w\" sizes=\"(max-width: 810px) 100vw, 810px\" \/><figcaption class=\"wp-element-caption\">Leyenda: De izquierda a derecha: Ivia Pirani, Gerente Administrativa y Financiera del CBR, Dr. Rubens Chojniak, Presidente del CBR y Prof. Marcelo Tavares, Coordinador del MBA en Gesti\u00f3n de Medicina Diagn\u00f3stica del CBR-FIA.<br>Cr\u00e9dito: CBR<\/figcaption><\/figure>\n\n\n\n<figure class=\"wp-block-image size-large is-resized\"><img loading=\"lazy\" decoding=\"async\" width=\"810\" height=\"1080\" src=\"https:\/\/cbr.org.br\/wp-content\/uploads\/2025\/05\/6-810x1080.jpg\" alt=\"\" class=\"wp-image-52100\" style=\"width:251px;height:auto\" srcset=\"https:\/\/cbr.org.br\/wp-content\/uploads\/2025\/05\/6-810x1080.jpg 810w, https:\/\/cbr.org.br\/wp-content\/uploads\/2025\/05\/6-405x540.jpg 405w, https:\/\/cbr.org.br\/wp-content\/uploads\/2025\/05\/6-191x254.jpg 191w, https:\/\/cbr.org.br\/wp-content\/uploads\/2025\/05\/6-768x1024.jpg 768w, https:\/\/cbr.org.br\/wp-content\/uploads\/2025\/05\/6-1152x1536.jpg 1152w, https:\/\/cbr.org.br\/wp-content\/uploads\/2025\/05\/6-9x12.jpg 9w, https:\/\/cbr.org.br\/wp-content\/uploads\/2025\/05\/6.jpg 1200w\" sizes=\"(max-width: 810px) 100vw, 810px\" \/><figcaption class=\"wp-element-caption\">Leyenda: M\u00e1quina de peluche con las mascotas de la escuela.<br>Cr\u00e9dito: CBR<\/figcaption><\/figure>\n\n\n\n<figure class=\"wp-block-image size-large is-resized\"><img loading=\"lazy\" decoding=\"async\" width=\"961\" height=\"1080\" src=\"https:\/\/cbr.org.br\/wp-content\/uploads\/2025\/05\/7-961x1080.jpg\" alt=\"\" class=\"wp-image-52101\" style=\"width:263px;height:auto\" srcset=\"https:\/\/cbr.org.br\/wp-content\/uploads\/2025\/05\/7-961x1080.jpg 961w, https:\/\/cbr.org.br\/wp-content\/uploads\/2025\/05\/7-481x540.jpg 481w, https:\/\/cbr.org.br\/wp-content\/uploads\/2025\/05\/7-226x254.jpg 226w, https:\/\/cbr.org.br\/wp-content\/uploads\/2025\/05\/7-768x863.jpg 768w, https:\/\/cbr.org.br\/wp-content\/uploads\/2025\/05\/7-1367x1536.jpg 1367w, https:\/\/cbr.org.br\/wp-content\/uploads\/2025\/05\/7-11x12.jpg 11w, https:\/\/cbr.org.br\/wp-content\/uploads\/2025\/05\/7.jpg 1424w\" sizes=\"(max-width: 961px) 100vw, 961px\" \/><\/figure>\n\n\n\n<p>Leyenda: Stand de CBR en la Feria Hospitalar 2025<br>Cr\u00e9dito: CBR<\/p>","protected":false},"excerpt":{"rendered":"<p>El Colegio Brasile\u00f1o de Radiolog\u00eda y Diagn\u00f3stico por Imagen (CBR) tuvo un stand durante la Feria de Hospitales, del 20 al 23 de mayo, en S\u00e3o Paulo Expo, en S\u00e3o Paulo (SP). Adem\u00e1s del espacio f\u00edsico, el Colegio fue protagonista en el programa cient\u00edfico de la feria, con la realizaci\u00f3n del III Congreso de Acreditaci\u00f3n y Calidad\u2026 <a href=\"https:\/\/cbr.org.br\/es\/cbr-tem-participacao-ativa-na-feira-hospitalar\/\">Sigue leyendo<\/a><\/p>","protected":false},"author":24,"featured_media":52095,"comment_status":"closed","ping_status":"closed","sticky":false,"template":"","format":"standard","meta":{"_acf_changed":false,"footnotes":""},"categories":[1],"tags":[],"class_list":["post-52094","post","type-post","status-publish","format-standard","has-post-thumbnail","hentry","category-sem-categoria"],"acf":[],"_links":{"self":[{"href":"https:\/\/cbr.org.br\/es\/wp-json\/wp\/v2\/posts\/52094","targetHints":{"allow":["GET"]}}],"collection":[{"href":"https:\/\/cbr.org.br\/es\/wp-json\/wp\/v2\/posts"}],"about":[{"href":"https:\/\/cbr.org.br\/es\/wp-json\/wp\/v2\/types\/post"}],"author":[{"embeddable":true,"href":"https:\/\/cbr.org.br\/es\/wp-json\/wp\/v2\/users\/24"}],"replies":[{"embeddable":true,"href":"https:\/\/cbr.org.br\/es\/wp-json\/wp\/v2\/comments?post=52094"}],"version-history":[{"count":3,"href":"https:\/\/cbr.org.br\/es\/wp-json\/wp\/v2\/posts\/52094\/revisions"}],"predecessor-version":[{"id":52106,"href":"https:\/\/cbr.org.br\/es\/wp-json\/wp\/v2\/posts\/52094\/revisions\/52106"}],"wp:featuredmedia":[{"embeddable":true,"href":"https:\/\/cbr.org.br\/es\/wp-json\/wp\/v2\/media\/52095"}],"wp:attachment":[{"href":"https:\/\/cbr.org.br\/es\/wp-json\/wp\/v2\/media?parent=52094"}],"wp:term":[{"taxonomy":"category","embeddable":true,"href":"https:\/\/cbr.org.br\/es\/wp-json\/wp\/v2\/categories?post=52094"},{"taxonomy":"post_tag","embeddable":true,"href":"https:\/\/cbr.org.br\/es\/wp-json\/wp\/v2\/tags?post=52094"}],"curies":[{"name":"wp","href":"https:\/\/api.w.org\/{rel}","templated":true}]}}