{"id":52171,"date":"2025-05-29T13:01:00","date_gmt":"2025-05-29T16:01:00","guid":{"rendered":"https:\/\/cbr.org.br\/?p=52171"},"modified":"2025-05-28T17:55:12","modified_gmt":"2025-05-28T20:55:12","slug":"lancamento-da-colecao-cbr-em-portugal-projeta-radiologia-brasileira-na-europa","status":"publish","type":"post","link":"https:\/\/cbr.org.br\/es\/lancamento-da-colecao-cbr-em-portugal-projeta-radiologia-brasileira-na-europa\/","title":{"rendered":"El lanzamiento de la Colecci\u00f3n CBR en Portugal proyecta la radiolog\u00eda brasile\u00f1a en Europa"},"content":{"rendered":"<p>Por primera vez en su historia, el Colegio Brasile\u00f1o de Radiolog\u00eda y Diagn\u00f3stico por Imagen (CBR) promovi\u00f3 el lanzamiento internacional de una de sus principales producciones cient\u00edficas: la Colecci\u00f3n CBR. La presentaci\u00f3n oficial de la obra \u2014compuesta por 15 vol\u00famenes que abarcan todas las subespecialidades y \u00e1reas de la radiolog\u00eda\u2014 tuvo lugar durante el 17\u00ba Congreso Nacional de Radiolog\u00eda (CNR), promovido por la Sociedad Portuguesa de Radiolog\u00eda y Medicina Nuclear (SPRMN), entre el 21 y el 24 de mayo, en Peniche, Portugal.<\/p>\n\n\n\n<p>El lanzamiento internacional refuerza el protagonismo cient\u00edfico del CBR y la relevancia de la radiolog\u00eda brasile\u00f1a en el escenario mundial. La colecci\u00f3n fue escrita por m\u00e1s de 800 autores, referencias en sus \u00e1reas en Brasil y en el exterior, y se convirti\u00f3 en un marco editorial por su alcance y calidad t\u00e9cnica.<\/p>\n\n\n\n<p><strong>Mantente al tanto de las redes sociales de CBR, s\u00edguenos en\u00a0<a href=\"https:\/\/www.instagram.com\/cbr_radiologia\/\" target=\"_blank\" rel=\"noreferrer noopener\">Instagram\u00a0<\/a>,\u00a0<a href=\"https:\/\/www.facebook.com\/CBRadiologia\/?locale=pt_BR\" target=\"_blank\" rel=\"noreferrer noopener\">Facebook<\/a>\u00a0Es\u00a0<a href=\"https:\/\/br.linkedin.com\/company\/colegiobrasileiroderadiologiaediagn%C3%B3sticoporimagem\" target=\"_blank\" rel=\"noreferrer noopener\">LinkedIn<\/a><\/strong><\/p>\n\n\n\n<p>La presentaci\u00f3n form\u00f3 parte del programa oficial del congreso y estuvo a cargo del Editor General de la Colecci\u00f3n y director de relaciones internacionales del CBR, Dr. Ronaldo Hueb Baroni, y por el presidente del CBR, Dr. Rubens Chojniak.<\/p>\n\n\n\n<p>El presidente del CBR, Dr. Rubens Chojniak, comenta la importancia del lanzamiento de la Colecci\u00f3n CBR en Portugal: \u201cPara nosotros es un orgullo, refuerza nuestra relaci\u00f3n de amistad y cooperaci\u00f3n con la Sociedad Portuguesa de Medicina Nuclear (SPRMN), establecida desde hace mucho tiempo\u201d. El representante del Colegio a\u00f1adi\u00f3: \u00abNos alegr\u00f3 y sorprendi\u00f3 el inter\u00e9s de la SPRMN. Inicialmente, la colecci\u00f3n se hab\u00eda creado para nuestro p\u00fablico, por lo que es motivo de gran satisfacci\u00f3n\u00bb.<\/p>\n\n\n\n<p>El Dr. Ronaldo Baroni, Director de Relaciones Internacionales del CBR y editor general de la Colecci\u00f3n del CBR, explica c\u00f3mo la SPRMN se interes\u00f3 en llevar los libros a Portugal: \u00abEstuvieron en Salvador (BA) durante el lanzamiento y vieron el \u00e9xito que tuvo la colecci\u00f3n all\u00ed, involucrando a casi toda la comunidad radiol\u00f3gica con los 15 vol\u00famenes. Fue all\u00ed (en Salvador, BA) donde despert\u00f3 su inter\u00e9s, ya que ser\u00eda un libro de referencia para la formaci\u00f3n continua en Portugal. Desde entonces, hemos estado planeando lanzar el libro por invitaci\u00f3n suya\u00bb.&nbsp;<\/p>\n\n\n\n<p><a href=\"https:\/\/cbr.org.br\/es\/cbr-tem-participacao-ativa-na-feira-hospitalar\/\"><strong>+CBR participa activamente en la Feria Hospitalaria<\/strong><\/a><\/p>\n\n\n\n<p>Posteriormente, representantes de las dos entidades participaron en una reuni\u00f3n institucional para ampliar la cooperaci\u00f3n entre las sociedades brasile\u00f1as y portuguesas. A la reuni\u00f3n asistieron el actual presidente de la SPRMN, Dr. Jo\u00e3o Leit\u00e3o, la vicepresidenta, Dra. Lu\u00edsa Costa Andrade y el ex presidente Dr. Lu\u00eds Curvo Semedo, adem\u00e1s de los directores del CBR. Se discutieron acciones que involucran intercambio de especialistas, cooperaci\u00f3n en eventos cient\u00edficos, programas de calificaci\u00f3n profesional, procesos de titulaci\u00f3n e iniciativas orientadas a la calidad en el diagn\u00f3stico por im\u00e1genes.<\/p>\n\n\n\n<p>Seg\u00fan los directivos del CBR, la iniciativa simboliza no s\u00f3lo la valorizaci\u00f3n de la producci\u00f3n cient\u00edfica nacional, sino tambi\u00e9n la consolidaci\u00f3n de importantes lazos institucionales para el desarrollo de la especialidad en el contexto global.<\/p>\n\n\n\n<p><strong>Ver fotos del evento <\/strong><\/p>\n\n\n\n<figure class=\"wp-block-image size-large is-resized\"><img fetchpriority=\"high\" decoding=\"async\" width=\"1440\" height=\"1080\" src=\"https:\/\/cbr.org.br\/wp-content\/uploads\/2025\/05\/WhatsApp-Image-2025-05-28-at-17.16.57-1-1-1440x1080.jpeg\" alt=\"\" class=\"wp-image-52178\" style=\"width:409px;height:auto\" srcset=\"https:\/\/cbr.org.br\/wp-content\/uploads\/2025\/05\/WhatsApp-Image-2025-05-28-at-17.16.57-1-1-1440x1080.jpeg 1440w, https:\/\/cbr.org.br\/wp-content\/uploads\/2025\/05\/WhatsApp-Image-2025-05-28-at-17.16.57-1-1-720x540.jpeg 720w, https:\/\/cbr.org.br\/wp-content\/uploads\/2025\/05\/WhatsApp-Image-2025-05-28-at-17.16.57-1-1-339x254.jpeg 339w, https:\/\/cbr.org.br\/wp-content\/uploads\/2025\/05\/WhatsApp-Image-2025-05-28-at-17.16.57-1-1-768x576.jpeg 768w, https:\/\/cbr.org.br\/wp-content\/uploads\/2025\/05\/WhatsApp-Image-2025-05-28-at-17.16.57-1-1-1536x1152.jpeg 1536w, https:\/\/cbr.org.br\/wp-content\/uploads\/2025\/05\/WhatsApp-Image-2025-05-28-at-17.16.57-1-1-16x12.jpeg 16w, https:\/\/cbr.org.br\/wp-content\/uploads\/2025\/05\/WhatsApp-Image-2025-05-28-at-17.16.57-1-1.jpeg 1600w\" sizes=\"(max-width: 1440px) 100vw, 1440px\" \/><figcaption class=\"wp-element-caption\">Leyenda: Representante del CBR y la SPRMN durante el lanzamiento de la Colecci\u00f3n CBR en el XVII Congreso Nacional de Radiolog\u00eda (CNR)<br>Cr\u00e9dito: CBR<\/figcaption><\/figure>\n\n\n\n<figure class=\"wp-block-image size-full is-resized\"><img decoding=\"async\" width=\"1428\" height=\"1071\" src=\"https:\/\/cbr.org.br\/wp-content\/uploads\/2025\/05\/WhatsApp-Image-2025-05-28-at-17.16.57.jpeg\" alt=\"\" class=\"wp-image-52173\" style=\"width:387px;height:auto\" srcset=\"https:\/\/cbr.org.br\/wp-content\/uploads\/2025\/05\/WhatsApp-Image-2025-05-28-at-17.16.57.jpeg 1428w, https:\/\/cbr.org.br\/wp-content\/uploads\/2025\/05\/WhatsApp-Image-2025-05-28-at-17.16.57-720x540.jpeg 720w, https:\/\/cbr.org.br\/wp-content\/uploads\/2025\/05\/WhatsApp-Image-2025-05-28-at-17.16.57-339x254.jpeg 339w, https:\/\/cbr.org.br\/wp-content\/uploads\/2025\/05\/WhatsApp-Image-2025-05-28-at-17.16.57-768x576.jpeg 768w, https:\/\/cbr.org.br\/wp-content\/uploads\/2025\/05\/WhatsApp-Image-2025-05-28-at-17.16.57-16x12.jpeg 16w\" sizes=\"(max-width: 1428px) 100vw, 1428px\" \/><figcaption class=\"wp-element-caption\">Leyenda: Representante del CBR y la SPRMN durante el lanzamiento de la Colecci\u00f3n CBR en el XVII Congreso Nacional de Radiolog\u00eda (CNR)<br>Cr\u00e9dito: CBR<\/figcaption><\/figure>\n\n\n\n<figure class=\"wp-block-image size-large is-resized\"><img decoding=\"async\" width=\"1440\" height=\"1080\" src=\"https:\/\/cbr.org.br\/wp-content\/uploads\/2025\/05\/WhatsApp-Image-2025-05-28-at-17.16.57-2-1440x1080.jpeg\" alt=\"\" class=\"wp-image-52174\" style=\"width:397px;height:auto\" srcset=\"https:\/\/cbr.org.br\/wp-content\/uploads\/2025\/05\/WhatsApp-Image-2025-05-28-at-17.16.57-2-1440x1080.jpeg 1440w, https:\/\/cbr.org.br\/wp-content\/uploads\/2025\/05\/WhatsApp-Image-2025-05-28-at-17.16.57-2-720x540.jpeg 720w, https:\/\/cbr.org.br\/wp-content\/uploads\/2025\/05\/WhatsApp-Image-2025-05-28-at-17.16.57-2-339x254.jpeg 339w, https:\/\/cbr.org.br\/wp-content\/uploads\/2025\/05\/WhatsApp-Image-2025-05-28-at-17.16.57-2-768x576.jpeg 768w, https:\/\/cbr.org.br\/wp-content\/uploads\/2025\/05\/WhatsApp-Image-2025-05-28-at-17.16.57-2-1536x1152.jpeg 1536w, https:\/\/cbr.org.br\/wp-content\/uploads\/2025\/05\/WhatsApp-Image-2025-05-28-at-17.16.57-2-16x12.jpeg 16w, https:\/\/cbr.org.br\/wp-content\/uploads\/2025\/05\/WhatsApp-Image-2025-05-28-at-17.16.57-2.jpeg 1600w\" sizes=\"(max-width: 1440px) 100vw, 1440px\" \/><figcaption class=\"wp-element-caption\">Leyenda: Representante del CBR y la SPRMN durante el lanzamiento de la Colecci\u00f3n CBR en el XVII Congreso Nacional de Radiolog\u00eda (CNR)<br>Cr\u00e9dito: CBR<\/figcaption><\/figure>\n\n\n\n<figure class=\"wp-block-image size-full is-resized\"><img loading=\"lazy\" decoding=\"async\" width=\"1280\" height=\"960\" src=\"https:\/\/cbr.org.br\/wp-content\/uploads\/2025\/05\/WhatsApp-Image-2025-05-28-at-17.16.54.jpeg\" alt=\"\" class=\"wp-image-52176\" style=\"width:417px;height:auto\" srcset=\"https:\/\/cbr.org.br\/wp-content\/uploads\/2025\/05\/WhatsApp-Image-2025-05-28-at-17.16.54.jpeg 1280w, https:\/\/cbr.org.br\/wp-content\/uploads\/2025\/05\/WhatsApp-Image-2025-05-28-at-17.16.54-720x540.jpeg 720w, https:\/\/cbr.org.br\/wp-content\/uploads\/2025\/05\/WhatsApp-Image-2025-05-28-at-17.16.54-339x254.jpeg 339w, https:\/\/cbr.org.br\/wp-content\/uploads\/2025\/05\/WhatsApp-Image-2025-05-28-at-17.16.54-768x576.jpeg 768w, https:\/\/cbr.org.br\/wp-content\/uploads\/2025\/05\/WhatsApp-Image-2025-05-28-at-17.16.54-16x12.jpeg 16w\" sizes=\"(max-width: 1280px) 100vw, 1280px\" \/><figcaption class=\"wp-element-caption\">Leyenda: Representante de CBR y SPRMN durante una reuni\u00f3n entre ambas sociedades.<br>Cr\u00e9dito: CBR<\/figcaption><\/figure>","protected":false},"excerpt":{"rendered":"<p>Por primera vez en su historia, el Colegio Brasile\u00f1o de Radiolog\u00eda y Diagn\u00f3stico por Imagen (CBR) promovi\u00f3 el lanzamiento internacional de una de sus principales producciones cient\u00edficas: la Colecci\u00f3n CBR. La presentaci\u00f3n oficial de la obra \u2014compuesta por 15 vol\u00famenes que abarcan todas las subespecialidades y \u00e1reas de la radiolog\u00eda\u2014 tuvo lugar durante el XVII Congreso\u2026 <a href=\"https:\/\/cbr.org.br\/es\/lancamento-da-colecao-cbr-em-portugal-projeta-radiologia-brasileira-na-europa\/\">Sigue leyendo<\/a><\/p>","protected":false},"author":24,"featured_media":52177,"comment_status":"closed","ping_status":"closed","sticky":false,"template":"","format":"standard","meta":{"_acf_changed":false,"footnotes":""},"categories":[1],"tags":[],"class_list":["post-52171","post","type-post","status-publish","format-standard","has-post-thumbnail","hentry","category-sem-categoria"],"acf":[],"_links":{"self":[{"href":"https:\/\/cbr.org.br\/es\/wp-json\/wp\/v2\/posts\/52171","targetHints":{"allow":["GET"]}}],"collection":[{"href":"https:\/\/cbr.org.br\/es\/wp-json\/wp\/v2\/posts"}],"about":[{"href":"https:\/\/cbr.org.br\/es\/wp-json\/wp\/v2\/types\/post"}],"author":[{"embeddable":true,"href":"https:\/\/cbr.org.br\/es\/wp-json\/wp\/v2\/users\/24"}],"replies":[{"embeddable":true,"href":"https:\/\/cbr.org.br\/es\/wp-json\/wp\/v2\/comments?post=52171"}],"version-history":[{"count":1,"href":"https:\/\/cbr.org.br\/es\/wp-json\/wp\/v2\/posts\/52171\/revisions"}],"predecessor-version":[{"id":52179,"href":"https:\/\/cbr.org.br\/es\/wp-json\/wp\/v2\/posts\/52171\/revisions\/52179"}],"wp:featuredmedia":[{"embeddable":true,"href":"https:\/\/cbr.org.br\/es\/wp-json\/wp\/v2\/media\/52177"}],"wp:attachment":[{"href":"https:\/\/cbr.org.br\/es\/wp-json\/wp\/v2\/media?parent=52171"}],"wp:term":[{"taxonomy":"category","embeddable":true,"href":"https:\/\/cbr.org.br\/es\/wp-json\/wp\/v2\/categories?post=52171"},{"taxonomy":"post_tag","embeddable":true,"href":"https:\/\/cbr.org.br\/es\/wp-json\/wp\/v2\/tags?post=52171"}],"curies":[{"name":"wp","href":"https:\/\/api.w.org\/{rel}","templated":true}]}}