{"id":52368,"date":"2025-07-03T15:36:16","date_gmt":"2025-07-03T18:36:16","guid":{"rendered":"https:\/\/cbr.org.br\/?p=52368"},"modified":"2025-07-03T17:48:49","modified_gmt":"2025-07-03T20:48:49","slug":"video-informacoes-falsas-sobre-mamografia","status":"publish","type":"post","link":"https:\/\/cbr.org.br\/es\/video-informacoes-falsas-sobre-mamografia\/","title":{"rendered":"Tras acci\u00f3n del CBR, m\u00e9dico se ve obligado a retirar v\u00eddeo con informaci\u00f3n falsa sobre mamograf\u00eda"},"content":{"rendered":"<h4 class=\"wp-block-heading\">Decisi\u00f3n preliminar atiende solicitud realizada al Tribunal de Pernambuco por el Colegio Brasile\u00f1o de Radiolog\u00eda y Diagn\u00f3stico por Imagen<\/h4>\n\n\n\n<p>Un video con informaci\u00f3n err\u00f3nea sobre mamograf\u00edas, producido por un m\u00e9dico de Olinda (PE), fue retirado la semana pasada despu\u00e9s de que el Tribunal accediera a una medida cautelar solicitada por el Colegio Brasile\u00f1o de Radiolog\u00eda y Diagn\u00f3stico por Imagen (CBR). En la misma decisi\u00f3n, el juez Carlos Neves da Franca Neto J\u00fanior, del 2.\u00ba Juzgado Civil del Distrito de Olinda, orden\u00f3 al m\u00e9dico publicar un video de retractaci\u00f3n en el mismo perfil.<\/p>\n\n\n\n<p>El perfil del m\u00e9dico Alu\u00edzio Farias, autor del video con desinformaci\u00f3n, cuenta con aproximadamente 7.400 seguidores. El contenido con informaci\u00f3n falsa, que dio lugar a la acci\u00f3n civil p\u00fablica, se public\u00f3 el 19 de octubre de 2024 y ya no se encuentra en la red social del acusado. La decisi\u00f3n del juez tambi\u00e9n establece que el m\u00e9dico debe producir nuevo contenido, pero esta vez con informaci\u00f3n correcta.<\/p>\n\n\n\n<p>Seg\u00fan la decisi\u00f3n, el video de retractaci\u00f3n debe tener una duraci\u00f3n m\u00ednima de un minuto y aclarar que la mamograf\u00eda es el m\u00e9todo de referencia recomendado por las sociedades m\u00e9dicas brasile\u00f1as para la detecci\u00f3n segura, eficaz y esencial del c\u00e1ncer de mama en la detecci\u00f3n temprana de la enfermedad. El contenido difiere del publicado originalmente, que afirmaba: \u00abLa mamograf\u00eda es muy imprecisa. Adem\u00e1s, contiene un nivel muy alto de radiaci\u00f3n y puede causar c\u00e1ncer debido a dicha radiaci\u00f3n\u00bb.<\/p>\n\n\n\n<p>La retractaci\u00f3n deber\u00e1 permanecer disponible en el perfil oficial del m\u00e9dico durante al menos 30 d\u00edas. En caso de incumplimiento, el demandado deber\u00e1 pagar una multa diaria.<\/p>\n\n\n\n<p><strong><a href=\"https:\/\/cbr.org.br\/es\/pela-saude-dos-pacientes\/\">La mamograf\u00eda es segura<\/a><\/strong> \u2013 Seg\u00fan el CBR, los ex\u00e1menes de mamograf\u00eda deben realizarse de acuerdo a protocolos establecidos por las mayores entidades m\u00e9dicas y bajo la supervisi\u00f3n de m\u00e9dicos, especialmente especialistas en radiolog\u00eda e im\u00e1genes diagn\u00f3sticas.<\/p>\n\n\n\n<p><strong>Mantente al tanto de las redes sociales de CBR, s\u00edguenos en\u00a0<a href=\"https:\/\/www.instagram.com\/cbr_radiologia\/\" target=\"_blank\" rel=\"noreferrer noopener\">Instagram\u00a0<\/a>,\u00a0<a href=\"https:\/\/www.facebook.com\/CBRadiologia\/?locale=pt_BR\" target=\"_blank\" rel=\"noreferrer noopener\">Facebook<\/a>\u00a0Es\u00a0<a href=\"https:\/\/br.linkedin.com\/company\/colegiobrasileiroderadiologiaediagn%C3%B3sticoporimagem\" target=\"_blank\" rel=\"noreferrer noopener\">LinkedIn<\/a><\/strong><\/p>\n\n\n\n<p>Respecto a los niveles de radiaci\u00f3n, el CBR destaca que la emisi\u00f3n de radiaci\u00f3n es baja y que ser\u00eda necesario realizar 400 mamograf\u00edas a lo largo de la vida para aumentar significativamente el riesgo de c\u00e1ncer de mama.<\/p>\n\n\n\n<p>El CBR considera la mamograf\u00eda esencial para el diagn\u00f3stico precoz del c\u00e1ncer de mama, ya que puede identificar la enfermedad en sus primeras etapas, aumentando las posibilidades de curaci\u00f3n en hasta 95% casos.<\/p>\n\n\n\n<p><strong><a href=\"https:\/\/cbr.org.br\/es\/revista-radiologia-brasileira-esta-com-cara-nova\/\">+Leer m\u00e1s: Revista Brasile\u00f1a de Radiolog\u00eda (RB) tiene nueva imagen<\/a><\/strong><\/p>\n\n\n\n<p><\/p>","protected":false},"excerpt":{"rendered":"<p>Decisi\u00f3n preliminar atiende pedido hecho a Tribunal de Pernambuco por el Colegio Brasile\u00f1o de Radiolog\u00eda y Diagn\u00f3stico por Imagen Un video con desinformaci\u00f3n sobre mamograf\u00eda, producido por un m\u00e9dico de Olinda (PE), fue retirado la semana pasada despu\u00e9s de que el Tribunal atendiera un pedido de medida cautelar hecho por el Colegio Brasile\u00f1o de Radiolog\u00eda y Diagn\u00f3stico por Imagen \u2026 <a href=\"https:\/\/cbr.org.br\/es\/video-informacoes-falsas-sobre-mamografia\/\">Sigue leyendo<\/a><\/p>","protected":false},"author":5453,"featured_media":52395,"comment_status":"closed","ping_status":"closed","sticky":false,"template":"","format":"standard","meta":{"_acf_changed":false,"footnotes":""},"categories":[14,4,1],"tags":[50,6,111,310,704,854,84,96],"class_list":["post-52368","post","type-post","status-publish","format-standard","has-post-thumbnail","hentry","category-assunto-legal","category-defesa-profissional","category-sem-categoria","tag-cbr","tag-defesa-profissional","tag-diagnostico-por-imagem","tag-exame","tag-fake-news","tag-informacoes-falsas","tag-medicina-diagnostica","tag-radiologia"],"acf":[],"_links":{"self":[{"href":"https:\/\/cbr.org.br\/es\/wp-json\/wp\/v2\/posts\/52368","targetHints":{"allow":["GET"]}}],"collection":[{"href":"https:\/\/cbr.org.br\/es\/wp-json\/wp\/v2\/posts"}],"about":[{"href":"https:\/\/cbr.org.br\/es\/wp-json\/wp\/v2\/types\/post"}],"author":[{"embeddable":true,"href":"https:\/\/cbr.org.br\/es\/wp-json\/wp\/v2\/users\/5453"}],"replies":[{"embeddable":true,"href":"https:\/\/cbr.org.br\/es\/wp-json\/wp\/v2\/comments?post=52368"}],"version-history":[{"count":3,"href":"https:\/\/cbr.org.br\/es\/wp-json\/wp\/v2\/posts\/52368\/revisions"}],"predecessor-version":[{"id":52377,"href":"https:\/\/cbr.org.br\/es\/wp-json\/wp\/v2\/posts\/52368\/revisions\/52377"}],"wp:featuredmedia":[{"embeddable":true,"href":"https:\/\/cbr.org.br\/es\/wp-json\/wp\/v2\/media\/52395"}],"wp:attachment":[{"href":"https:\/\/cbr.org.br\/es\/wp-json\/wp\/v2\/media?parent=52368"}],"wp:term":[{"taxonomy":"category","embeddable":true,"href":"https:\/\/cbr.org.br\/es\/wp-json\/wp\/v2\/categories?post=52368"},{"taxonomy":"post_tag","embeddable":true,"href":"https:\/\/cbr.org.br\/es\/wp-json\/wp\/v2\/tags?post=52368"}],"curies":[{"name":"wp","href":"https:\/\/api.w.org\/{rel}","templated":true}]}}