{"id":52660,"date":"2025-08-14T11:49:21","date_gmt":"2025-08-14T14:49:21","guid":{"rendered":"https:\/\/cbr.org.br\/?p=52660"},"modified":"2025-08-14T11:49:23","modified_gmt":"2025-08-14T14:49:23","slug":"vitoria-relevante-para-a-radiologia","status":"publish","type":"post","link":"https:\/\/cbr.org.br\/es\/vitoria-relevante-para-a-radiologia\/","title":{"rendered":"Victoria relevante para la radiolog\u00eda"},"content":{"rendered":"<p>CBR obtuvo una decisi\u00f3n importante en la demanda presentada contra UNIMED DO BRASIL \u2013 Confederaci\u00f3n Nacional de Cooperativas M\u00e9dicas.<\/p>\n\n\n\n<p>El 6 de agosto de 2025 se public\u00f3 la decisi\u00f3n que reconoce la legitimidad del CBR para interponer la acci\u00f3n y declar\u00f3 admisible la solicitud, determin\u00e1ndose que UNIMED DO BRASIL presente la referida Tabla de Intercambio, as\u00ed como todos los documentos que demuestren la metodolog\u00eda adoptada para los ajustes aplicados a los servicios de diagn\u00f3stico por imagen a lo largo de los \u00faltimos 20 a\u00f1os.<br><\/p>\n\n\n\n<p><strong>Mantente al tanto de las redes sociales de CBR, s\u00edguenos en\u00a0<a href=\"https:\/\/www.instagram.com\/cbr_radiologia\/\" target=\"_blank\" rel=\"noreferrer noopener\">Instagram\u00a0<\/a>,\u00a0<a href=\"https:\/\/www.facebook.com\/CBRadiologia\/?locale=pt_BR\" target=\"_blank\" rel=\"noreferrer noopener\">Facebook<\/a>\u00a0Es\u00a0<a href=\"https:\/\/br.linkedin.com\/company\/colegiobrasileiroderadiologiaediagn%C3%B3sticoporimagem\" target=\"_blank\" rel=\"noreferrer noopener\">LinkedIn<\/a><\/strong><\/p>\n\n\n\n<p>La decisi\u00f3n refuerza la importancia del papel institucional del CBR en la defensa de los intereses colectivos de la profesi\u00f3n m\u00e9dica radiol\u00f3gica, promoviendo la transparencia y la equidad en la remuneraci\u00f3n de los servicios prestados por los profesionales del campo.<\/p>\n\n\n\n<p>Otra victoria significativa para la radiolog\u00eda brasile\u00f1a.<\/p>\n\n\n\n<p>Juntos somos m\u00e1s fuertes.<\/p>\n\n\n\n<p><strong><a href=\"https:\/\/cbr.org.br\/es\/diretores-do-cbr-participam-da-abertura-do-2o-congresso-brasileiro-de-cancer-de-pulmao\/\">+Leer m\u00e1s: Directores del CBR participan de la apertura del 2\u00ba Congreso Brasile\u00f1o de C\u00e1ncer de Pulm\u00f3n<\/a><\/strong><\/p>\n\n\n\n<p><\/p>","protected":false},"excerpt":{"rendered":"<p>La Comisi\u00f3n Brasile\u00f1a de Cooperativas M\u00e9dicas (CBR) obtuvo una importante sentencia en una demanda interpuesta contra UNIMED DO BRASIL (Confederaci\u00f3n Nacional de Cooperativas M\u00e9dicas). El 6 de agosto de 2025, se public\u00f3 la decisi\u00f3n, que reconoce la legitimaci\u00f3n activa de la CBR para interponer la demanda y concede la misma, ordenando a UNIMED DO BRASIL presentar la demanda mencionada anteriormente. <a href=\"https:\/\/cbr.org.br\/es\/vitoria-relevante-para-a-radiologia\/\">Sigue leyendo<\/a><\/p>","protected":false},"author":24,"featured_media":52661,"comment_status":"closed","ping_status":"closed","sticky":false,"template":"","format":"standard","meta":{"_acf_changed":false,"footnotes":""},"categories":[1],"tags":[],"class_list":["post-52660","post","type-post","status-publish","format-standard","has-post-thumbnail","hentry","category-sem-categoria"],"acf":[],"_links":{"self":[{"href":"https:\/\/cbr.org.br\/es\/wp-json\/wp\/v2\/posts\/52660","targetHints":{"allow":["GET"]}}],"collection":[{"href":"https:\/\/cbr.org.br\/es\/wp-json\/wp\/v2\/posts"}],"about":[{"href":"https:\/\/cbr.org.br\/es\/wp-json\/wp\/v2\/types\/post"}],"author":[{"embeddable":true,"href":"https:\/\/cbr.org.br\/es\/wp-json\/wp\/v2\/users\/24"}],"replies":[{"embeddable":true,"href":"https:\/\/cbr.org.br\/es\/wp-json\/wp\/v2\/comments?post=52660"}],"version-history":[{"count":1,"href":"https:\/\/cbr.org.br\/es\/wp-json\/wp\/v2\/posts\/52660\/revisions"}],"predecessor-version":[{"id":52662,"href":"https:\/\/cbr.org.br\/es\/wp-json\/wp\/v2\/posts\/52660\/revisions\/52662"}],"wp:featuredmedia":[{"embeddable":true,"href":"https:\/\/cbr.org.br\/es\/wp-json\/wp\/v2\/media\/52661"}],"wp:attachment":[{"href":"https:\/\/cbr.org.br\/es\/wp-json\/wp\/v2\/media?parent=52660"}],"wp:term":[{"taxonomy":"category","embeddable":true,"href":"https:\/\/cbr.org.br\/es\/wp-json\/wp\/v2\/categories?post=52660"},{"taxonomy":"post_tag","embeddable":true,"href":"https:\/\/cbr.org.br\/es\/wp-json\/wp\/v2\/tags?post=52660"}],"curies":[{"name":"wp","href":"https:\/\/api.w.org\/{rel}","templated":true}]}}