{"id":52744,"date":"2025-09-03T17:59:21","date_gmt":"2025-09-03T20:59:21","guid":{"rendered":"https:\/\/cbr.org.br\/?p=52744"},"modified":"2025-09-04T16:58:31","modified_gmt":"2025-09-04T19:58:31","slug":"cbr-presente-na-2a-jornada-carioca-de-radiologia-jcr25","status":"publish","type":"post","link":"https:\/\/cbr.org.br\/es\/cbr-presente-na-2a-jornada-carioca-de-radiologia-jcr25\/","title":{"rendered":"CBR presente en el II Congreso de Radiolog\u00eda de R\u00edo de Janeiro (JCR25)"},"content":{"rendered":"<p>Con m\u00e1s de 150 ponentes, incluidos los m\u00e1s destacados en el campo de la radiolog\u00eda y el diagn\u00f3stico por im\u00e1genes, el <strong>Conferencia de Radiolog\u00eda de R\u00edo de Janeiro (JCR25) <\/strong>sucedi\u00f3 en los d\u00edas <strong>29 y 30 de agosto<\/strong> y cont\u00f3 con la participaci\u00f3n activa de <strong>Colegio Brasile\u00f1o de Radiolog\u00eda y Diagn\u00f3stico por Imagen (CBR).<\/strong><\/p>\n\n\n\n<p>Al evento asistieron <strong>Dr. Rubens Chojniak \u2013 Presidente de CBR<\/strong>, <strong>doctor Alair Sarmet Santos<\/strong> \u2013 Presidente del CBR (2019-2020) y <strong>Ivia Pirani<\/strong> \u2013 Gerente administrativo y financiero del CBR. Tambi\u00e9n durante el evento de R\u00edo de Janeiro, el CBR brind\u00f3 una<strong> Homenaje <em>En memoria<\/em><\/strong> hacia <strong>doctor Paulo Biaso Villar del Valle<\/strong> (Presidente del CBR \u2013 Bienio 1981 \u2013 1983) por su dedicaci\u00f3n, \u00e9tica y contribuci\u00f3n a la evoluci\u00f3n de la radiolog\u00eda brasile\u00f1a, la esposa y la familia del Dr. Paulo estuvieron presentes en la ceremonia.<\/p>\n\n\n\n<p><strong>Mantente al tanto de las redes sociales de CBR, s\u00edguenos en&nbsp;<a href=\"https:\/\/www.instagram.com\/cbr_radiologia\/\" target=\"_blank\" rel=\"noreferrer noopener\">Instagram&nbsp;<\/a>,&nbsp;<a href=\"https:\/\/www.facebook.com\/CBRadiologia\/?locale=pt_BR\" target=\"_blank\" rel=\"noreferrer noopener\">Facebook<\/a>&nbsp;Es&nbsp;<a href=\"https:\/\/br.linkedin.com\/company\/colegiobrasileiroderadiologiaediagn%C3%B3sticoporimagem\" target=\"_blank\" rel=\"noreferrer noopener\">LinkedIn<\/a><\/strong><\/p>\n\n\n\n<p><\/p>\n\n\n\n<h3 class=\"wp-block-heading\">Vea la galer\u00eda de fotos del evento:<\/h3>\n\n\n\n<figure class=\"wp-block-gallery has-nested-images columns-default is-cropped wp-block-gallery-1 is-layout-flex wp-block-gallery-is-layout-flex\">\n<figure class=\"wp-block-image size-large\"><img fetchpriority=\"high\" decoding=\"async\" width=\"1043\" height=\"1080\" data-id=\"52752\" src=\"https:\/\/cbr.org.br\/wp-content\/uploads\/2025\/09\/Dr.-Rubens-Alair-e-Ivia-1-1043x1080.jpg\" alt=\"\" class=\"wp-image-52752\" srcset=\"https:\/\/cbr.org.br\/wp-content\/uploads\/2025\/09\/Dr.-Rubens-Alair-e-Ivia-1-1043x1080.jpg 1043w, https:\/\/cbr.org.br\/wp-content\/uploads\/2025\/09\/Dr.-Rubens-Alair-e-Ivia-1-522x540.jpg 522w, https:\/\/cbr.org.br\/wp-content\/uploads\/2025\/09\/Dr.-Rubens-Alair-e-Ivia-1-245x254.jpg 245w, https:\/\/cbr.org.br\/wp-content\/uploads\/2025\/09\/Dr.-Rubens-Alair-e-Ivia-1-768x795.jpg 768w, https:\/\/cbr.org.br\/wp-content\/uploads\/2025\/09\/Dr.-Rubens-Alair-e-Ivia-1-1484x1536.jpg 1484w, https:\/\/cbr.org.br\/wp-content\/uploads\/2025\/09\/Dr.-Rubens-Alair-e-Ivia-1-1978x2048.jpg 1978w, https:\/\/cbr.org.br\/wp-content\/uploads\/2025\/09\/Dr.-Rubens-Alair-e-Ivia-1-12x12.jpg 12w\" sizes=\"(max-width: 1043px) 100vw, 1043px\" \/><figcaption class=\"wp-element-caption\">&nbsp;De izquierda a derecha: Dr. Alair Sarmet Santos \u2013 Presidente del CBR (2019-2020), Dr. Rubens Chojniak \u2013 actual Presidente del CBR (2025-2026) e Ivia Pirani \u2013 Gerente Administrativa Financiera.<\/figcaption><\/figure>\n\n\n\n<figure class=\"wp-block-image size-large\"><img decoding=\"async\" width=\"810\" height=\"1080\" data-id=\"52751\" src=\"https:\/\/cbr.org.br\/wp-content\/uploads\/2025\/09\/Dr.-Edson-Alair-Rubens-e-Carlos-1-810x1080.jpg\" alt=\"\" class=\"wp-image-52751\" srcset=\"https:\/\/cbr.org.br\/wp-content\/uploads\/2025\/09\/Dr.-Edson-Alair-Rubens-e-Carlos-1-810x1080.jpg 810w, https:\/\/cbr.org.br\/wp-content\/uploads\/2025\/09\/Dr.-Edson-Alair-Rubens-e-Carlos-1-405x540.jpg 405w, https:\/\/cbr.org.br\/wp-content\/uploads\/2025\/09\/Dr.-Edson-Alair-Rubens-e-Carlos-1-191x254.jpg 191w, https:\/\/cbr.org.br\/wp-content\/uploads\/2025\/09\/Dr.-Edson-Alair-Rubens-e-Carlos-1-768x1024.jpg 768w, https:\/\/cbr.org.br\/wp-content\/uploads\/2025\/09\/Dr.-Edson-Alair-Rubens-e-Carlos-1-1152x1536.jpg 1152w, https:\/\/cbr.org.br\/wp-content\/uploads\/2025\/09\/Dr.-Edson-Alair-Rubens-e-Carlos-1-9x12.jpg 9w, https:\/\/cbr.org.br\/wp-content\/uploads\/2025\/09\/Dr.-Edson-Alair-Rubens-e-Carlos-1.jpg 1500w\" sizes=\"(max-width: 810px) 100vw, 810px\" \/><figcaption class=\"wp-element-caption\">De izquierda a derecha: Dr. Edson Marchiori \u2013 Miembro Titular de CBR, Dr. Rubens Chojniak \u2013 actual Presidente de CBR (Bienio 2025-2026), Dr. Alair Sarmet Santos \u2013 Presidente de CBR (Bienio 2019-2020) y Dr. Carlos Cabral \u2013 Ex Presidente de SRAD-RJ.<\/figcaption><\/figure>\n<\/figure>\n\n\n\n<p><strong><a href=\"https:\/\/cbr.org.br\/es\/o-programa-scholarship-cbr-esor-parceria-entre-o-colegio-brasileiro-de-radiologia-e-a-escola-europeia-de-radiologia-que-conta-com-o-apoio-da-bayer-contempla-os-tres-ganhadores-com-bolsas-de-estudo\/\">+Leer m\u00e1s: Programa de Becas CBR <\/a><\/strong><\/p>\n\n\n\n<figure class=\"wp-block-gallery has-nested-images columns-default is-cropped wp-block-gallery-2 is-layout-flex wp-block-gallery-is-layout-flex\">\n<figure class=\"wp-block-image size-large\"><img decoding=\"async\" width=\"1440\" height=\"1080\" data-id=\"52757\" src=\"https:\/\/cbr.org.br\/wp-content\/uploads\/2025\/09\/Dr-Rubens-durante-a-homenagem-ao-Dr.-Paulo-Biaso-Villar-do-Valle-1-1440x1080.jpg\" alt=\"\" class=\"wp-image-52757\" srcset=\"https:\/\/cbr.org.br\/wp-content\/uploads\/2025\/09\/Dr-Rubens-durante-a-homenagem-ao-Dr.-Paulo-Biaso-Villar-do-Valle-1-1440x1080.jpg 1440w, https:\/\/cbr.org.br\/wp-content\/uploads\/2025\/09\/Dr-Rubens-durante-a-homenagem-ao-Dr.-Paulo-Biaso-Villar-do-Valle-1-720x540.jpg 720w, https:\/\/cbr.org.br\/wp-content\/uploads\/2025\/09\/Dr-Rubens-durante-a-homenagem-ao-Dr.-Paulo-Biaso-Villar-do-Valle-1-339x254.jpg 339w, https:\/\/cbr.org.br\/wp-content\/uploads\/2025\/09\/Dr-Rubens-durante-a-homenagem-ao-Dr.-Paulo-Biaso-Villar-do-Valle-1-768x576.jpg 768w, https:\/\/cbr.org.br\/wp-content\/uploads\/2025\/09\/Dr-Rubens-durante-a-homenagem-ao-Dr.-Paulo-Biaso-Villar-do-Valle-1-1536x1152.jpg 1536w, https:\/\/cbr.org.br\/wp-content\/uploads\/2025\/09\/Dr-Rubens-durante-a-homenagem-ao-Dr.-Paulo-Biaso-Villar-do-Valle-1-16x12.jpg 16w, https:\/\/cbr.org.br\/wp-content\/uploads\/2025\/09\/Dr-Rubens-durante-a-homenagem-ao-Dr.-Paulo-Biaso-Villar-do-Valle-1.jpg 2000w\" sizes=\"(max-width: 1440px) 100vw, 1440px\" \/><figcaption class=\"wp-element-caption\">Dr. Rubens Chojniak durante la inauguraci\u00f3n del homenaje al Dr. Paulo Biaso Villar do Valle<\/figcaption><\/figure>\n\n\n\n<figure class=\"wp-block-image size-large\"><img loading=\"lazy\" decoding=\"async\" width=\"1440\" height=\"1080\" data-id=\"52758\" src=\"https:\/\/cbr.org.br\/wp-content\/uploads\/2025\/09\/Dr-Rubens-Chojniak-e-familia-do-Dr.-Paulo-Biaso-1-1440x1080.jpg\" alt=\"\" class=\"wp-image-52758\" srcset=\"https:\/\/cbr.org.br\/wp-content\/uploads\/2025\/09\/Dr-Rubens-Chojniak-e-familia-do-Dr.-Paulo-Biaso-1-1440x1080.jpg 1440w, https:\/\/cbr.org.br\/wp-content\/uploads\/2025\/09\/Dr-Rubens-Chojniak-e-familia-do-Dr.-Paulo-Biaso-1-720x540.jpg 720w, https:\/\/cbr.org.br\/wp-content\/uploads\/2025\/09\/Dr-Rubens-Chojniak-e-familia-do-Dr.-Paulo-Biaso-1-339x254.jpg 339w, https:\/\/cbr.org.br\/wp-content\/uploads\/2025\/09\/Dr-Rubens-Chojniak-e-familia-do-Dr.-Paulo-Biaso-1-768x576.jpg 768w, https:\/\/cbr.org.br\/wp-content\/uploads\/2025\/09\/Dr-Rubens-Chojniak-e-familia-do-Dr.-Paulo-Biaso-1-1536x1152.jpg 1536w, https:\/\/cbr.org.br\/wp-content\/uploads\/2025\/09\/Dr-Rubens-Chojniak-e-familia-do-Dr.-Paulo-Biaso-1-16x12.jpg 16w, https:\/\/cbr.org.br\/wp-content\/uploads\/2025\/09\/Dr-Rubens-Chojniak-e-familia-do-Dr.-Paulo-Biaso-1.jpg 2000w\" sizes=\"(max-width: 1440px) 100vw, 1440px\" \/><figcaption class=\"wp-element-caption\">De izquierda a derecha: C\u00e9lia Villar do Vale, hermana del Dr. Paulo Biaso, Dr. Rubens Chojniak, presidente del CBR, Philip Villar do Valle, sobrino del Dr. Paulo, Martha Villar do Valle, esposa del Dr. Paulo y Eduardo Villar do Valle, hijo del Dr. Paulo.<\/figcaption><\/figure>\n<\/figure>\n\n\n\n<figure class=\"wp-block-image size-full is-resized\"><img loading=\"lazy\" decoding=\"async\" width=\"800\" height=\"600\" src=\"https:\/\/cbr.org.br\/wp-content\/uploads\/2025\/09\/Dr-Rubens-durante-a-homenagem-ao-Dr.-Paulo-Biaso-Villar-do-Valle_2-3.jpg\" alt=\"\" class=\"wp-image-52762\" style=\"width:397px;height:auto\" srcset=\"https:\/\/cbr.org.br\/wp-content\/uploads\/2025\/09\/Dr-Rubens-durante-a-homenagem-ao-Dr.-Paulo-Biaso-Villar-do-Valle_2-3.jpg 800w, https:\/\/cbr.org.br\/wp-content\/uploads\/2025\/09\/Dr-Rubens-durante-a-homenagem-ao-Dr.-Paulo-Biaso-Villar-do-Valle_2-3-720x540.jpg 720w, https:\/\/cbr.org.br\/wp-content\/uploads\/2025\/09\/Dr-Rubens-durante-a-homenagem-ao-Dr.-Paulo-Biaso-Villar-do-Valle_2-3-339x254.jpg 339w, https:\/\/cbr.org.br\/wp-content\/uploads\/2025\/09\/Dr-Rubens-durante-a-homenagem-ao-Dr.-Paulo-Biaso-Villar-do-Valle_2-3-768x576.jpg 768w, https:\/\/cbr.org.br\/wp-content\/uploads\/2025\/09\/Dr-Rubens-durante-a-homenagem-ao-Dr.-Paulo-Biaso-Villar-do-Valle_2-3-16x12.jpg 16w\" sizes=\"(max-width: 800px) 100vw, 800px\" \/><figcaption class=\"wp-element-caption\">&nbsp;Dr. Rubens Chojniak presentando el minicurriculum del Dr. Paulo Biaso Villar do Valle.<\/figcaption><\/figure>\n\n\n\n<figure class=\"wp-block-image size-large is-resized\"><img loading=\"lazy\" decoding=\"async\" width=\"810\" height=\"1080\" src=\"https:\/\/cbr.org.br\/wp-content\/uploads\/2025\/09\/Dr.-Rubens-Chojniak-e-Martha-3-810x1080.jpg\" alt=\"\" class=\"wp-image-52765\" style=\"width:335px;height:auto\" srcset=\"https:\/\/cbr.org.br\/wp-content\/uploads\/2025\/09\/Dr.-Rubens-Chojniak-e-Martha-3-810x1080.jpg 810w, https:\/\/cbr.org.br\/wp-content\/uploads\/2025\/09\/Dr.-Rubens-Chojniak-e-Martha-3-405x540.jpg 405w, https:\/\/cbr.org.br\/wp-content\/uploads\/2025\/09\/Dr.-Rubens-Chojniak-e-Martha-3-191x254.jpg 191w, https:\/\/cbr.org.br\/wp-content\/uploads\/2025\/09\/Dr.-Rubens-Chojniak-e-Martha-3-768x1024.jpg 768w, https:\/\/cbr.org.br\/wp-content\/uploads\/2025\/09\/Dr.-Rubens-Chojniak-e-Martha-3-1152x1536.jpg 1152w, https:\/\/cbr.org.br\/wp-content\/uploads\/2025\/09\/Dr.-Rubens-Chojniak-e-Martha-3-9x12.jpg 9w, https:\/\/cbr.org.br\/wp-content\/uploads\/2025\/09\/Dr.-Rubens-Chojniak-e-Martha-3.jpg 1500w\" sizes=\"(max-width: 810px) 100vw, 810px\" \/><figcaption class=\"wp-element-caption\">&nbsp;Dr. Rubens Chojniak presentando el minicurriculum del Dr. Paulo Biaso Villar do Valle.<\/figcaption><\/figure>\n\n\n\n<p><\/p>","protected":false},"excerpt":{"rendered":"<p>Con m\u00e1s de 150 ponentes, incluyendo figuras destacadas en el campo de la radiolog\u00eda y el diagn\u00f3stico por imagen, la Jornada Carioca de Radiolog\u00eda (JCR25) se celebr\u00f3 los d\u00edas 29 y 30 de agosto y cont\u00f3 con la activa participaci\u00f3n del Colegio Brasile\u00f1o de Radiolog\u00eda y Diagn\u00f3stico por Imagen (CBR). El Dr. Rubens Chojniak, presidente, estuvo presente en el evento. <a href=\"https:\/\/cbr.org.br\/es\/cbr-presente-na-2a-jornada-carioca-de-radiologia-jcr25\/\">Sigue leyendo<\/a><\/p>","protected":false},"author":5453,"featured_media":52752,"comment_status":"closed","ping_status":"closed","sticky":false,"template":"","format":"standard","meta":{"_acf_changed":false,"footnotes":""},"categories":[12,1],"tags":[50,665,111,855],"class_list":["post-52744","post","type-post","status-publish","format-standard","has-post-thumbnail","hentry","category-eventos","category-sem-categoria","tag-cbr","tag-cbr_radiologia","tag-diagnostico-por-imagem","tag-jornada-carioca"],"acf":[],"_links":{"self":[{"href":"https:\/\/cbr.org.br\/es\/wp-json\/wp\/v2\/posts\/52744","targetHints":{"allow":["GET"]}}],"collection":[{"href":"https:\/\/cbr.org.br\/es\/wp-json\/wp\/v2\/posts"}],"about":[{"href":"https:\/\/cbr.org.br\/es\/wp-json\/wp\/v2\/types\/post"}],"author":[{"embeddable":true,"href":"https:\/\/cbr.org.br\/es\/wp-json\/wp\/v2\/users\/5453"}],"replies":[{"embeddable":true,"href":"https:\/\/cbr.org.br\/es\/wp-json\/wp\/v2\/comments?post=52744"}],"version-history":[{"count":3,"href":"https:\/\/cbr.org.br\/es\/wp-json\/wp\/v2\/posts\/52744\/revisions"}],"predecessor-version":[{"id":52768,"href":"https:\/\/cbr.org.br\/es\/wp-json\/wp\/v2\/posts\/52744\/revisions\/52768"}],"wp:featuredmedia":[{"embeddable":true,"href":"https:\/\/cbr.org.br\/es\/wp-json\/wp\/v2\/media\/52752"}],"wp:attachment":[{"href":"https:\/\/cbr.org.br\/es\/wp-json\/wp\/v2\/media?parent=52744"}],"wp:term":[{"taxonomy":"category","embeddable":true,"href":"https:\/\/cbr.org.br\/es\/wp-json\/wp\/v2\/categories?post=52744"},{"taxonomy":"post_tag","embeddable":true,"href":"https:\/\/cbr.org.br\/es\/wp-json\/wp\/v2\/tags?post=52744"}],"curies":[{"name":"wp","href":"https:\/\/api.w.org\/{rel}","templated":true}]}}