{"id":52833,"date":"2025-09-11T16:29:17","date_gmt":"2025-09-11T19:29:17","guid":{"rendered":"https:\/\/cbr.org.br\/?p=52833"},"modified":"2025-09-12T16:37:47","modified_gmt":"2025-09-12T19:37:47","slug":"atlas-da-radiologia-brasileira-2025-sera-lancado-no-cbr25","status":"publish","type":"post","link":"https:\/\/cbr.org.br\/es\/atlas-da-radiologia-brasileira-2025-sera-lancado-no-cbr25\/","title":{"rendered":"Atlas de Radiolog\u00eda en Brasil 2025 ser\u00e1 lanzado en el CBR25"},"content":{"rendered":"<p>Para reafirmar su compromiso con la promoci\u00f3n de la radiolog\u00eda y el avance de la atenci\u00f3n m\u00e9dica en Brasil, el Colegio Brasile\u00f1o de Radiolog\u00eda y Diagn\u00f3stico por Imagen (CBR) lanzar\u00e1 el Atlas de Radiolog\u00eda Brasile\u00f1a en el 54.\u00ba Congreso de Radiolog\u00eda y Diagn\u00f3stico por Imagen (CBR25). Este estudio exhaustivo recopilar\u00e1 datos y perfiles de la especialidad.&nbsp;<\/p>\n\n\n\n<p>El Atlas de Radiolog\u00eda en Brasil 2025 es un estudio de investigaci\u00f3n basado en datos de sistemas de informaci\u00f3n en las \u00e1reas de salud, demograf\u00eda e infraestructura. Su marco se desarroll\u00f3 con base en la literatura m\u00e9dica y de gesti\u00f3n del sector, as\u00ed como en otros estudios previos realizados por la Facultad.<\/p>\n\n\n\n<p>El estudio busca describir las caracter\u00edsticas, los perfiles y la distribuci\u00f3n de los especialistas en radiolog\u00eda en Brasil, as\u00ed como la disponibilidad de equipos, servicios y ex\u00e1menes de diagn\u00f3stico por imagen en los sectores p\u00fablico y privado de la salud. El Atlas ofrece una visi\u00f3n detallada de la radiolog\u00eda y el diagn\u00f3stico por imagen en Brasil.&nbsp;<\/p>\n\n\n\n<p><strong>Mantente al tanto de las redes sociales de CBR, s\u00edguenos en&nbsp;<a href=\"https:\/\/www.instagram.com\/cbr_radiologia\/\" target=\"_blank\" rel=\"noreferrer noopener\">Instagram&nbsp;<\/a>,&nbsp;<a href=\"https:\/\/www.facebook.com\/CBRadiologia\/?locale=pt_BR\" target=\"_blank\" rel=\"noreferrer noopener\">Facebook<\/a>&nbsp;Es&nbsp;<a href=\"https:\/\/br.linkedin.com\/company\/colegiobrasileiroderadiologiaediagn%C3%B3sticoporimagem\" target=\"_blank\" rel=\"noreferrer noopener\">LinkedIn<\/a><\/strong><\/p>\n\n\n\n<p>La publicaci\u00f3n del CBR recopil\u00f3 datos sobre certificaciones en \u00e1reas de especializaci\u00f3n y programas de desarrollo profesional reconocidos por la entidad a trav\u00e9s del sistema ICase. Adem\u00e1s, la base poblacional utiliz\u00f3 datos del Censo Demogr\u00e1fico del Instituto Brasile\u00f1o de Geograf\u00eda y Estad\u00edstica (IBGE), con fecha de referencia del 1 de julio de 2024. Las cifras de beneficiarios de planes de salud se extrajeron de las bases de datos p\u00fablicas de la Agencia Nacional de Salud Suplementaria (ANS), con fecha de referencia de diciembre de 2024. Las cifras de equipos de diagn\u00f3stico por imagen (mamograf\u00edas, radiograf\u00edas, tomograf\u00edas computarizadas, resonancias magn\u00e9ticas y ultrasonidos) se obtuvieron a trav\u00e9s del Registro Nacional de Establecimientos de Salud de Brasil (CNES), con fecha de referencia de diciembre de 2024.&nbsp;<\/p>\n\n\n\n<p>En el documento preparado por el Colegio, se procesaron diversos datos y se presentaron en gr\u00e1ficos y tablas. Conozca algunos temas: distribuci\u00f3n de radi\u00f3logos por g\u00e9nero; distribuci\u00f3n de radi\u00f3logos por edad y g\u00e9nero; radi\u00f3logos seg\u00fan la naturaleza de la facultad de medicina; distribuci\u00f3n de radi\u00f3logos en Brasil por estado; y mucho m\u00e1s.&nbsp;<\/p>\n\n\n\n<p><strong>+Leer m\u00e1s: <a href=\"https:\/\/cbr.org.br\/es\/medicos-no-sertao-cbr-promove-a-sua-primeira-acao-social-no-interior-da-paraiba\/\">M\u00e9dicos del Sert\u00e3o: CBR promueve su primera acci\u00f3n social en el interior de Para\u00edba<\/a><\/strong><\/p>\n\n\n\n<p>Este es el tercer estudio importante que publica el CBR. El primero, &quot;Perfil del Radi\u00f3logo en Brasil&quot;, se public\u00f3 en 2018, y en 2022, el CBR publicar\u00e1 nuevamente el &quot;Perfil del Radi\u00f3logo en Brasil&quot;, con datos actualizados. Al igual que las dos ediciones anteriores, el Atlas ser\u00e1 una publicaci\u00f3n crucial para nuestra especialidad y pronto estar\u00e1 disponible en nuestro sitio web a trav\u00e9s del siguiente enlace:<\/p>\n\n\n\n<div class=\"wp-block-buttons is-layout-flex wp-block-buttons-is-layout-flex\">\n<div class=\"wp-block-button\"><a class=\"wp-block-button__link wp-element-button\" href=\"https:\/\/cbr.org.br\/es\/perfil-do-medico-radiologista-no-brasil\/\">Ver versiones anteriores aqu\u00ed<\/a><\/div>\n<\/div>\n\n\n\n<blockquote class=\"wp-block-quote is-layout-flow wp-block-quote-is-layout-flow\">\n<p><\/p>\n<\/blockquote>\n\n\n\n<p><\/p>","protected":false},"excerpt":{"rendered":"<p>Para reafirmar su compromiso con la promoci\u00f3n de la radiolog\u00eda y el avance de la atenci\u00f3n m\u00e9dica en Brasil, el Colegio Brasile\u00f1o de Radiolog\u00eda y Diagn\u00f3stico por Imagen (CBR) lanzar\u00e1 el Atlas de Radiolog\u00eda Brasile\u00f1a en el 54.\u00ba Congreso de Radiolog\u00eda y Diagn\u00f3stico por Imagen (CBR25). Los datos y perfiles de la especialidad ser\u00e1n\u2026 <a href=\"https:\/\/cbr.org.br\/es\/atlas-da-radiologia-brasileira-2025-sera-lancado-no-cbr25\/\">Sigue leyendo<\/a><\/p>","protected":false},"author":24,"featured_media":52834,"comment_status":"closed","ping_status":"closed","sticky":false,"template":"","format":"standard","meta":{"_acf_changed":false,"footnotes":""},"categories":[1],"tags":[],"class_list":["post-52833","post","type-post","status-publish","format-standard","has-post-thumbnail","hentry","category-sem-categoria"],"acf":[],"_links":{"self":[{"href":"https:\/\/cbr.org.br\/es\/wp-json\/wp\/v2\/posts\/52833","targetHints":{"allow":["GET"]}}],"collection":[{"href":"https:\/\/cbr.org.br\/es\/wp-json\/wp\/v2\/posts"}],"about":[{"href":"https:\/\/cbr.org.br\/es\/wp-json\/wp\/v2\/types\/post"}],"author":[{"embeddable":true,"href":"https:\/\/cbr.org.br\/es\/wp-json\/wp\/v2\/users\/24"}],"replies":[{"embeddable":true,"href":"https:\/\/cbr.org.br\/es\/wp-json\/wp\/v2\/comments?post=52833"}],"version-history":[{"count":2,"href":"https:\/\/cbr.org.br\/es\/wp-json\/wp\/v2\/posts\/52833\/revisions"}],"predecessor-version":[{"id":52839,"href":"https:\/\/cbr.org.br\/es\/wp-json\/wp\/v2\/posts\/52833\/revisions\/52839"}],"wp:featuredmedia":[{"embeddable":true,"href":"https:\/\/cbr.org.br\/es\/wp-json\/wp\/v2\/media\/52834"}],"wp:attachment":[{"href":"https:\/\/cbr.org.br\/es\/wp-json\/wp\/v2\/media?parent=52833"}],"wp:term":[{"taxonomy":"category","embeddable":true,"href":"https:\/\/cbr.org.br\/es\/wp-json\/wp\/v2\/categories?post=52833"},{"taxonomy":"post_tag","embeddable":true,"href":"https:\/\/cbr.org.br\/es\/wp-json\/wp\/v2\/tags?post=52833"}],"curies":[{"name":"wp","href":"https:\/\/api.w.org\/{rel}","templated":true}]}}