{"id":52865,"date":"2025-09-19T17:22:54","date_gmt":"2025-09-19T20:22:54","guid":{"rendered":"https:\/\/cbr.org.br\/?p=52865"},"modified":"2025-09-19T17:22:55","modified_gmt":"2025-09-19T20:22:55","slug":"cbr-presta-homenagem-postuma-a-radiologista-de-cascavel-durante-assembleia-em-curitiba","status":"publish","type":"post","link":"https:\/\/cbr.org.br\/es\/cbr-presta-homenagem-postuma-a-radiologista-de-cascavel-durante-assembleia-em-curitiba\/","title":{"rendered":"CBR rinde homenaje p\u00f3stumo a radi\u00f3logo de Cascavel durante asamblea en Curitiba"},"content":{"rendered":"<p>O <strong>Colegio Brasile\u00f1o de Radiolog\u00eda y Diagn\u00f3stico por Im\u00e1genes (CBR)<\/strong> rindi\u00f3 un homenaje p\u00f3stumo al radi\u00f3logo <strong>Jos\u00e9 Roberto Leonel Ferreira<\/strong>, en <strong>Jueves (18\/09)<\/strong>, durante el <strong>Asamblea General Ordinaria (AGOR)<\/strong> en <strong>curitiba<\/strong>, sede de la<strong> 54.\u00ba CBR<\/strong>. El Dr. Leonel Ferreira, como era m\u00e1s conocido, muri\u00f3 el a\u00f1o pasado en un accidente a\u00e9reo en Vinhedo, S\u00e3o Paulo. Era residente de Cascavel, Paran\u00e1.<\/p>\n\n\n\n<p>El homenaje cont\u00f3 con la presencia de su esposa, Mar\u00eda Fernanda, quien destac\u00f3 el amor y la dedicaci\u00f3n de su esposo a los pacientes y a la medicina diagn\u00f3stica a lo largo de su carrera como radi\u00f3logo. La familia del Dr. Leonel recibi\u00f3 una placa con una dedicatoria.<\/p>\n\n\n\n<p><strong>Mantente al tanto de las redes sociales de CBR, s\u00edguenos en\u00a0<a href=\"https:\/\/www.instagram.com\/cbr_radiologia\/\" target=\"_blank\" rel=\"noreferrer noopener\">Instagram\u00a0<\/a>,\u00a0<a href=\"https:\/\/www.facebook.com\/CBRadiologia\/?locale=pt_BR\" target=\"_blank\" rel=\"noreferrer noopener\">Facebook<\/a>\u00a0Es\u00a0<a href=\"https:\/\/br.linkedin.com\/company\/colegiobrasileiroderadiologiaediagn%C3%B3sticoporimagem\" target=\"_blank\" rel=\"noreferrer noopener\">LinkedIn<\/a><\/strong><\/p>\n\n\n\n<p>Durante la Asamblea General Anual, el presidente del CBR, Rubens Chojniak, tambi\u00e9n present\u00f3 informes sobre las principales actividades de la Junta Directiva, la Auditor\u00eda Contable y las Actividades Cient\u00edficas. Los asistentes tambi\u00e9n tuvieron la oportunidad de aportar sugerencias sobre los temas presentados.<\/p>\n\n\n\n<p><strong>Lea tambi\u00e9n: <a href=\"https:\/\/cbr.org.br\/es\/atlas-da-radiologia-brasileira-2025-sera-lancado-no-cbr25\/\">Atlas de Radiolog\u00eda en Brasil 2025 ser\u00e1 lanzado en el CBR25<\/a><\/strong><\/p>\n\n\n\n<p><\/p>\n\n\n\n<figure class=\"wp-block-image size-large is-resized\"><img fetchpriority=\"high\" decoding=\"async\" width=\"720\" height=\"1080\" src=\"https:\/\/cbr.org.br\/wp-content\/uploads\/2025\/09\/a91ab3d6-2df7-437c-b436-8fbc4b5e6a8f-720x1080.jpg\" alt=\"\" class=\"wp-image-52867\" style=\"aspect-ratio:1;width:356px;height:auto\" srcset=\"https:\/\/cbr.org.br\/wp-content\/uploads\/2025\/09\/a91ab3d6-2df7-437c-b436-8fbc4b5e6a8f-720x1080.jpg 720w, https:\/\/cbr.org.br\/wp-content\/uploads\/2025\/09\/a91ab3d6-2df7-437c-b436-8fbc4b5e6a8f-360x540.jpg 360w, https:\/\/cbr.org.br\/wp-content\/uploads\/2025\/09\/a91ab3d6-2df7-437c-b436-8fbc4b5e6a8f-169x254.jpg 169w, https:\/\/cbr.org.br\/wp-content\/uploads\/2025\/09\/a91ab3d6-2df7-437c-b436-8fbc4b5e6a8f-768x1153.jpg 768w, https:\/\/cbr.org.br\/wp-content\/uploads\/2025\/09\/a91ab3d6-2df7-437c-b436-8fbc4b5e6a8f-1023x1536.jpg 1023w, https:\/\/cbr.org.br\/wp-content\/uploads\/2025\/09\/a91ab3d6-2df7-437c-b436-8fbc4b5e6a8f-8x12.jpg 8w, https:\/\/cbr.org.br\/wp-content\/uploads\/2025\/09\/a91ab3d6-2df7-437c-b436-8fbc4b5e6a8f.jpg 1066w\" sizes=\"(max-width: 720px) 100vw, 720px\" \/><figcaption class=\"wp-element-caption\">Mar\u00eda Fernanda Leonel \u2013 Viuda del Dr. Jos\u00e9 Roberto Leonel Ferreira, durante la Asamblea General Anual.<\/figcaption><\/figure>\n\n\n\n<figure class=\"wp-block-image size-full is-resized\"><img decoding=\"async\" width=\"1600\" height=\"1066\" src=\"https:\/\/cbr.org.br\/wp-content\/uploads\/2025\/09\/8832d8f4-b0e4-46a8-ac41-ab8c07843429.jpg\" alt=\"\" class=\"wp-image-52868\" style=\"width:489px;height:auto\" srcset=\"https:\/\/cbr.org.br\/wp-content\/uploads\/2025\/09\/8832d8f4-b0e4-46a8-ac41-ab8c07843429.jpg 1600w, https:\/\/cbr.org.br\/wp-content\/uploads\/2025\/09\/8832d8f4-b0e4-46a8-ac41-ab8c07843429-811x540.jpg 811w, https:\/\/cbr.org.br\/wp-content\/uploads\/2025\/09\/8832d8f4-b0e4-46a8-ac41-ab8c07843429-381x254.jpg 381w, https:\/\/cbr.org.br\/wp-content\/uploads\/2025\/09\/8832d8f4-b0e4-46a8-ac41-ab8c07843429-768x512.jpg 768w, https:\/\/cbr.org.br\/wp-content\/uploads\/2025\/09\/8832d8f4-b0e4-46a8-ac41-ab8c07843429-1536x1023.jpg 1536w, https:\/\/cbr.org.br\/wp-content\/uploads\/2025\/09\/8832d8f4-b0e4-46a8-ac41-ab8c07843429-18x12.jpg 18w\" sizes=\"(max-width: 1600px) 100vw, 1600px\" \/><figcaption class=\"wp-element-caption\">Dr. Rubens Chojniak \u2013 Presidente del CBR y Mar\u00eda Fernanda Leonel \u2013 Viuda del Dr. Jos\u00e9 Roberto Leonel Ferreira.<\/figcaption><\/figure>\n\n\n\n<figure class=\"wp-block-image size-large is-resized\"><img decoding=\"async\" width=\"720\" height=\"1080\" src=\"https:\/\/cbr.org.br\/wp-content\/uploads\/2025\/09\/a91ab3d6-2df7-437c-b436-8fbc4b5e6a8f-1-720x1080.jpg\" alt=\"\" class=\"wp-image-52869\" style=\"width:314px;height:auto\" srcset=\"https:\/\/cbr.org.br\/wp-content\/uploads\/2025\/09\/a91ab3d6-2df7-437c-b436-8fbc4b5e6a8f-1-720x1080.jpg 720w, https:\/\/cbr.org.br\/wp-content\/uploads\/2025\/09\/a91ab3d6-2df7-437c-b436-8fbc4b5e6a8f-1-360x540.jpg 360w, https:\/\/cbr.org.br\/wp-content\/uploads\/2025\/09\/a91ab3d6-2df7-437c-b436-8fbc4b5e6a8f-1-169x254.jpg 169w, https:\/\/cbr.org.br\/wp-content\/uploads\/2025\/09\/a91ab3d6-2df7-437c-b436-8fbc4b5e6a8f-1-768x1153.jpg 768w, https:\/\/cbr.org.br\/wp-content\/uploads\/2025\/09\/a91ab3d6-2df7-437c-b436-8fbc4b5e6a8f-1-1023x1536.jpg 1023w, https:\/\/cbr.org.br\/wp-content\/uploads\/2025\/09\/a91ab3d6-2df7-437c-b436-8fbc4b5e6a8f-1-8x12.jpg 8w, https:\/\/cbr.org.br\/wp-content\/uploads\/2025\/09\/a91ab3d6-2df7-437c-b436-8fbc4b5e6a8f-1.jpg 1066w\" sizes=\"(max-width: 720px) 100vw, 720px\" \/><figcaption class=\"wp-element-caption\"><br>Mar\u00eda Fernanda Leonel \u2013 Viuda del Dr. Jos\u00e9 Roberto Leonel Ferreira, durante la Asamblea General Anual.<\/figcaption><\/figure>","protected":false},"excerpt":{"rendered":"<p>El Colegio Brasile\u00f1o de Radiolog\u00eda y Diagn\u00f3stico por Imagen (CBR) rindi\u00f3 homenaje p\u00f3stumo al radi\u00f3logo Jos\u00e9 Roberto Leonel Ferreira el jueves (18\/09) durante la Asamblea General Ordinaria (AGO) en Curitiba, sede del 54.\u00ba CBR. El Dr. Leonel Ferreira, como era m\u00e1s conocido, falleci\u00f3 el a\u00f1o pasado en un accidente a\u00e9reo en Vinhedo (SP). <a href=\"https:\/\/cbr.org.br\/es\/cbr-presta-homenagem-postuma-a-radiologista-de-cascavel-durante-assembleia-em-curitiba\/\">Sigue leyendo<\/a><\/p>","protected":false},"author":5453,"featured_media":52866,"comment_status":"closed","ping_status":"closed","sticky":false,"template":"","format":"standard","meta":{"_acf_changed":false,"footnotes":""},"categories":[1],"tags":[],"class_list":["post-52865","post","type-post","status-publish","format-standard","has-post-thumbnail","hentry","category-sem-categoria"],"acf":[],"_links":{"self":[{"href":"https:\/\/cbr.org.br\/es\/wp-json\/wp\/v2\/posts\/52865","targetHints":{"allow":["GET"]}}],"collection":[{"href":"https:\/\/cbr.org.br\/es\/wp-json\/wp\/v2\/posts"}],"about":[{"href":"https:\/\/cbr.org.br\/es\/wp-json\/wp\/v2\/types\/post"}],"author":[{"embeddable":true,"href":"https:\/\/cbr.org.br\/es\/wp-json\/wp\/v2\/users\/5453"}],"replies":[{"embeddable":true,"href":"https:\/\/cbr.org.br\/es\/wp-json\/wp\/v2\/comments?post=52865"}],"version-history":[{"count":1,"href":"https:\/\/cbr.org.br\/es\/wp-json\/wp\/v2\/posts\/52865\/revisions"}],"predecessor-version":[{"id":52870,"href":"https:\/\/cbr.org.br\/es\/wp-json\/wp\/v2\/posts\/52865\/revisions\/52870"}],"wp:featuredmedia":[{"embeddable":true,"href":"https:\/\/cbr.org.br\/es\/wp-json\/wp\/v2\/media\/52866"}],"wp:attachment":[{"href":"https:\/\/cbr.org.br\/es\/wp-json\/wp\/v2\/media?parent=52865"}],"wp:term":[{"taxonomy":"category","embeddable":true,"href":"https:\/\/cbr.org.br\/es\/wp-json\/wp\/v2\/categories?post=52865"},{"taxonomy":"post_tag","embeddable":true,"href":"https:\/\/cbr.org.br\/es\/wp-json\/wp\/v2\/tags?post=52865"}],"curies":[{"name":"wp","href":"https:\/\/api.w.org\/{rel}","templated":true}]}}