{"id":52955,"date":"2025-09-23T11:56:05","date_gmt":"2025-09-23T14:56:05","guid":{"rendered":"https:\/\/cbr.org.br\/?p=52955"},"modified":"2025-09-23T11:56:07","modified_gmt":"2025-09-23T14:56:07","slug":"cbr25-e-sucesso-absoluto-confira-tudo-que-rolou-em-curitiba-pr","status":"publish","type":"post","link":"https:\/\/cbr.org.br\/es\/cbr25-e-sucesso-absoluto-confira-tudo-que-rolou-em-curitiba-pr\/","title":{"rendered":"La CBR25 es un \u00e9xito absoluto: mira todo lo que pas\u00f3 en Curitiba (PR)"},"content":{"rendered":"<p>El 54.\u00ba Congreso Brasile\u00f1o de Radiolog\u00eda y Diagn\u00f3stico por Imagen (CBR25) se celebr\u00f3 del 18 al 20 de septiembre en Up Experience, Curitiba, Paran\u00e1. El evento estuvo repleto de actividades de alto nivel, incluyendo conferencias nacionales e internacionales, actividades sociales y deportivas, cursos intensivos, el lanzamiento del Atlas de Radiolog\u00eda en Brasil 2025, el Marat\u00f3n Brasile\u00f1o de Radiolog\u00eda (MBR25), una fiesta de celebraci\u00f3n, un curso de AVR y el 4.\u00ba Simposio de Calidad y Gesti\u00f3n Cl\u00ednica (SQG25). <em>Talleres de trabajo<\/em>, adem\u00e1s de mucho <em>redes<\/em>.<\/p>\n\n\n\n<p><strong>Primer d\u00eda<\/strong><\/p>\n\n\n\n<p>Durante el primer d\u00eda del CBR25 (18 de septiembre), tuvimos varios momentos destacados. Por la ma\u00f1ana, hubo mucha actividad en las Arenas de Radi\u00f3logos del Futuro y de Ultrasonido. Tambi\u00e9n durante el primer d\u00eda del Congreso, otra actividad muy solicitada fue la Arena de Ultrasonido Ginecol\u00f3gico.&nbsp;<\/p>\n\n\n\n<p>No menos importante, el \u00c1rea de Cultura y Humanidades y el \u00c1rea de Innovaci\u00f3n mantuvieron su programaci\u00f3n habitual. Los cuatro espacios albergaron actividades de gran relevancia con una nutrida participaci\u00f3n del Congreso.<\/p>\n\n\n\n<p>Adem\u00e1s de los temas mencionados, el Curso AVR fue otra actividad importante del primer d\u00eda. Este curso est\u00e1 dirigido exclusivamente a m\u00e9dicos que desean aprender a actuar en situaciones de emergencia que puedan surgir durante un examen radiol\u00f3gico. El coordinador de esta edici\u00f3n fue el Dr. Adonis Manzella.<\/p>\n\n\n\n<p>El 4.\u00ba Simposio sobre Calidad y Gesti\u00f3n Cl\u00ednica (SQG25) tambi\u00e9n comenz\u00f3 el jueves 18. Por la ma\u00f1ana, el tema central del evento fue el nuevo est\u00e1ndar Padi, versi\u00f3n 6. Por la tarde, el tema abordado fue \u00abCalidad que genera resultados: aplicaciones en los servicios\u00bb. El primer d\u00eda del SQG25 cont\u00f3 con una alta participaci\u00f3n del p\u00fablico.&nbsp;<\/p>\n\n\n\n<p>El 18 de septiembre se celebr\u00f3 la Ceremonia de Apertura en la Arena de Radi\u00f3logos del Futuro. Esta ocasi\u00f3n especial dio inicio oficialmente al 54.\u00ba Congreso Brasile\u00f1o de Radiolog\u00eda y Diagn\u00f3stico por Imagen. Durante la ceremonia, presidida por el Dr. Rubens Chojniak, presidente del CBR, se rindieron homenajes, se lanz\u00f3 el Atlas de Radiolog\u00eda en Brasil 2025 y se dio la bienvenida a los participantes.<\/p>\n\n\n\n<p>Fueron homenajeados:&nbsp;<\/p>\n\n\n\n<p><strong>En memoria<\/strong><\/p>\n\n\n\n<p>Dr. Jos\u00e9 Roberto Ferreira Leonel;<\/p>\n\n\n\n<p>Dr. Paulo Biaso Villar do Valle.<\/p>\n\n\n\n<p><strong>Sociedades internacionales<\/strong><\/p>\n\n\n\n<p>CIR \u2013 Colegio Interamericano de Radiolog\u00eda;<\/p>\n\n\n\n<p>SIRM \u2013 Sociedad Italiana de Radiolog\u00eda M\u00e9dica e Intervent\u00edstica.<\/p>\n\n\n\n<p><strong>Homenaje a RB<\/strong><\/p>\n\n\n\n<p>Dr. Edson Marchiori.<\/p>\n\n\n\n<p><strong>Medalla de oro<\/strong><\/p>\n\n\n\n<p>Dr. Arnolfo de Carvalho Neto;<\/p>\n\n\n\n<p>Dra. Radia Pereira dos Santos.<\/p>\n\n\n\n<p><strong>T\u00edtulo de Miembro Honorario<\/strong><\/p>\n\n\n\n<p>Dr. Francesco Giganti \u2013 Reino Unido;<\/p>\n\n\n\n<p>Dr. Carlos Carnelli \u2013 Uruguay.<\/p>\n\n\n\n<p>El jueves se impartieron dos cursos intensivos completos: \u00abDensitometr\u00eda \u00d3sea\u00bb e \u00abInteligencia Artificial: de B\u00e1sica a Avanzada\u00bb. Otros tres comenzaron el primer d\u00eda del Congreso y continuaron al d\u00eda siguiente: Ecograf\u00eda Hep\u00e1tica, Ecograf\u00eda Musculoesquel\u00e9tica y <em>Punto de atenci\u00f3n de EE. UU.<\/em>.<\/p>\n\n\n\n<p><strong>Segundo d\u00eda<\/strong><\/p>\n\n\n\n<p>El viernes (20 de septiembre) se celebraron algunos eventos destacados en el CBR25. El CBR<em> se re\u00fane<\/em> Italia fue uno de ellos. La actividad se realiz\u00f3 en colaboraci\u00f3n con la Societ\u00e0 Italiana Di Radiologia Medica e Interventistica (SIRM) en el Radiologists of the Future Arena. Durante el panel, se presentaron temas como: \u00abSIRM: Liderando la radiolog\u00eda en Italia y m\u00e1s all\u00e1\u00bb, \u00abC\u00f3mo es ser radi\u00f3logo en Italia: estructura, desaf\u00edos y oportunidades\u00bb y \u00abLa trayectoria de un radi\u00f3logo \u00edtalo-brasile\u00f1o\u00bb. Los moderadores de la actividad fueron: Dr. Rubens Chojniak, presidente del CBR, Dr. Maur\u00edcio Zapparoli, director cient\u00edfico del CBR, y Dr. Ronaldo Baroni, director de Relaciones Internacionales del CBR.<\/p>\n\n\n\n<p>Tambi\u00e9n en el segundo d\u00eda del CBR 25 se impartir\u00e1n los cursos intensivos de ecograf\u00eda hep\u00e1tica, ecograf\u00eda musculoesquel\u00e9tica y ecograf\u00eda. <em>Punto de atenci\u00f3n<\/em> Se completaron con \u00e9xito. Esa tarde comenzaron otros dos cursos intensivos: ecograf\u00eda Doppler y ecograf\u00eda dermatol\u00f3gica. Por lo dem\u00e1s, los estadios continuaron con sus actividades programadas, todas con una excelente participaci\u00f3n del p\u00fablico y varias presentaciones de alto nivel a cargo de destacados especialistas de Brasil y del mundo.\u00a0<\/p>\n\n\n\n<p><strong><a href=\"https:\/\/cbr.org.br\/es\/cbr-presta-homenagem-postuma-a-radiologista-de-cascavel-durante-assembleia-em-curitiba\/\">+Leer m\u00e1s: CBR rinde homenaje p\u00f3stumo a radi\u00f3logo de Cascavel durante asamblea en Curitiba<\/a><\/strong><\/p>\n\n\n\n<p>El 4.\u00ba Simposio sobre Calidad y Gesti\u00f3n Cl\u00ednica (SQG25) concluy\u00f3 su \u00faltimo d\u00eda de actividades el viernes. A lo largo del d\u00eda, se celebraron paneles exclusivos de ABCDI y ABRAMED sobre sostenibilidad y promoci\u00f3n cl\u00ednica. La agenda tambi\u00e9n incluy\u00f3 temas sobre inteligencia artificial y radiolog\u00eda en Brasil. El SQG25 fue un \u00e9xito rotundo.&nbsp;&nbsp;<\/p>\n\n\n\n<p>Al final del d\u00eda, celebramos la tradicional Fiesta de Fin de A\u00f1o. Fue un momento de relax, reencuentro con colegas y mucha alegr\u00eda, lleno de buena m\u00fasica y energ\u00eda contagiosa. Astro Louie, con su saxof\u00f3n y todo su talento, dirigi\u00f3 nuestra celebraci\u00f3n.&nbsp;<\/p>\n\n\n\n<p><strong>Tercer d\u00eda&nbsp;<\/strong><\/p>\n\n\n\n<p>El \u00faltimo d\u00eda de la CBR25 arranc\u00f3 con fuerza. Temprano por la ma\u00f1ana, la 3.\u00aa Carrera y Caminata CBR dio inicio a las actividades del s\u00e1bado 20 de septiembre. La carrera const\u00f3 de dos recorridos: uno de 5 km y otro de 10 km. La caminata, sin embargo, consisti\u00f3 en un recorrido de solo 5 km. La ceremonia de premiaci\u00f3n de los ganadores de cada categor\u00eda tuvo lugar un poco m\u00e1s tarde, a las 12:15 h (hora de Brasilia-DF), en el Innovation Arena.<\/p>\n\n\n\n<p>Otro momento destacado del \u00faltimo d\u00eda fue el Marat\u00f3n Brasile\u00f1o de Radiolog\u00eda (MBR25). El evento, celebrado en el Innovation Arena, cont\u00f3 con la presencia del Dr. Marcus Birelli, coordinador del marat\u00f3n, y los doctores Fernando Morbeck, Bernardo Tessarollo y la Dra. Carla Martins. Siete equipos participaron en el MBR25: Inominados, HMV, Tico e Teco, Dose Dupla, Dantarolis, As Radiosas y UFSCATS. El MBR25 fue un \u00e9xito rotundo y se discutieron varios casos radiol\u00f3gicos de alto perfil.<\/p>\n\n\n\n<p>&#039;As Radiosas&#039; fue el gran ganador de la edici\u00f3n, con 140 puntos. El d\u00fao gan\u00f3 pasajes de avi\u00f3n y alojamiento para el 55.\u00ba Congreso Brasile\u00f1o de Radiolog\u00eda y Diagn\u00f3stico por Imagen (CBR26), que se celebrar\u00e1 en Recife (PE) del 17 al 19 de septiembre de 2026.<\/p>\n\n\n\n<p>Finalmente, los Cursos Intensivos de US Doppler y US Dermatol\u00f3gica concluyeron sus actividades al final del d\u00eda, cerrando otra memorable edici\u00f3n del Congreso Brasile\u00f1o de Radiolog\u00eda y Diagn\u00f3stico por Imagen.&nbsp;<\/p>\n\n\n\n<p><strong>Puesto CBR<\/strong><br><br>Adem\u00e1s de atender a los miembros, responder preguntas, resolver problemas de membres\u00eda y servir como punto de encuentro para radi\u00f3logos, los miembros del CBR tambi\u00e9n se divirtieron en nuestro stand. La m\u00e1quina de peluches del CBR con Cyber y Sosi (las mascotas de peluche del CBR) se present\u00f3 en otro Congreso. Este a\u00f1o, tambi\u00e9n contamos con la nueva Rueda de Premios, donde los asistentes al congreso pod\u00edan competir por premios del Colegio.<\/p>\n\n\n\n<p><strong>Vea algunas fotos de la CBR25<\/strong><\/p>\n\n\n\n<figure class=\"wp-block-image size-large is-resized\"><img fetchpriority=\"high\" decoding=\"async\" width=\"1620\" height=\"1080\" src=\"https:\/\/cbr.org.br\/wp-content\/uploads\/2025\/09\/1-1620x1080.jpg\" alt=\"\" class=\"wp-image-52956\" style=\"width:348px;height:auto\" srcset=\"https:\/\/cbr.org.br\/wp-content\/uploads\/2025\/09\/1-1620x1080.jpg 1620w, https:\/\/cbr.org.br\/wp-content\/uploads\/2025\/09\/1-810x540.jpg 810w, https:\/\/cbr.org.br\/wp-content\/uploads\/2025\/09\/1-381x254.jpg 381w, https:\/\/cbr.org.br\/wp-content\/uploads\/2025\/09\/1-768x512.jpg 768w, https:\/\/cbr.org.br\/wp-content\/uploads\/2025\/09\/1-1536x1024.jpg 1536w, https:\/\/cbr.org.br\/wp-content\/uploads\/2025\/09\/1-2048x1365.jpg 2048w, https:\/\/cbr.org.br\/wp-content\/uploads\/2025\/09\/1-18x12.jpg 18w\" sizes=\"(max-width: 1620px) 100vw, 1620px\" \/><figcaption class=\"wp-element-caption\">Leyenda: Actividad en la arena de ultrasonidos CBR25<br>Cr\u00e9dito: CBR<\/figcaption><\/figure>\n\n\n\n<figure class=\"wp-block-image size-large is-resized\"><img decoding=\"async\" width=\"1440\" height=\"1080\" src=\"https:\/\/cbr.org.br\/wp-content\/uploads\/2025\/09\/2-1440x1080.jpg\" alt=\"\" class=\"wp-image-52957\" style=\"width:339px;height:auto\" srcset=\"https:\/\/cbr.org.br\/wp-content\/uploads\/2025\/09\/2-1440x1080.jpg 1440w, https:\/\/cbr.org.br\/wp-content\/uploads\/2025\/09\/2-720x540.jpg 720w, https:\/\/cbr.org.br\/wp-content\/uploads\/2025\/09\/2-339x254.jpg 339w, https:\/\/cbr.org.br\/wp-content\/uploads\/2025\/09\/2-768x576.jpg 768w, https:\/\/cbr.org.br\/wp-content\/uploads\/2025\/09\/2-1536x1152.jpg 1536w, https:\/\/cbr.org.br\/wp-content\/uploads\/2025\/09\/2-2048x1536.jpg 2048w, https:\/\/cbr.org.br\/wp-content\/uploads\/2025\/09\/2-16x12.jpg 16w\" sizes=\"(max-width: 1440px) 100vw, 1440px\" \/><figcaption class=\"wp-element-caption\">Leyenda: CBR25 Arena Activity Radi\u00f3logos del futuro<br>Cr\u00e9dito: CBR<\/figcaption><\/figure>\n\n\n\n<figure class=\"wp-block-image size-large is-resized\"><img decoding=\"async\" width=\"1440\" height=\"1080\" src=\"https:\/\/cbr.org.br\/wp-content\/uploads\/2025\/09\/3-1440x1080.jpg\" alt=\"\" class=\"wp-image-52958\" style=\"width:316px;height:auto\" srcset=\"https:\/\/cbr.org.br\/wp-content\/uploads\/2025\/09\/3-1440x1080.jpg 1440w, https:\/\/cbr.org.br\/wp-content\/uploads\/2025\/09\/3-720x540.jpg 720w, https:\/\/cbr.org.br\/wp-content\/uploads\/2025\/09\/3-339x254.jpg 339w, https:\/\/cbr.org.br\/wp-content\/uploads\/2025\/09\/3-768x576.jpg 768w, https:\/\/cbr.org.br\/wp-content\/uploads\/2025\/09\/3-1536x1152.jpg 1536w, https:\/\/cbr.org.br\/wp-content\/uploads\/2025\/09\/3-2048x1536.jpg 2048w, https:\/\/cbr.org.br\/wp-content\/uploads\/2025\/09\/3-16x12.jpg 16w\" sizes=\"(max-width: 1440px) 100vw, 1440px\" \/><figcaption class=\"wp-element-caption\">Leyenda: CBR25 Arena Activity Radi\u00f3logos del futuro<br>Cr\u00e9dito: CBR<\/figcaption><\/figure>\n\n\n\n<figure class=\"wp-block-image size-large is-resized\"><img loading=\"lazy\" decoding=\"async\" width=\"1440\" height=\"1080\" src=\"https:\/\/cbr.org.br\/wp-content\/uploads\/2025\/09\/4-1440x1080.jpg\" alt=\"\" class=\"wp-image-52959\" style=\"width:311px;height:auto\" srcset=\"https:\/\/cbr.org.br\/wp-content\/uploads\/2025\/09\/4-1440x1080.jpg 1440w, https:\/\/cbr.org.br\/wp-content\/uploads\/2025\/09\/4-720x540.jpg 720w, https:\/\/cbr.org.br\/wp-content\/uploads\/2025\/09\/4-339x254.jpg 339w, https:\/\/cbr.org.br\/wp-content\/uploads\/2025\/09\/4-768x576.jpg 768w, https:\/\/cbr.org.br\/wp-content\/uploads\/2025\/09\/4-1536x1152.jpg 1536w, https:\/\/cbr.org.br\/wp-content\/uploads\/2025\/09\/4-16x12.jpg 16w, https:\/\/cbr.org.br\/wp-content\/uploads\/2025\/09\/4.jpg 1600w\" sizes=\"(max-width: 1440px) 100vw, 1440px\" \/><figcaption class=\"wp-element-caption\">Leyenda: Dr. Rubens Chojniak, presidente del CBR, durante la ceremonia de apertura del CBR25<br>Cr\u00e9dito: CBR<\/figcaption><\/figure>\n\n\n\n<figure class=\"wp-block-image size-large is-resized\"><img loading=\"lazy\" decoding=\"async\" width=\"1440\" height=\"1080\" src=\"https:\/\/cbr.org.br\/wp-content\/uploads\/2025\/09\/5-1440x1080.jpg\" alt=\"\" class=\"wp-image-52960\" style=\"width:320px;height:auto\" srcset=\"https:\/\/cbr.org.br\/wp-content\/uploads\/2025\/09\/5-1440x1080.jpg 1440w, https:\/\/cbr.org.br\/wp-content\/uploads\/2025\/09\/5-720x540.jpg 720w, https:\/\/cbr.org.br\/wp-content\/uploads\/2025\/09\/5-339x254.jpg 339w, https:\/\/cbr.org.br\/wp-content\/uploads\/2025\/09\/5-768x576.jpg 768w, https:\/\/cbr.org.br\/wp-content\/uploads\/2025\/09\/5-1536x1152.jpg 1536w, https:\/\/cbr.org.br\/wp-content\/uploads\/2025\/09\/5-16x12.jpg 16w, https:\/\/cbr.org.br\/wp-content\/uploads\/2025\/09\/5.jpg 1600w\" sizes=\"(max-width: 1440px) 100vw, 1440px\" \/><figcaption class=\"wp-element-caption\">Leyenda: La Dra. Radi\u00e1 Pereira siendo homenajeada durante la Ceremonia de Apertura.<br>Cr\u00e9dito: CBR<\/figcaption><\/figure>\n\n\n\n<figure class=\"wp-block-image size-large is-resized\"><img loading=\"lazy\" decoding=\"async\" width=\"1440\" height=\"1080\" src=\"https:\/\/cbr.org.br\/wp-content\/uploads\/2025\/09\/6-1440x1080.jpg\" alt=\"\" class=\"wp-image-52961\" style=\"width:333px;height:auto\" srcset=\"https:\/\/cbr.org.br\/wp-content\/uploads\/2025\/09\/6-1440x1080.jpg 1440w, https:\/\/cbr.org.br\/wp-content\/uploads\/2025\/09\/6-720x540.jpg 720w, https:\/\/cbr.org.br\/wp-content\/uploads\/2025\/09\/6-339x254.jpg 339w, https:\/\/cbr.org.br\/wp-content\/uploads\/2025\/09\/6-768x576.jpg 768w, https:\/\/cbr.org.br\/wp-content\/uploads\/2025\/09\/6-1536x1152.jpg 1536w, https:\/\/cbr.org.br\/wp-content\/uploads\/2025\/09\/6-16x12.jpg 16w, https:\/\/cbr.org.br\/wp-content\/uploads\/2025\/09\/6.jpg 1600w\" sizes=\"(max-width: 1440px) 100vw, 1440px\" \/><figcaption class=\"wp-element-caption\">Leyenda: Dra. Cibele Carvalho durante el lanzamiento del Atlas de Radiolog\u00eda en Brasil 2025<br>Cr\u00e9dito: CBR<\/figcaption><\/figure>\n\n\n\n<figure class=\"wp-block-image size-large is-resized\"><img loading=\"lazy\" decoding=\"async\" width=\"1440\" height=\"1080\" src=\"https:\/\/cbr.org.br\/wp-content\/uploads\/2025\/09\/7-1440x1080.jpg\" alt=\"\" class=\"wp-image-52962\" style=\"width:341px;height:auto\" srcset=\"https:\/\/cbr.org.br\/wp-content\/uploads\/2025\/09\/7-1440x1080.jpg 1440w, https:\/\/cbr.org.br\/wp-content\/uploads\/2025\/09\/7-720x540.jpg 720w, https:\/\/cbr.org.br\/wp-content\/uploads\/2025\/09\/7-339x254.jpg 339w, https:\/\/cbr.org.br\/wp-content\/uploads\/2025\/09\/7-768x576.jpg 768w, https:\/\/cbr.org.br\/wp-content\/uploads\/2025\/09\/7-1536x1152.jpg 1536w, https:\/\/cbr.org.br\/wp-content\/uploads\/2025\/09\/7-16x12.jpg 16w, https:\/\/cbr.org.br\/wp-content\/uploads\/2025\/09\/7.jpg 1600w\" sizes=\"(max-width: 1440px) 100vw, 1440px\" \/><figcaption class=\"wp-element-caption\">Leyenda: Homenaje durante la ceremonia de apertura de la CBR25<br>Cr\u00e9dito: CBR<\/figcaption><\/figure>\n\n\n\n<figure class=\"wp-block-image size-full is-resized\"><img loading=\"lazy\" decoding=\"async\" width=\"1600\" height=\"1066\" src=\"https:\/\/cbr.org.br\/wp-content\/uploads\/2025\/09\/8.jpeg\" alt=\"\" class=\"wp-image-52963\" style=\"width:360px;height:auto\" srcset=\"https:\/\/cbr.org.br\/wp-content\/uploads\/2025\/09\/8.jpeg 1600w, https:\/\/cbr.org.br\/wp-content\/uploads\/2025\/09\/8-811x540.jpeg 811w, https:\/\/cbr.org.br\/wp-content\/uploads\/2025\/09\/8-381x254.jpeg 381w, https:\/\/cbr.org.br\/wp-content\/uploads\/2025\/09\/8-768x512.jpeg 768w, https:\/\/cbr.org.br\/wp-content\/uploads\/2025\/09\/8-1536x1023.jpeg 1536w, https:\/\/cbr.org.br\/wp-content\/uploads\/2025\/09\/8-18x12.jpeg 18w\" sizes=\"(max-width: 1600px) 100vw, 1600px\" \/><figcaption class=\"wp-element-caption\">Leyenda: El Dr. Edson dos Santos Marchiori recibe homenaje por su m\u00e9rito editorial.<br>Cr\u00e9dito: CBR<\/figcaption><\/figure>\n\n\n\n<p><strong>Segundo d\u00eda<\/strong><\/p>\n\n\n\n<figure class=\"wp-block-image size-large is-resized\"><img loading=\"lazy\" decoding=\"async\" width=\"1620\" height=\"1080\" src=\"https:\/\/cbr.org.br\/wp-content\/uploads\/2025\/09\/9-1620x1080.jpg\" alt=\"\" class=\"wp-image-52964\" style=\"width:369px;height:auto\" srcset=\"https:\/\/cbr.org.br\/wp-content\/uploads\/2025\/09\/9-1620x1080.jpg 1620w, https:\/\/cbr.org.br\/wp-content\/uploads\/2025\/09\/9-810x540.jpg 810w, https:\/\/cbr.org.br\/wp-content\/uploads\/2025\/09\/9-381x254.jpg 381w, https:\/\/cbr.org.br\/wp-content\/uploads\/2025\/09\/9-768x512.jpg 768w, https:\/\/cbr.org.br\/wp-content\/uploads\/2025\/09\/9-1536x1024.jpg 1536w, https:\/\/cbr.org.br\/wp-content\/uploads\/2025\/09\/9-2048x1365.jpg 2048w, https:\/\/cbr.org.br\/wp-content\/uploads\/2025\/09\/9-18x12.jpg 18w\" sizes=\"(max-width: 1620px) 100vw, 1620px\" \/><figcaption class=\"wp-element-caption\">Leyenda: Estudiantes durante el curso AVR<br>Cr\u00e9dito: CBR<\/figcaption><\/figure>\n\n\n\n<figure class=\"wp-block-image size-large is-resized\"><img loading=\"lazy\" decoding=\"async\" width=\"810\" height=\"1080\" src=\"https:\/\/cbr.org.br\/wp-content\/uploads\/2025\/09\/10-810x1080.jpeg\" alt=\"\" class=\"wp-image-52965\" style=\"width:236px;height:auto\" srcset=\"https:\/\/cbr.org.br\/wp-content\/uploads\/2025\/09\/10-810x1080.jpeg 810w, https:\/\/cbr.org.br\/wp-content\/uploads\/2025\/09\/10-405x540.jpeg 405w, https:\/\/cbr.org.br\/wp-content\/uploads\/2025\/09\/10-191x254.jpeg 191w, https:\/\/cbr.org.br\/wp-content\/uploads\/2025\/09\/10-768x1024.jpeg 768w, https:\/\/cbr.org.br\/wp-content\/uploads\/2025\/09\/10-1152x1536.jpeg 1152w, https:\/\/cbr.org.br\/wp-content\/uploads\/2025\/09\/10-9x12.jpeg 9w, https:\/\/cbr.org.br\/wp-content\/uploads\/2025\/09\/10.jpeg 1200w\" sizes=\"(max-width: 810px) 100vw, 810px\" \/><figcaption class=\"wp-element-caption\">Leyenda: Estudiantes durante el curso AVR<br>Cr\u00e9dito: CBR<\/figcaption><\/figure>\n\n\n\n<figure class=\"wp-block-image size-large is-resized\"><img loading=\"lazy\" decoding=\"async\" width=\"810\" height=\"1080\" src=\"https:\/\/cbr.org.br\/wp-content\/uploads\/2025\/09\/11-810x1080.jpeg\" alt=\"\" class=\"wp-image-52966\" style=\"width:231px;height:auto\" srcset=\"https:\/\/cbr.org.br\/wp-content\/uploads\/2025\/09\/11-810x1080.jpeg 810w, https:\/\/cbr.org.br\/wp-content\/uploads\/2025\/09\/11-405x540.jpeg 405w, https:\/\/cbr.org.br\/wp-content\/uploads\/2025\/09\/11-191x254.jpeg 191w, https:\/\/cbr.org.br\/wp-content\/uploads\/2025\/09\/11-768x1024.jpeg 768w, https:\/\/cbr.org.br\/wp-content\/uploads\/2025\/09\/11-1152x1536.jpeg 1152w, https:\/\/cbr.org.br\/wp-content\/uploads\/2025\/09\/11-9x12.jpeg 9w, https:\/\/cbr.org.br\/wp-content\/uploads\/2025\/09\/11.jpeg 1200w\" sizes=\"(max-width: 810px) 100vw, 810px\" \/><figcaption class=\"wp-element-caption\">Leyenda: Estudiantes durante el curso AVR<br>Cr\u00e9dito: CBR<\/figcaption><\/figure>\n\n\n\n<figure class=\"wp-block-image size-large is-resized\"><img loading=\"lazy\" decoding=\"async\" width=\"1620\" height=\"1080\" src=\"https:\/\/cbr.org.br\/wp-content\/uploads\/2025\/09\/12-1620x1080.jpg\" alt=\"\" class=\"wp-image-52967\" style=\"width:356px;height:auto\" srcset=\"https:\/\/cbr.org.br\/wp-content\/uploads\/2025\/09\/12-1620x1080.jpg 1620w, https:\/\/cbr.org.br\/wp-content\/uploads\/2025\/09\/12-810x540.jpg 810w, https:\/\/cbr.org.br\/wp-content\/uploads\/2025\/09\/12-381x254.jpg 381w, https:\/\/cbr.org.br\/wp-content\/uploads\/2025\/09\/12-768x512.jpg 768w, https:\/\/cbr.org.br\/wp-content\/uploads\/2025\/09\/12-1536x1024.jpg 1536w, https:\/\/cbr.org.br\/wp-content\/uploads\/2025\/09\/12-2048x1365.jpg 2048w, https:\/\/cbr.org.br\/wp-content\/uploads\/2025\/09\/12-18x12.jpg 18w\" sizes=\"(max-width: 1620px) 100vw, 1620px\" \/><figcaption class=\"wp-element-caption\">Leyenda: Segundo d\u00eda de actividad del SQG25<br>Cr\u00e9dito: CBR<\/figcaption><\/figure>\n\n\n\n<p><strong>Tercer d\u00eda<\/strong><\/p>\n\n\n\n<figure class=\"wp-block-image size-large is-resized\"><img loading=\"lazy\" decoding=\"async\" width=\"1440\" height=\"1080\" src=\"https:\/\/cbr.org.br\/wp-content\/uploads\/2025\/09\/13-1440x1080.jpeg\" alt=\"\" class=\"wp-image-52968\" style=\"width:327px;height:auto\" srcset=\"https:\/\/cbr.org.br\/wp-content\/uploads\/2025\/09\/13-1440x1080.jpeg 1440w, https:\/\/cbr.org.br\/wp-content\/uploads\/2025\/09\/13-720x540.jpeg 720w, https:\/\/cbr.org.br\/wp-content\/uploads\/2025\/09\/13-339x254.jpeg 339w, https:\/\/cbr.org.br\/wp-content\/uploads\/2025\/09\/13-768x576.jpeg 768w, https:\/\/cbr.org.br\/wp-content\/uploads\/2025\/09\/13-1536x1152.jpeg 1536w, https:\/\/cbr.org.br\/wp-content\/uploads\/2025\/09\/13-16x12.jpeg 16w, https:\/\/cbr.org.br\/wp-content\/uploads\/2025\/09\/13.jpeg 2040w\" sizes=\"(max-width: 1440px) 100vw, 1440px\" \/><figcaption class=\"wp-element-caption\">Leyenda: Marat\u00f3n Brasile\u00f1o de Radiolog\u00eda (MBR25) durante la CBR25<br>Cr\u00e9dito: CBR<\/figcaption><\/figure>\n\n\n\n<figure class=\"wp-block-image size-large is-resized\"><img loading=\"lazy\" decoding=\"async\" width=\"810\" height=\"1080\" src=\"https:\/\/cbr.org.br\/wp-content\/uploads\/2025\/09\/14-810x1080.jpeg\" alt=\"\" class=\"wp-image-52969\" style=\"width:233px;height:auto\" srcset=\"https:\/\/cbr.org.br\/wp-content\/uploads\/2025\/09\/14-810x1080.jpeg 810w, https:\/\/cbr.org.br\/wp-content\/uploads\/2025\/09\/14-405x540.jpeg 405w, https:\/\/cbr.org.br\/wp-content\/uploads\/2025\/09\/14-191x254.jpeg 191w, https:\/\/cbr.org.br\/wp-content\/uploads\/2025\/09\/14-768x1024.jpeg 768w, https:\/\/cbr.org.br\/wp-content\/uploads\/2025\/09\/14-1152x1536.jpeg 1152w, https:\/\/cbr.org.br\/wp-content\/uploads\/2025\/09\/14-9x12.jpeg 9w, https:\/\/cbr.org.br\/wp-content\/uploads\/2025\/09\/14.jpeg 1530w\" sizes=\"(max-width: 810px) 100vw, 810px\" \/><figcaption class=\"wp-element-caption\">Leyenda: El d\u00fao ganador del MBR25 en el centro de la imagen.<br>Cr\u00e9dito CBR<\/figcaption><\/figure>\n\n\n\n<figure class=\"wp-block-image size-large is-resized\"><img loading=\"lazy\" decoding=\"async\" width=\"1440\" height=\"1080\" src=\"https:\/\/cbr.org.br\/wp-content\/uploads\/2025\/09\/15-1440x1080.jpeg\" alt=\"\" class=\"wp-image-52970\" style=\"width:335px;height:auto\" srcset=\"https:\/\/cbr.org.br\/wp-content\/uploads\/2025\/09\/15-1440x1080.jpeg 1440w, https:\/\/cbr.org.br\/wp-content\/uploads\/2025\/09\/15-720x540.jpeg 720w, https:\/\/cbr.org.br\/wp-content\/uploads\/2025\/09\/15-339x254.jpeg 339w, https:\/\/cbr.org.br\/wp-content\/uploads\/2025\/09\/15-768x576.jpeg 768w, https:\/\/cbr.org.br\/wp-content\/uploads\/2025\/09\/15-1536x1152.jpeg 1536w, https:\/\/cbr.org.br\/wp-content\/uploads\/2025\/09\/15-16x12.jpeg 16w, https:\/\/cbr.org.br\/wp-content\/uploads\/2025\/09\/15.jpeg 2040w\" sizes=\"(max-width: 1440px) 100vw, 1440px\" \/><figcaption class=\"wp-element-caption\">Leyenda: Marat\u00f3n Brasile\u00f1o de Radiolog\u00eda (MBR25) durante la CBR25<br>Cr\u00e9dito: CBR<\/figcaption><\/figure>\n\n\n\n<figure class=\"wp-block-image size-large is-resized\"><img loading=\"lazy\" decoding=\"async\" width=\"1440\" height=\"1080\" src=\"https:\/\/cbr.org.br\/wp-content\/uploads\/2025\/09\/16-1440x1080.jpeg\" alt=\"\" class=\"wp-image-52971\" style=\"width:357px;height:auto\" srcset=\"https:\/\/cbr.org.br\/wp-content\/uploads\/2025\/09\/16-1440x1080.jpeg 1440w, https:\/\/cbr.org.br\/wp-content\/uploads\/2025\/09\/16-720x540.jpeg 720w, https:\/\/cbr.org.br\/wp-content\/uploads\/2025\/09\/16-339x254.jpeg 339w, https:\/\/cbr.org.br\/wp-content\/uploads\/2025\/09\/16-768x576.jpeg 768w, https:\/\/cbr.org.br\/wp-content\/uploads\/2025\/09\/16-1536x1152.jpeg 1536w, https:\/\/cbr.org.br\/wp-content\/uploads\/2025\/09\/16-16x12.jpeg 16w, https:\/\/cbr.org.br\/wp-content\/uploads\/2025\/09\/16.jpeg 1663w\" sizes=\"(max-width: 1440px) 100vw, 1440px\" \/><figcaption class=\"wp-element-caption\">Leyenda: 3.\u00aa Carrera y Caminata CBR<br>Cr\u00e9dito: CBR<\/figcaption><\/figure>\n\n\n\n<figure class=\"wp-block-image size-large is-resized\"><img loading=\"lazy\" decoding=\"async\" width=\"1440\" height=\"1080\" src=\"https:\/\/cbr.org.br\/wp-content\/uploads\/2025\/09\/17-1440x1080.jpeg\" alt=\"\" class=\"wp-image-52972\" style=\"width:351px;height:auto\" srcset=\"https:\/\/cbr.org.br\/wp-content\/uploads\/2025\/09\/17-1440x1080.jpeg 1440w, https:\/\/cbr.org.br\/wp-content\/uploads\/2025\/09\/17-720x540.jpeg 720w, https:\/\/cbr.org.br\/wp-content\/uploads\/2025\/09\/17-339x254.jpeg 339w, https:\/\/cbr.org.br\/wp-content\/uploads\/2025\/09\/17-768x576.jpeg 768w, https:\/\/cbr.org.br\/wp-content\/uploads\/2025\/09\/17-1536x1152.jpeg 1536w, https:\/\/cbr.org.br\/wp-content\/uploads\/2025\/09\/17-16x12.jpeg 16w, https:\/\/cbr.org.br\/wp-content\/uploads\/2025\/09\/17.jpeg 1663w\" sizes=\"(max-width: 1440px) 100vw, 1440px\" \/><figcaption class=\"wp-element-caption\">Leyenda: 3.\u00aa Carrera y Caminata CBR<br>Cr\u00e9dito: CBR<\/figcaption><\/figure>\n\n\n\n<p><strong>Puesto CBR<\/strong><\/p>\n\n\n\n<figure class=\"wp-block-image size-large is-resized\"><img loading=\"lazy\" decoding=\"async\" width=\"810\" height=\"1080\" src=\"https:\/\/cbr.org.br\/wp-content\/uploads\/2025\/09\/18-810x1080.jpg\" alt=\"\" class=\"wp-image-52973\" style=\"width:230px;height:auto\" srcset=\"https:\/\/cbr.org.br\/wp-content\/uploads\/2025\/09\/18-810x1080.jpg 810w, https:\/\/cbr.org.br\/wp-content\/uploads\/2025\/09\/18-405x540.jpg 405w, https:\/\/cbr.org.br\/wp-content\/uploads\/2025\/09\/18-191x254.jpg 191w, https:\/\/cbr.org.br\/wp-content\/uploads\/2025\/09\/18-768x1024.jpg 768w, https:\/\/cbr.org.br\/wp-content\/uploads\/2025\/09\/18-1152x1536.jpg 1152w, https:\/\/cbr.org.br\/wp-content\/uploads\/2025\/09\/18-9x12.jpg 9w, https:\/\/cbr.org.br\/wp-content\/uploads\/2025\/09\/18.jpg 1200w\" sizes=\"(max-width: 810px) 100vw, 810px\" \/><figcaption class=\"wp-element-caption\">Leyenda: Un momento de diversi\u00f3n y relajaci\u00f3n en el stand de CBR<br>Cr\u00e9dito: CBR<\/figcaption><\/figure>\n\n\n\n<figure class=\"wp-block-image size-large is-resized\"><img loading=\"lazy\" decoding=\"async\" width=\"810\" height=\"1080\" src=\"https:\/\/cbr.org.br\/wp-content\/uploads\/2025\/09\/19-810x1080.jpg\" alt=\"\" class=\"wp-image-52974\" style=\"width:233px;height:auto\" srcset=\"https:\/\/cbr.org.br\/wp-content\/uploads\/2025\/09\/19-810x1080.jpg 810w, https:\/\/cbr.org.br\/wp-content\/uploads\/2025\/09\/19-405x540.jpg 405w, https:\/\/cbr.org.br\/wp-content\/uploads\/2025\/09\/19-191x254.jpg 191w, https:\/\/cbr.org.br\/wp-content\/uploads\/2025\/09\/19-768x1024.jpg 768w, https:\/\/cbr.org.br\/wp-content\/uploads\/2025\/09\/19-1152x1536.jpg 1152w, https:\/\/cbr.org.br\/wp-content\/uploads\/2025\/09\/19-9x12.jpg 9w, https:\/\/cbr.org.br\/wp-content\/uploads\/2025\/09\/19.jpg 1200w\" sizes=\"(max-width: 810px) 100vw, 810px\" \/><figcaption class=\"wp-element-caption\">Leyenda: Un momento de diversi\u00f3n y relajaci\u00f3n en el stand de CBR<br>Cr\u00e9dito: CBR<\/figcaption><\/figure>\n\n\n\n<figure class=\"wp-block-image size-large is-resized\"><img loading=\"lazy\" decoding=\"async\" width=\"810\" height=\"1080\" src=\"https:\/\/cbr.org.br\/wp-content\/uploads\/2025\/09\/20-810x1080.jpg\" alt=\"\" class=\"wp-image-52975\" style=\"width:233px;height:auto\" srcset=\"https:\/\/cbr.org.br\/wp-content\/uploads\/2025\/09\/20-810x1080.jpg 810w, https:\/\/cbr.org.br\/wp-content\/uploads\/2025\/09\/20-405x540.jpg 405w, https:\/\/cbr.org.br\/wp-content\/uploads\/2025\/09\/20-191x254.jpg 191w, https:\/\/cbr.org.br\/wp-content\/uploads\/2025\/09\/20-768x1024.jpg 768w, https:\/\/cbr.org.br\/wp-content\/uploads\/2025\/09\/20-1152x1536.jpg 1152w, https:\/\/cbr.org.br\/wp-content\/uploads\/2025\/09\/20-9x12.jpg 9w, https:\/\/cbr.org.br\/wp-content\/uploads\/2025\/09\/20.jpg 1200w\" sizes=\"(max-width: 810px) 100vw, 810px\" \/><figcaption class=\"wp-element-caption\">Leyenda: Un momento de diversi\u00f3n y relajaci\u00f3n en el stand de CBR<br>Cr\u00e9dito: CBR<\/figcaption><\/figure>\n\n\n\n<p><strong><a href=\"https:\/\/www.flickr.com\/photos\/202927650@N07\/albums\/\">Descarga tus fotos de la CBR25 aqu\u00ed <\/a><\/strong><\/p>","protected":false},"excerpt":{"rendered":"<p>El 54.\u00ba Congreso Brasile\u00f1o de Radiolog\u00eda y Diagn\u00f3stico por Imagen (CBR25) se celebr\u00f3 del 18 al 20 de septiembre en Up Experience, Curitiba, Paran\u00e1. El evento estuvo repleto de actividades de alto nivel, incluyendo conferencias nacionales e internacionales, actividades sociales y deportivas, cursos intensivos, el lanzamiento del Atlas de Radiolog\u00eda en Brasil 2025 y una Marat\u00f3n\u2026 <a href=\"https:\/\/cbr.org.br\/es\/cbr25-e-sucesso-absoluto-confira-tudo-que-rolou-em-curitiba-pr\/\">Sigue leyendo<\/a><\/p>","protected":false},"author":24,"featured_media":52976,"comment_status":"closed","ping_status":"closed","sticky":false,"template":"","format":"standard","meta":{"_acf_changed":false,"footnotes":""},"categories":[1],"tags":[],"class_list":["post-52955","post","type-post","status-publish","format-standard","has-post-thumbnail","hentry","category-sem-categoria"],"acf":[],"_links":{"self":[{"href":"https:\/\/cbr.org.br\/es\/wp-json\/wp\/v2\/posts\/52955","targetHints":{"allow":["GET"]}}],"collection":[{"href":"https:\/\/cbr.org.br\/es\/wp-json\/wp\/v2\/posts"}],"about":[{"href":"https:\/\/cbr.org.br\/es\/wp-json\/wp\/v2\/types\/post"}],"author":[{"embeddable":true,"href":"https:\/\/cbr.org.br\/es\/wp-json\/wp\/v2\/users\/24"}],"replies":[{"embeddable":true,"href":"https:\/\/cbr.org.br\/es\/wp-json\/wp\/v2\/comments?post=52955"}],"version-history":[{"count":1,"href":"https:\/\/cbr.org.br\/es\/wp-json\/wp\/v2\/posts\/52955\/revisions"}],"predecessor-version":[{"id":52977,"href":"https:\/\/cbr.org.br\/es\/wp-json\/wp\/v2\/posts\/52955\/revisions\/52977"}],"wp:featuredmedia":[{"embeddable":true,"href":"https:\/\/cbr.org.br\/es\/wp-json\/wp\/v2\/media\/52976"}],"wp:attachment":[{"href":"https:\/\/cbr.org.br\/es\/wp-json\/wp\/v2\/media?parent=52955"}],"wp:term":[{"taxonomy":"category","embeddable":true,"href":"https:\/\/cbr.org.br\/es\/wp-json\/wp\/v2\/categories?post=52955"},{"taxonomy":"post_tag","embeddable":true,"href":"https:\/\/cbr.org.br\/es\/wp-json\/wp\/v2\/tags?post=52955"}],"curies":[{"name":"wp","href":"https:\/\/api.w.org\/{rel}","templated":true}]}}