{"id":53304,"date":"2025-10-31T12:45:00","date_gmt":"2025-10-31T15:45:00","guid":{"rendered":"https:\/\/cbr.org.br\/?p=53304"},"modified":"2025-10-31T12:51:25","modified_gmt":"2025-10-31T15:51:25","slug":"cbr-participa-do-xii-curso-internacional-de-imagen-seccional-no-mexico","status":"publish","type":"post","link":"https:\/\/cbr.org.br\/es\/cbr-participa-do-xii-curso-internacional-de-imagen-seccional-no-mexico\/","title":{"rendered":"CBR participa en el XII Curso Internacional de Imagen Seccional, en M\u00e9xico."},"content":{"rendered":"<p>El Colegio Brasile\u00f1o de Radiolog\u00eda e Imagenolog\u00eda Diagn\u00f3stica (CBR) estuvo representado por el Dr. Ronaldo Baroni, Director de Relaciones Internacionales, en el XII Curso Internacional de Imagenolog\u00eda Seccional, celebrado del 15 al 18 de octubre en Guadalajara, M\u00e9xico. Durante el evento, el Dr. Baroni imparti\u00f3 cuatro conferencias como parte del programa cient\u00edfico, compartiendo conocimientos y experiencias con especialistas de diversos pa\u00edses.<\/p>\n\n\n\n<p><strong><a href=\"https:\/\/cbr.org.br\/es\/cbrparticipa-do-14-congresso-uruguaio-de-imaginologia\/\">Leer m\u00e1s: CBR participa en el XIV Congreso Uruguayo de Imagenolog\u00eda<\/a><\/strong><\/p>\n\n\n\n<p>Adem\u00e1s de las actividades acad\u00e9micas, el representante del Colegio particip\u00f3 en reuniones con la Junta Directiva de la Federaci\u00f3n Mexicana de Radiolog\u00eda e Imagenolog\u00eda (FMRI), reforzando los lazos de cooperaci\u00f3n y las oportunidades de colaboraci\u00f3n entre las sociedades. Estuvieron presentes el Dr. Hern\u00e1n Gordillo Rosiles (Presidente), el Dr. Gerardo Ornelas Cortinas (Presidente electo), el Dr. V\u00edctor Manuel Rodr\u00edguez (Secretario), el Dr. David Fernando P\u00e9rez (Tesorero) y el Dr. Mauricio Figueroa S\u00e1nchez (Expresidente).<\/p>\n\n\n\n<p>La presencia del CBR en el evento reafirma el compromiso de la instituci\u00f3n con el intercambio cient\u00edfico internacional y el fortalecimiento de las relaciones entre entidades de radiolog\u00eda en Am\u00e9rica Latina.<\/p>\n\n\n\n<p><strong>Mantente al tanto de las redes sociales de CBR, s\u00edguenos en&nbsp;<a href=\"https:\/\/www.instagram.com\/cbr_radiologia\/\" target=\"_blank\" rel=\"noreferrer noopener\">Instagram&nbsp;<\/a>,&nbsp;<a href=\"https:\/\/www.facebook.com\/CBRadiologia\/?locale=pt_BR\" target=\"_blank\" rel=\"noreferrer noopener\">Facebook<\/a>&nbsp;Es&nbsp;<a href=\"https:\/\/br.linkedin.com\/company\/colegiobrasileiroderadiologiaediagn%C3%B3sticoporimagem\" target=\"_blank\" rel=\"noreferrer noopener\">LinkedIn<\/a><\/strong><\/p>\n\n\n\n<p><strong>Vea c\u00f3mo particip\u00f3 CBR en el evento.<\/strong><\/p>\n\n\n\n<figure class=\"wp-block-image size-large is-resized\"><img fetchpriority=\"high\" decoding=\"async\" width=\"810\" height=\"1080\" src=\"https:\/\/cbr.org.br\/wp-content\/uploads\/2025\/10\/2-810x1080.jpeg\" alt=\"\" class=\"wp-image-53308\" style=\"width:259px;height:auto\" srcset=\"https:\/\/cbr.org.br\/wp-content\/uploads\/2025\/10\/2-810x1080.jpeg 810w, https:\/\/cbr.org.br\/wp-content\/uploads\/2025\/10\/2-405x540.jpeg 405w, https:\/\/cbr.org.br\/wp-content\/uploads\/2025\/10\/2-191x254.jpeg 191w, https:\/\/cbr.org.br\/wp-content\/uploads\/2025\/10\/2-768x1024.jpeg 768w, https:\/\/cbr.org.br\/wp-content\/uploads\/2025\/10\/2-9x12.jpeg 9w, https:\/\/cbr.org.br\/wp-content\/uploads\/2025\/10\/2.jpeg 960w\" sizes=\"(max-width: 810px) 100vw, 810px\" \/><figcaption class=\"wp-element-caption\">Pie de foto: El Dr. Ronaldo Baroni, director de Relaciones Internacionales, junto con los dem\u00e1s ponentes del evento.<br>Cr\u00e9dito: CBR<\/figcaption><\/figure>\n\n\n\n<figure class=\"wp-block-image size-large is-resized\"><img decoding=\"async\" width=\"980\" height=\"1080\" src=\"https:\/\/cbr.org.br\/wp-content\/uploads\/2025\/10\/3-980x1080.jpeg\" alt=\"\" class=\"wp-image-53309\" style=\"width:268px;height:auto\" srcset=\"https:\/\/cbr.org.br\/wp-content\/uploads\/2025\/10\/3-980x1080.jpeg 980w, https:\/\/cbr.org.br\/wp-content\/uploads\/2025\/10\/3-490x540.jpeg 490w, https:\/\/cbr.org.br\/wp-content\/uploads\/2025\/10\/3-230x254.jpeg 230w, https:\/\/cbr.org.br\/wp-content\/uploads\/2025\/10\/3-768x847.jpeg 768w, https:\/\/cbr.org.br\/wp-content\/uploads\/2025\/10\/3-11x12.jpeg 11w, https:\/\/cbr.org.br\/wp-content\/uploads\/2025\/10\/3.jpeg 1161w\" sizes=\"(max-width: 980px) 100vw, 980px\" \/><figcaption class=\"wp-element-caption\">Pie de foto: Dr. Ronaldo Baroni \u2013 Director de Relaciones Internacionales junto al Dr. Hern\u00e1n Gordillo Rosiles \u2013 Presidente de FMRI.<br>Cr\u00e9dito: CBR<\/figcaption><\/figure>\n\n\n\n<figure class=\"wp-block-image size-large is-resized\"><img decoding=\"async\" width=\"1440\" height=\"1080\" src=\"https:\/\/cbr.org.br\/wp-content\/uploads\/2025\/10\/4-2-1440x1080.jpeg\" alt=\"\" class=\"wp-image-53310\" style=\"width:339px;height:auto\" srcset=\"https:\/\/cbr.org.br\/wp-content\/uploads\/2025\/10\/4-2-1440x1080.jpeg 1440w, https:\/\/cbr.org.br\/wp-content\/uploads\/2025\/10\/4-2-720x540.jpeg 720w, https:\/\/cbr.org.br\/wp-content\/uploads\/2025\/10\/4-2-339x254.jpeg 339w, https:\/\/cbr.org.br\/wp-content\/uploads\/2025\/10\/4-2-768x576.jpeg 768w, https:\/\/cbr.org.br\/wp-content\/uploads\/2025\/10\/4-2-1536x1152.jpeg 1536w, https:\/\/cbr.org.br\/wp-content\/uploads\/2025\/10\/4-2-16x12.jpeg 16w, https:\/\/cbr.org.br\/wp-content\/uploads\/2025\/10\/4-2.jpeg 1600w\" sizes=\"(max-width: 1440px) 100vw, 1440px\" \/><figcaption class=\"wp-element-caption\">Pie de foto: El Dr. Ronaldo Baroni, director cient\u00edfico de CBR, durante su presentaci\u00f3n en el XII Curso Internacional sobre Imagenolog\u00eda Seccional.<br>Cr\u00e9dito: CBR<\/figcaption><\/figure>","protected":false},"excerpt":{"rendered":"<p>El Colegio Brasile\u00f1o de Radiolog\u00eda e Imagen Diagn\u00f3stica (CBR) estuvo representado por el Dr. Ronaldo Baroni, Director de Relaciones Internacionales, en el XII Curso Internacional de Imagen Seccional, celebrado del 15 al 18 de octubre en Guadalajara, M\u00e9xico. Durante el evento, el Dr. Baroni imparti\u00f3 cuatro conferencias como parte del programa cient\u00edfico, compartiendo conocimientos y experiencias. <a href=\"https:\/\/cbr.org.br\/es\/cbr-participa-do-xii-curso-internacional-de-imagen-seccional-no-mexico\/\">Sigue leyendo<\/a><\/p>","protected":false},"author":24,"featured_media":53307,"comment_status":"closed","ping_status":"closed","sticky":false,"template":"","format":"standard","meta":{"_acf_changed":false,"footnotes":""},"categories":[10],"tags":[50,665,111,84,96,66],"class_list":["post-53304","post","type-post","status-publish","format-standard","has-post-thumbnail","hentry","category-institucional","tag-cbr","tag-cbr_radiologia","tag-diagnostico-por-imagem","tag-medicina-diagnostica","tag-radiologia","tag-radiologista"],"acf":[],"_links":{"self":[{"href":"https:\/\/cbr.org.br\/es\/wp-json\/wp\/v2\/posts\/53304","targetHints":{"allow":["GET"]}}],"collection":[{"href":"https:\/\/cbr.org.br\/es\/wp-json\/wp\/v2\/posts"}],"about":[{"href":"https:\/\/cbr.org.br\/es\/wp-json\/wp\/v2\/types\/post"}],"author":[{"embeddable":true,"href":"https:\/\/cbr.org.br\/es\/wp-json\/wp\/v2\/users\/24"}],"replies":[{"embeddable":true,"href":"https:\/\/cbr.org.br\/es\/wp-json\/wp\/v2\/comments?post=53304"}],"version-history":[{"count":2,"href":"https:\/\/cbr.org.br\/es\/wp-json\/wp\/v2\/posts\/53304\/revisions"}],"predecessor-version":[{"id":53362,"href":"https:\/\/cbr.org.br\/es\/wp-json\/wp\/v2\/posts\/53304\/revisions\/53362"}],"wp:featuredmedia":[{"embeddable":true,"href":"https:\/\/cbr.org.br\/es\/wp-json\/wp\/v2\/media\/53307"}],"wp:attachment":[{"href":"https:\/\/cbr.org.br\/es\/wp-json\/wp\/v2\/media?parent=53304"}],"wp:term":[{"taxonomy":"category","embeddable":true,"href":"https:\/\/cbr.org.br\/es\/wp-json\/wp\/v2\/categories?post=53304"},{"taxonomy":"post_tag","embeddable":true,"href":"https:\/\/cbr.org.br\/es\/wp-json\/wp\/v2\/tags?post=53304"}],"curies":[{"name":"wp","href":"https:\/\/api.w.org\/{rel}","templated":true}]}}