{"id":821,"date":"2017-06-26T14:23:30","date_gmt":"2017-06-26T17:23:30","guid":{"rendered":"https:\/\/cbr.org.br\/?p=821"},"modified":"2025-03-18T12:21:19","modified_gmt":"2025-03-18T15:21:19","slug":"congresso-da-flaus-disponibiliza-participacao-100-online","status":"publish","type":"post","link":"https:\/\/cbr.org.br\/es\/congresso-da-flaus-disponibiliza-participacao-100-online\/","title":{"rendered":"Congreso Flaus ofrece participaci\u00f3n online 100%"},"content":{"rendered":"<p>Con el apoyo del Colegio Brasile\u00f1o de Radiolog\u00eda e Im\u00e1genes Diagn\u00f3sticas (CBR), se realizar\u00e1 del 13 al 15 de julio el XVIII Congreso Latinoamericano de Ultrasonido, evento promovido anualmente por la Federaci\u00f3n Latinoamericana de Sociedades de Ultrasonido en Medicina y Biolog\u00eda ( Flaus).<\/p>\n<p>Esta vez, el escenario del prestigioso encuentro ser\u00e1 el Instituto de Radiolog\u00eda del Hospital das Cl\u00ednicas de la Facultad de Medicina de la Universidad de S\u00e3o Paulo (InRad-HCFMUSP), en la ciudad de S\u00e3o Paulo. Adem\u00e1s de la modalidad presencial, el congresista tambi\u00e9n podr\u00e1 participar en l\u00ednea, y de dos formas: v\u00eda transmisi\u00f3n simult\u00e1nea o mediante reposiciones.<\/p>\n<p>Los disertantes -todos reconocidos internacionalmente- provendr\u00e1n de pa\u00edses como Venezuela, Costa Rica, M\u00e9xico, Guatemala, Estados Unidos, Colombia y Paraguay. Naturalmente, profesores brasile\u00f1os tambi\u00e9n ense\u00f1ar\u00e1n en el Congreso. \u201cTambi\u00e9n destaco al Prof. Cristian Nolsoe, de Dinamarca, especialista en intervenci\u00f3n guiada por contraste y ultrasonido, quien estar\u00e1 a cargo de temas de gran importancia para el momento. Es el presidente electo de la Federaci\u00f3n Mundial de Ultrasonograf\u00eda en Medicina y Biolog\u00eda [WFUMB]\u201d, dice el Dr. M. Cristina Chammas, Presidenta del Patronato de Flaus.<\/p>\n<p>Si desea registrarse para participar <em>en l\u00ednea<\/em> del evento, utilice la direcci\u00f3n <a href=\"https:\/\/goo.gl\/nzgQQ1\" target=\"_blank\" rel=\"noopener\">https:\/\/goo.gl\/nzgQQ1<\/a>. Si prefiere seguir \u201cin loco\u201d, el <em>enlace<\/em> para el registro es <a href=\"https:\/\/goo.gl\/rUqCN6\" target=\"_blank\" rel=\"noopener\">https:\/\/goo.gl\/rUqCN6<\/a>. Los valores son sumamente atractivos: van desde R$ 160 hasta R$ 780, dependiendo de la categor\u00eda y la fecha en que se realice el registro. Se ofrecen descuentos hasta el 9 de julio.<\/p>\n<p>Mas informaci\u00f3n en <a href=\"http:\/\/www.flaus-us.org\/congresso\/esp\/index.html\" target=\"_blank\" rel=\"noopener\">www.flaus-us.org\/congresso\/esp\/index.html<\/a>.<\/p>","protected":false},"excerpt":{"rendered":"<p>Con el apoyo del Colegio Brasile\u00f1o de Radiolog\u00eda e Im\u00e1genes Diagn\u00f3sticas (CBR), se realizar\u00e1 del 13 al 15 de julio el XVIII Congreso Latinoamericano de Ultrasonido, evento promovido anualmente por la Federaci\u00f3n Latinoamericana de Sociedades de Ultrasonido en Medicina y Biolog\u00eda ( Flaus). En esta ocasi\u00f3n, el escenario del reconocido encuentro ser\u00e1 el Instituto de Radiolog\u00eda\u2026 <a href=\"https:\/\/cbr.org.br\/es\/congresso-da-flaus-disponibiliza-participacao-100-online\/\">Sigue leyendo<\/a><\/p>","protected":false},"author":8,"featured_media":796,"comment_status":"closed","ping_status":"closed","sticky":false,"template":"","format":"standard","meta":{"_acf_changed":false,"footnotes":""},"categories":[16],"tags":[50,80,111,310,156,370,65,96,371,66],"class_list":["post-821","post","type-post","status-publish","format-standard","has-post-thumbnail","hentry","category-sociedades-estaduais","tag-cbr","tag-congresso","tag-diagnostico-por-imagem","tag-exame","tag-flaus","tag-laudo","tag-medico","tag-radiologia","tag-radiologico","tag-radiologista"],"acf":[],"_links":{"self":[{"href":"https:\/\/cbr.org.br\/es\/wp-json\/wp\/v2\/posts\/821","targetHints":{"allow":["GET"]}}],"collection":[{"href":"https:\/\/cbr.org.br\/es\/wp-json\/wp\/v2\/posts"}],"about":[{"href":"https:\/\/cbr.org.br\/es\/wp-json\/wp\/v2\/types\/post"}],"author":[{"embeddable":true,"href":"https:\/\/cbr.org.br\/es\/wp-json\/wp\/v2\/users\/8"}],"replies":[{"embeddable":true,"href":"https:\/\/cbr.org.br\/es\/wp-json\/wp\/v2\/comments?post=821"}],"version-history":[{"count":1,"href":"https:\/\/cbr.org.br\/es\/wp-json\/wp\/v2\/posts\/821\/revisions"}],"predecessor-version":[{"id":50987,"href":"https:\/\/cbr.org.br\/es\/wp-json\/wp\/v2\/posts\/821\/revisions\/50987"}],"wp:featuredmedia":[{"embeddable":true,"href":"https:\/\/cbr.org.br\/es\/wp-json\/wp\/v2\/media\/796"}],"wp:attachment":[{"href":"https:\/\/cbr.org.br\/es\/wp-json\/wp\/v2\/media?parent=821"}],"wp:term":[{"taxonomy":"category","embeddable":true,"href":"https:\/\/cbr.org.br\/es\/wp-json\/wp\/v2\/categories?post=821"},{"taxonomy":"post_tag","embeddable":true,"href":"https:\/\/cbr.org.br\/es\/wp-json\/wp\/v2\/tags?post=821"}],"curies":[{"name":"wp","href":"https:\/\/api.w.org\/{rel}","templated":true}]}}