{"id":823,"date":"2017-06-25T14:24:43","date_gmt":"2017-06-25T17:24:43","guid":{"rendered":"https:\/\/cbr.org.br\/?p=823"},"modified":"2025-03-18T12:21:29","modified_gmt":"2025-03-18T15:21:29","slug":"jornada-mineira-de-neurorradiologia-tem-inscricoes-com-desconto-ate-1-de-julho","status":"publish","type":"post","link":"https:\/\/cbr.org.br\/es\/jornada-mineira-de-neurorradiologia-tem-inscricoes-com-desconto-ate-1-de-julho\/","title":{"rendered":"La Jornada de Neurorradiolog\u00eda Mineira tiene inscripci\u00f3n descontada hasta el 1 de julio"},"content":{"rendered":"<p>La Sociedad de Radiolog\u00eda y Diagn\u00f3stico por Im\u00e1genes de Minas Gerais (SRMG), con el apoyo de la Sociedad Brasile\u00f1a de Neurorradiolog\u00eda Diagn\u00f3stica y Terap\u00e9utica (SBNR), realizar\u00e1 la tercera edici\u00f3n de la Jornada Mineira de Neuroradiolog\u00eda los d\u00edas 18 y 19 de agosto. La inscripci\u00f3n est\u00e1 abierta en <a href=\"http:\/\/www.srmg.org.br\/iii-jmn-2017\/\" target=\"_blank\" rel=\"noopener\">http:\/\/www.srmg.org.br\/iii-jmn-2017\/<\/a>, y los valores con descuento duran hasta el 1 de julio.<\/p>\n<p>El evento contar\u00e1 con la presencia de grandes exponentes nacionales que abordar\u00e1n temas pr\u00e1cticos y actuales de la subespecialidad. Los disertantes confirmados son los m\u00e9dicos: Antonio Jos\u00e9 da Rocha (SP), Claudia da Costa Leite (SP), Frederico Guimar\u00e3es de A. Braga (MG), Emerson Leandro Gasparetto (RJ), Leandro Tavares Lucato (SP), Leonardo Lopes de Macedo (MG), Luis Filipe de Souza Godoy (SP) y V\u00edctor Hugo Rocha Marussi (SP).<\/p>\n<p>Nuevo en la programaci\u00f3n del a\u00f1o pasado, Neurogame promete repetir el gran \u00e9xito con sus desafiantes casos. La sesi\u00f3n interactiva posibilita un gran contacto entre congresistas y ponentes, y premiar\u00e1 a quienes acierten el mayor n\u00famero de casos.<\/p>\n<p>Otra de las novedades es la posibilidad de env\u00edo de casos especiales por parte de profesionales de todo el pa\u00eds. Los casos ser\u00e1n evaluados y seleccionados de acuerdo a las reglas establecidas por el comit\u00e9 organizador, disponibles en el portal SRMG, y ser\u00e1n presentados a los participantes durante un m\u00f3dulo espec\u00edfico de la sesi\u00f3n interactiva.<\/p>","protected":false},"excerpt":{"rendered":"<p>La Sociedad de Radiolog\u00eda y Diagn\u00f3stico por Im\u00e1genes de Minas Gerais (SRMG), con el apoyo de la Sociedad Brasile\u00f1a de Neurorradiolog\u00eda Diagn\u00f3stica y Terap\u00e9utica (SBNR), realizar\u00e1 la tercera edici\u00f3n de la Jornada Mineira de Neuroradiolog\u00eda los d\u00edas 18 y 19 de agosto. Las inscripciones est\u00e1n abiertas en http:\/\/www.srmg.org.br\/iii-jmn-2017\/, y los montos con descuento ascienden a \u2026 <a href=\"https:\/\/cbr.org.br\/es\/jornada-mineira-de-neurorradiologia-tem-inscricoes-com-desconto-ate-1-de-julho\/\">Sigue leyendo<\/a><\/p>","protected":false},"author":8,"featured_media":788,"comment_status":"closed","ping_status":"closed","sticky":false,"template":"","format":"standard","meta":{"_acf_changed":false,"footnotes":""},"categories":[16],"tags":[50,80,111,310,184,370,65,372,95,96,371,66],"class_list":["post-823","post","type-post","status-publish","format-standard","has-post-thumbnail","hentry","category-sociedades-estaduais","tag-cbr","tag-congresso","tag-diagnostico-por-imagem","tag-exame","tag-jornada","tag-laudo","tag-medico","tag-mineira","tag-neurorradiologia","tag-radiologia","tag-radiologico","tag-radiologista"],"acf":[],"_links":{"self":[{"href":"https:\/\/cbr.org.br\/es\/wp-json\/wp\/v2\/posts\/823","targetHints":{"allow":["GET"]}}],"collection":[{"href":"https:\/\/cbr.org.br\/es\/wp-json\/wp\/v2\/posts"}],"about":[{"href":"https:\/\/cbr.org.br\/es\/wp-json\/wp\/v2\/types\/post"}],"author":[{"embeddable":true,"href":"https:\/\/cbr.org.br\/es\/wp-json\/wp\/v2\/users\/8"}],"replies":[{"embeddable":true,"href":"https:\/\/cbr.org.br\/es\/wp-json\/wp\/v2\/comments?post=823"}],"version-history":[{"count":1,"href":"https:\/\/cbr.org.br\/es\/wp-json\/wp\/v2\/posts\/823\/revisions"}],"predecessor-version":[{"id":50988,"href":"https:\/\/cbr.org.br\/es\/wp-json\/wp\/v2\/posts\/823\/revisions\/50988"}],"wp:featuredmedia":[{"embeddable":true,"href":"https:\/\/cbr.org.br\/es\/wp-json\/wp\/v2\/media\/788"}],"wp:attachment":[{"href":"https:\/\/cbr.org.br\/es\/wp-json\/wp\/v2\/media?parent=823"}],"wp:term":[{"taxonomy":"category","embeddable":true,"href":"https:\/\/cbr.org.br\/es\/wp-json\/wp\/v2\/categories?post=823"},{"taxonomy":"post_tag","embeddable":true,"href":"https:\/\/cbr.org.br\/es\/wp-json\/wp\/v2\/tags?post=823"}],"curies":[{"name":"wp","href":"https:\/\/api.w.org\/{rel}","templated":true}]}}