{"id":832,"date":"2017-06-23T14:29:29","date_gmt":"2017-06-23T17:29:29","guid":{"rendered":"https:\/\/cbr.org.br\/?p=832"},"modified":"2025-03-18T12:21:56","modified_gmt":"2025-03-18T15:21:56","slug":"inscricoes-abertas-para-a-jornada-cearense-de-radiologia","status":"publish","type":"post","link":"https:\/\/cbr.org.br\/es\/inscricoes-abertas-para-a-jornada-cearense-de-radiologia\/","title":{"rendered":"Abiertas las inscripciones para la Jornada Cearense de Radiolog\u00eda"},"content":{"rendered":"<p>La Sociedad Cearense de Radiolog\u00eda (Soceara) realizar\u00e1 los d\u00edas 4 y 5 de agosto, en el Campus Parque Ecol\u00f3gico de la Faculdade Unichristus, en Fortaleza (CE), la VII Jornada de Radiolog\u00eda Cearense.<\/p>\n<p>Este a\u00f1o el programa contar\u00e1 con los siguientes m\u00f3dulos: Ultrasonido General y Especializado, Musculoesquel\u00e9tico, Neurorradiolog\u00eda, Medicina Interna, T\u00e9cnicas de Imagen y Acad\u00e9mico.<\/p>\n<p>Se contar\u00e1 con la participaci\u00f3n de los invitados internacionales Dr. Aylin Tekes Dra. Susan Palasis y el Dr. Samir Noujaim, todos de Estados Unidos, adem\u00e1s de otros invitados de renombre nacional.<\/p>\n<p>Las entradas pueden hacerse por <em>sitio<\/em>: <a href=\"http:\/\/soceara.com.br\/\" target=\"_blank\" rel=\"noopener\">http:\/\/soceara.com.br<\/a> \u2013 \u00a1compruebe los valores y reg\u00edstrese!<\/p>\n<p><img fetchpriority=\"high\" decoding=\"async\" class=\"alignleft wp-image-18079 size-full\" src=\"https:\/\/cbr.org.br\/wp-content\/uploads\/2017\/06\/Tabela-Jornada-Cearense-de-Radiologia.jpg\" alt=\"Tabela - Jornada Cearense de Radiologia\" width=\"468\" height=\"186\"><\/p>","protected":false},"excerpt":{"rendered":"<p>La Sociedad Cearense de Radiolog\u00eda (Soceara) realizar\u00e1 los d\u00edas 4 y 5 de agosto, en el Campus Parque Ecol\u00f3gico de la Faculdade Unichristus, en Fortaleza (CE), la VII Jornada de Radiolog\u00eda Cearense. Este a\u00f1o el programa contar\u00e1 con los siguientes m\u00f3dulos: Ultrasonido General y Especializado, Musculoesquel\u00e9tico, Neurorradiolog\u00eda, Medicina Interna, T\u00e9cnicas de Imagen y Acad\u00e9mico. Habr\u00e1 participaci\u00f3n de\u2026 <a href=\"https:\/\/cbr.org.br\/es\/inscricoes-abertas-para-a-jornada-cearense-de-radiologia\/\">Sigue leyendo<\/a><\/p>","protected":false},"author":8,"featured_media":837,"comment_status":"closed","ping_status":"closed","sticky":false,"template":"","format":"standard","meta":{"_acf_changed":false,"footnotes":""},"categories":[16],"tags":[50,373,374,80,111,310,184,370,65,96,371,66],"class_list":["post-832","post","type-post","status-publish","format-standard","has-post-thumbnail","hentry","category-sociedades-estaduais","tag-cbr","tag-ceara","tag-cearense","tag-congresso","tag-diagnostico-por-imagem","tag-exame","tag-jornada","tag-laudo","tag-medico","tag-radiologia","tag-radiologico","tag-radiologista"],"acf":[],"_links":{"self":[{"href":"https:\/\/cbr.org.br\/es\/wp-json\/wp\/v2\/posts\/832","targetHints":{"allow":["GET"]}}],"collection":[{"href":"https:\/\/cbr.org.br\/es\/wp-json\/wp\/v2\/posts"}],"about":[{"href":"https:\/\/cbr.org.br\/es\/wp-json\/wp\/v2\/types\/post"}],"author":[{"embeddable":true,"href":"https:\/\/cbr.org.br\/es\/wp-json\/wp\/v2\/users\/8"}],"replies":[{"embeddable":true,"href":"https:\/\/cbr.org.br\/es\/wp-json\/wp\/v2\/comments?post=832"}],"version-history":[{"count":1,"href":"https:\/\/cbr.org.br\/es\/wp-json\/wp\/v2\/posts\/832\/revisions"}],"predecessor-version":[{"id":50990,"href":"https:\/\/cbr.org.br\/es\/wp-json\/wp\/v2\/posts\/832\/revisions\/50990"}],"wp:featuredmedia":[{"embeddable":true,"href":"https:\/\/cbr.org.br\/es\/wp-json\/wp\/v2\/media\/837"}],"wp:attachment":[{"href":"https:\/\/cbr.org.br\/es\/wp-json\/wp\/v2\/media?parent=832"}],"wp:term":[{"taxonomy":"category","embeddable":true,"href":"https:\/\/cbr.org.br\/es\/wp-json\/wp\/v2\/categories?post=832"},{"taxonomy":"post_tag","embeddable":true,"href":"https:\/\/cbr.org.br\/es\/wp-json\/wp\/v2\/tags?post=832"}],"curies":[{"name":"wp","href":"https:\/\/api.w.org\/{rel}","templated":true}]}}